{"id":120042,"date":"2025-07-29T18:19:08","date_gmt":"2025-07-29T18:19:08","guid":{"rendered":"https:\/\/rdnews.al\/?p=120042"},"modified":"2025-07-29T18:19:08","modified_gmt":"2025-07-29T18:19:08","slug":"nje-foto-nga-mediat-prane-qeverise-si-alibi-se-rama-nuk-udheton-me-carter","status":"publish","type":"post","link":"https:\/\/rdnews.al\/index.php\/2025\/07\/29\/nje-foto-nga-mediat-prane-qeverise-si-alibi-se-rama-nuk-udheton-me-carter\/","title":{"rendered":"Nj\u00eb foto nga mediat pran\u00eb qeveris\u00eb si alibi se Rama nuk udh\u00ebton me \u00e7arter"},"content":{"rendered":"<p>N\u00eb mediat pran\u00eb qeveris\u00eb \u201crrodhi\u201d sot nj\u00eb foto e kryeministrit Rama i cili i shoq\u00ebruar nga bashk\u00ebshortja e tij, dukej qart\u00eb se ishte duke udh\u00ebtuar n\u00eb nj\u00eb avion t\u00eb zakonsh\u00ebm linje. Imazhi, i cili pretendohej se ishte kapur nga nj\u00eb bashk\u00ebudh\u00ebtare e atij fluturimi u shoq\u00ebrua me tituj komentues: \u2018Opozita insiston se kryeministri fluturon me charter, Rama fotografohet me familjen n\u00eb \u2018economy class\u2019\u201d.<\/p>\n<p>N\u00eb fakt, fotoja n\u00eb vet\u00ebvete ngjall disa dyshime. Duket sikur kryeministri q\u00eb gjendet n\u00eb ul\u00ebset e para t\u00eb avionit \u00ebsht\u00eb fiksuar n\u00eb celularin e nj\u00eb pasagjereje q\u00eb ndodhet tek dera e hyrjes. Mund\u00ebsin\u00eb q\u00eb fotografja anonime ta ket\u00eb fiksuar shefin e qeveris\u00eb jan\u00eb dy. Ose kur ka qen\u00eb duke hyr\u00eb, pa nisur flutirimi, ose kur \u00ebsht\u00eb \u00e7uar nga vendi, gjat\u00eb udh\u00ebtimit. Por n\u00ebse do ti besojm\u00eb variantit t\u00eb par\u00eb, i bie q\u00eb Rama dhe bashk\u00ebshortja t\u00eb ken\u00eb vdekur p\u00ebr gjum\u00eb (sepse ne foto duken qartazi duke pushuar) dhe mezi t\u00eb ken\u00eb pritur t\u00eb mbyllin syt\u00eb sapo ka nisur fluturimi.<\/p>\n<p>N\u00eb versionin e dyt\u00eb i bie q\u00eb fotografja amatore t\u00eb jet\u00eb ngritur enkas, t\u00eb jet\u00eb zhvendosur ski\u00e7 p\u00ebr nga dera p\u00ebr t\u00eb shkrepur celularin e pa v\u00ebn\u00eb re dhe e l\u00ebn\u00eb e pa shqet\u00ebsuar nga badigard\u00ebt q\u00eb shoq\u00ebrojn\u00eb \u00e7iftin kryeministror dhe gjenden gjithmon\u00eb pran\u00eb.<\/p>\n<p>Pra, m\u00eb shum\u00eb mund\u00ebsi ka q\u00eb fotoja t\u00eb jet\u00eb ndonj\u00eb \u201cmis en scene\u201d e parap\u00ebrgatitur, d\u00ebrguar p\u00ebr \u201cJeta osh qef\u201d nga ndonj\u00eb qytetar gjoja anonim.<\/p>\n<p>Por problemi nuk q\u00ebndron k\u00ebtu. Te ta marrim t\u00eb mirqen\u00eb se Edi Ram\u00ebs i paska rastisur nj\u00eb dit\u00eb q\u00eb mos i hyp\u00eb, \u2018Airbus A319-100\u2019, me emrin \u201cIsmail\u201d, dhurat\u00eb nga Erdogani, por t\u00eb ket\u00eb marr\u00eb avion linje.<\/p>\n<p>A e mbyll ajo polemik\u00ebn e hapur q\u00eb prej fundit t\u00eb vitit 2022? A i fashit ajo akuzat e ish zv\/kryeministrit Arben Ahmetaj q\u00eb thoshte se nj\u00eb or\u00eb fluturim e shefit t\u00eb qeveris\u00eb i kushton taksapaguesve jo m\u00eb pak se 15 mij\u00eb euro? A e b\u00ebn ajo t\u00eb harrohet shifr\u00ebn e mbi 22 milion\u00eb eurove t\u00eb shpenzuara n\u00eb aj\u00ebr midis viteve 2013-2022?<\/p>\n<p>Kur plasi polemika e udhtimeve t\u00eb luksit, pasi dol\u00ebn hakerimet e t\u00eb dh\u00ebnave t\u00eb TIMS nga iranian\u00ebt, t\u00eb cilat tregonin edhe llojin e mjetit me t\u00eb cilin kishte udh\u00ebtuar kryeministri, u faktua se ai kishte p\u00ebrdorur plot 137 her\u00eb avionin privat. N\u00eb vend q\u00eb t\u00eb jepte llogari dhe t\u00eb b\u00ebnte transparenc\u00eb, Rama u fut n\u00eb nj\u00eb spirale alibish q\u00eb ran\u00eb nj\u00ebra pas tjetr\u00ebs. Fillimisht ai mohoi shifrat, pastaj tha se kishte nj\u00eb kontat\u00eb promoicionale, vijoji m\u00eb tej duke th\u00ebn\u00eb se ai sh\u00ebrbente si mascot p\u00ebr promovimin e Air Albanias. Fillimisht nga nj\u00eb sall\u00eb n\u00eb Bulqiz\u00eb, ku dhjetra militant\u00eb duartrokisnin \u00e7do gj\u00eb q\u00eb ai nxirrte nga goja, Rama nga i akuzuar e ktheu n\u00eb sulm kund\u00ebr Berish\u00ebs: \u201cQ\u00eb ta dij\u00eb hiena q\u00eb \u00ebsht\u00eb non grata, se hiena kur b\u00ebhet non grata \u00ebsht\u00eb llahtar fare, apo hien\u00eb spiun, m\u00eb keq akoma. Pastaj jan\u00eb edhe ca hiena t\u00eb tjera q\u00eb kuisin n\u00eb ekrane e portale gjith\u00eb dit\u00ebn e nat\u00ebn, i b\u00ebjn\u00eb llogarit\u00eb me \u00e7arterat q\u00eb marrin vet\u00eb, por jan\u00eb gj\u00ebra q\u00eb sidoqoft\u00eb do t\u00eb sqarohen t\u00eb gjitha. N\u00eb fund triumfon e v\u00ebrteta, por do hash dynjan\u00eb, se e ke rrug\u00ebn mbushur me hiena\u201d, tha at\u00ebhere ai.<\/p>\n<p>Ai e vazhdoi p\u00ebr disa dit\u00eb k\u00ebt\u00eb taktik\u00eb mbrojt\u00ebse duke shkruar edhe n\u00eb rrjetet e veta sociale: \u201cSi t\u00eb mos ndjesh neveri p\u00ebr rublaxhinjt\u00eb e opozit\u00ebs dhe gjobaxhinjt\u00eb e ekraneve, p\u00ebrhap\u00ebs g\u00ebnjeshtrash e shpifjesh, katran\u00eb me boj\u00eb q\u00eb tallen me publikun!\u201d.<\/p>\n<p>Ai fillimisht tha se marr\u00ebveshja sh\u00ebrbente si model i promovimit dhe reklamimit t\u00eb linj\u00ebs ajrore me flamur shqiptar. Pastaj nxorri shifra qesharake p\u00ebr kostot e k\u00ebtyre udh\u00ebtimeve (faksimilja poshte).<\/p>\n<p><img loading=\"lazy\" decoding=\"async\" class=\"alignnone size-medium wp-image-1582822\" src=\"https:\/\/boldnews.al\/wp-content\/uploads\/2025\/07\/auto_avion-promocional1753801551-640x767.jpg\" sizes=\"auto, (max-width: 640px) 100vw, 640px\" srcset=\"https:\/\/boldnews.al\/wp-content\/uploads\/2025\/07\/auto_avion-promocional1753801551-640x767.jpg 640w, https:\/\/boldnews.al\/wp-content\/uploads\/2025\/07\/auto_avion-promocional1753801551-750x899.jpg 750w, https:\/\/boldnews.al\/wp-content\/uploads\/2025\/07\/auto_avion-promocional1753801551.jpg 900w\" alt=\"\" width=\"640\" height=\"767\" data-pin-no-hover=\"true\" \/><\/p>\n<p>Natyrisht, kush ka dy pare mend nuk mund ta haj\u00eb se nj\u00eb udh\u00ebtim me avion personal kushton 600 mij\u00eb lek\u00eb t\u00eb vjetra, askush nuk e besonte se ne paskemi nj\u00eb kryeminist\u00ebr super star q\u00eb sh\u00ebrbeka si maskot i kompanis\u00eb ajrore dhe fluturon me avion taksi p\u00ebr t\u2019i b\u00ebr\u00eb promocion asaj.<\/p>\n<p>Dhe q\u00eb t\u00eb gjitha k\u00ebto rezultuan fake kur mediat arrit\u00ebn t\u00eb sigurojn\u00eb kontrat\u00ebn e Drejtoris\u00eb s\u00eb Sh\u00ebrbimeve qeveritare me Air Albanian. Aty nuk kishte asnj\u00eb nen reklamimi n\u00eb k\u00ebmbim t\u00eb uljes s\u00eb kostove.<\/p>\n<p>P\u00ebr t\u00eb gjitha k\u00ebto arsye 35 deputet\u00eb t\u00eb opozit\u00ebs k\u00ebrkuan ne fillim te 2023-shit, ashtu sikurse ia k\u00ebrkonte ligji, ngritjen e nj\u00eb komisioni hetmimor p\u00ebr shpenzimet e avion\u00ebve privat\u00eb t\u00eb Edi Ram\u00ebs. Por mazhoranca e rrefuzoi m\u00eb kokfort\u00ebsi at\u00eb duke provokuar edhe sherr e flak\u00eb n\u00eb kuvend n\u00eb m\u00ebnyr\u00eb q\u00eb mos b\u00ebhej p\u00ebr asnj\u00eb cast transparenc\u00eb. M\u00eb n\u00eb fund, ajo ndryshoi edhe ligjin p\u00ebr komisionet hetimore duke e varrosur t\u00eb v\u00ebrtet\u00ebn e udh\u00ebtimeve t\u00eb luksit t\u00eb kryeministrit.<\/p>\n<p>Prandaj fotoja e sotme, e cila sipas mediave pro qeveritare hedh posht\u00eb propagand\u00ebn e opozit\u00ebs \u00ebsht\u00eb nj\u00eb vrim\u00eb n\u00eb uj\u00eb. Edhe n\u00ebse nuk \u00ebsht\u00eb e inskenuar, ajo prap nuk ka asnj\u00eb vler\u00eb pasi s\u2019tregon asgj\u00eb m\u00eb shum\u00eb se ndonj\u00ebher\u00eb edhe Ram\u00ebs mund ti rastis\u00eb t\u00eb udh\u00ebtoj\u00eb si gjith\u00eb shqiptar\u00ebt.\/<a href=\"https:\/\/lapsi.al\/2025\/07\/29\/fotoja-alibi-se-rama-nuk-udheton-me-carter\/\" target=\"_blank\" rel=\"noopener\">\u00a0Lapsi.al<\/a><\/p>\n","protected":false},"excerpt":{"rendered":"<p>N\u00eb mediat pran\u00eb qeveris\u00eb \u201crrodhi\u201d sot nj\u00eb foto e kryeministrit Rama i cili i shoq\u00ebruar nga bashk\u00ebshortja e tij, dukej qart\u00eb se ishte duke udh\u00ebtuar n\u00eb nj\u00eb avion t\u00eb zakonsh\u00ebm linje. Imazhi, i cili pretendohej se ishte kapur nga nj\u00eb bashk\u00ebudh\u00ebtare e atij fluturimi u shoq\u00ebrua me tituj komentues: \u2018Opozita insiston se kryeministri fluturon me &hellip;<\/p>\n","protected":false},"author":4,"featured_media":120043,"comment_status":"closed","ping_status":"closed","sticky":false,"template":"","format":"standard","meta":{"footnotes":""},"categories":[37],"tags":[],"class_list":["post-120042","post","type-post","status-publish","format-standard","has-post-thumbnail","","category-politike"],"_links":{"self":[{"href":"https:\/\/rdnews.al\/index.php\/wp-json\/wp\/v2\/posts\/120042","targetHints":{"allow":["GET"]}}],"collection":[{"href":"https:\/\/rdnews.al\/index.php\/wp-json\/wp\/v2\/posts"}],"about":[{"href":"https:\/\/rdnews.al\/index.php\/wp-json\/wp\/v2\/types\/post"}],"author":[{"embeddable":true,"href":"https:\/\/rdnews.al\/index.php\/wp-json\/wp\/v2\/users\/4"}],"replies":[{"embeddable":true,"href":"https:\/\/rdnews.al\/index.php\/wp-json\/wp\/v2\/comments?post=120042"}],"version-history":[{"count":1,"href":"https:\/\/rdnews.al\/index.php\/wp-json\/wp\/v2\/posts\/120042\/revisions"}],"predecessor-version":[{"id":120044,"href":"https:\/\/rdnews.al\/index.php\/wp-json\/wp\/v2\/posts\/120042\/revisions\/120044"}],"wp:featuredmedia":[{"embeddable":true,"href":"https:\/\/rdnews.al\/index.php\/wp-json\/wp\/v2\/media\/120043"}],"wp:attachment":[{"href":"https:\/\/rdnews.al\/index.php\/wp-json\/wp\/v2\/media?parent=120042"}],"wp:term":[{"taxonomy":"category","embeddable":true,"href":"https:\/\/rdnews.al\/index.php\/wp-json\/wp\/v2\/categories?post=120042"},{"taxonomy":"post_tag","embeddable":true,"href":"https:\/\/rdnews.al\/index.php\/wp-json\/wp\/v2\/tags?post=120042"}],"curies":[{"name":"wp","href":"https:\/\/api.w.org\/{rel}","templated":true}]}}