{"id":120045,"date":"2025-07-29T18:23:26","date_gmt":"2025-07-29T18:23:26","guid":{"rendered":"https:\/\/rdnews.al\/?p=120045"},"modified":"2025-07-29T18:24:12","modified_gmt":"2025-07-29T18:24:12","slug":"zbulohen-institucionet-ku-punojne-terroristet-elektorale-qe-balluku-perdori-ne-farsen-e-11-majit","status":"publish","type":"post","link":"https:\/\/rdnews.al\/index.php\/2025\/07\/29\/zbulohen-institucionet-ku-punojne-terroristet-elektorale-qe-balluku-perdori-ne-farsen-e-11-majit\/","title":{"rendered":"Zbulohen institucionet ku punojn\u00eb \u201cterrorist\u00ebt&#8221; elektoral\u00eb t\u00eb Ballukut q\u00eb u p\u00ebrdor\u00ebn n\u00eb fars\u00ebn e 11 majit"},"content":{"rendered":"<div id=\"rekl-49\">Partia Demokratike ka denoncuar sot me fakte se, si punonj\u00ebs t\u00eb administrat\u00ebs n\u00eb Fier, jan\u00eb p\u00ebrdorur si \u2018terrorist\u00eb\u2019 elektoral\u00eb nga Belinda Balluku.<\/div>\n<div class=\"readmore-text-here\">\n<p>N\u00eb prag t\u00eb zgjedhjeve t\u00eb 2025-\u00ebs, sipas nj\u00eb dokumenti i brendsh\u00ebm t\u00eb publikuar sot nga kryetari i PD-s\u00eb, Sali Berisham, hedh drit\u00eb mbi nj\u00eb rrjet klientelist t\u00eb ngritur nga struktura t\u00eb Partis\u00eb Socialiste, n\u00ebn drejtimin e zv\/kryeministres Belinda Balluku.<\/p>\n<p>Pun\u00ebsimet n\u00eb administrat\u00eb rezultojn\u00eb t\u00eb jen\u00eb p\u00ebrdorur si mjet presioni dhe shp\u00ebrblimi n\u00eb funksion t\u00eb fushat\u00ebs elektorale, n\u00eb shkelje flagrante t\u00eb ligjit dhe etik\u00ebs publike.<\/p>\n<p>Dokumenti, i ndar\u00eb n\u00eb tabela p\u00ebrmban emra t\u00eb pun\u00ebsuarve, institucionet ku jan\u00eb sistemuar, kontekstin elektoral t\u00eb em\u00ebrimeve, si dhe kolona q\u00eb tregojn\u00eb n\u00ebse pun\u00ebsimi \u00ebsht\u00eb kryer dhe n\u00eb \u00e7far\u00eb rrethanash.<\/p>\n<p>Sipas t\u00eb dh\u00ebnave tg\u00eb dokumentit t\u00eb analizuar tregohet se si realisht ka ndodhur n\u00eb zgjedhjet e 11 majit: administrata publike \u00ebsht\u00eb kthyer n\u00eb mjet p\u00ebr t\u00eb shp\u00ebrblyer mb\u00ebshtet\u00ebsit e PS-s\u00eb dhe p\u00ebr t\u00eb manipuluar procesin zgjedhor.<\/p>\n<p>N\u00eb qend\u00ebr t\u00eb skem\u00ebs shfaqet nj\u00eb rrjet pun\u00ebsimesh q\u00eb p\u00ebrfshin institucione shtet\u00ebrore si:<\/p>\n<p><em>Bashkia e Fierit.<\/em><\/p>\n<p><em>Institucionet n\u00eb var\u00ebsi t\u00eb bashkis\u00eb s\u00eb Fierit.<\/em><\/p>\n<p><em>OSHEE (Operatori i Shp\u00ebrndarjes s\u00eb Energjis\u00eb Elektrike)<\/em><\/p>\n<p><em>Spitale dhe qendra sh\u00ebndet\u00ebsore<\/em><\/p>\n<p><em>Albpetrol<\/em><\/p>\n<p><em>Shkolla dhe institucione arsimore publike, si kop\u00ebshte dhe qerdhe<\/em><\/p>\n<p><em>Burgu i Fierit dhe t\u00eb tjera institucione shtet\u00ebrore n\u00eb k\u00ebt\u00eb qark.<\/em><\/p>\n<div class=\"fotogaleri\">\n<div class=\"bx-wrapper\">\n<div class=\"bx-viewport\">\n<ul class=\"read-slider\">\n<li><a href=\"https:\/\/www.syri.net\/fotogaleria\/808426\/foto-zbulohen-institucionet-ku-punojne-terroristet-elektorale-te-ballukut-qe-u-perdoren-ne-farsen-e-11-majit\/\" target=\"_blank\" rel=\"noopener\"><img decoding=\"async\" src=\"https:\/\/www.syri.net\/uploads\/syri.net\/images\/2025\/July\/29\/auto_d87c8f68-93c8-4d6d-ac81-3c87cf4123ef1753809480.jpg\" \/><i class=\"fa fa-search-plus syri_zoom\" aria-hidden=\"true\"><\/i><\/a><\/li>\n<\/ul>\n<\/div>\n<div class=\"bx-controls bx-has-pager bx-has-controls-direction\">\n<div class=\"bx-pager bx-default-pager\">1 \/ 11<\/div>\n<div class=\"bx-controls-direction\"><a class=\"bx-prev\" href=\"https:\/\/www.syri.net\/politike\/808426\/foto-zbulohen-institucionet-ku-punojne-terroristet-elektorale-te-ballukut-qe-u-perdoren-ne-farsen-e-11-majit\/\" target=\"_blank\" rel=\"noopener\">Prev<\/a><a class=\"bx-next\" href=\"https:\/\/www.syri.net\/politike\/808426\/foto-zbulohen-institucionet-ku-punojne-terroristet-elektorale-te-ballukut-qe-u-perdoren-ne-farsen-e-11-majit\/\" target=\"_blank\" rel=\"noopener\">Next<\/a><\/div>\n<\/div>\n<\/div>\n<\/div>\n<p>Pun\u00ebsimet n\u00eb lista jan\u00eb shoq\u00ebruar gjithmon\u00eb me sh\u00ebnime si: \u2018ka dh\u00ebn\u00eb kontribut n\u00eb fushat\u00eb\u2019, \u2018ka garantuar vota p\u00ebr PS\u2019, \u2018\u00ebsht\u00eb propozuar nga struktura e Ballukut\u2019, ose \u2018\u00ebsht\u00eb p\u00ebrfshir\u00eb n\u00eb organizimin e fushat\u00ebs\u2019.<\/p>\n<p>Belinda Balluku ka drejtuar strukturat e PS-s\u00eb n\u00eb Fier n\u00eb zgjedhjet e fundit.<\/p>\n<p>N\u00eb dokumentin e b\u00ebr\u00eb publik nga kryedemokrati Sali Berisha, p\u00ebrmenden raste ku em\u00ebrimet jan\u00eb b\u00ebr\u00eb \u2018me mb\u00ebshtetjen e zyr\u00ebs s\u00eb Ballukut\u2019 ose jan\u00eb aprovuar pas \u2018konfirmimit t\u00eb p\u00ebrfshirjes n\u00eb fushat\u00eb\u2019.<\/p>\n<p>Kjo sugjeron nj\u00eb kapje t\u00eb thell\u00eb t\u00eb administrat\u00ebs, ku em\u00ebrimet nuk b\u00ebhen m\u00eb nga institucionet p\u00ebrgjegj\u00ebse apo p\u00ebrmes konkurseve zyrtare, por p\u00ebrmes nd\u00ebrhyrjes politike t\u00eb drejtp\u00ebrdrejt\u00eb nga lart.<\/p>\n<p>Sipas dokumenteve t\u00eb b\u00ebra publike<\/p>\n<p>Nj\u00eb qytetare do t\u00eb pun\u00ebsohej n\u00eb OSHEE menj\u00ebher\u00eb pas fushat\u00ebs sepse dokumenti shkruan se \u2018ka qen\u00eb shum\u00eb aktive n\u00eb zon\u00ebn e saj dhe ka siguruar 2 familje votuese p\u00ebr PS\u2019.<\/p>\n<p>Nj\u00eb tjet\u00ebr \u00ebsht\u00eb do t\u00eb sistemohej n\u00eb administrat\u00ebn e bashkis\u00eb \u2018pas aktivizimit n\u00eb fushat\u00eb dhe pas d\u00ebrgimit t\u00eb list\u00ebs s\u00eb votuesve t\u00eb bindur\u2019.<\/p>\n<p>Nj\u00eb individ \u00ebsht\u00eb futur n\u00eb Uj\u00ebsjell\u00ebs, me sh\u00ebnimin: \u2018i besuar nga drejtuesit e zyr\u00ebs s\u00eb znj. Balluku, i ka mbajtur grupet zgjedhore\u2019.<\/p>\n<p>K\u00ebto jan\u00eb shembuj t\u00eb qart\u00eb t\u00eb shp\u00ebrdorimit t\u00eb hapur t\u00eb burimeve shtet\u00ebrore dhe t\u00eb kthimit t\u00eb administrat\u00ebs publike n\u00eb nj\u00eb mjet p\u00ebr q\u00ebllime elektorale, duke u kthyer n\u00eb nj\u00eb ushtri elektorale p\u00ebr Partin\u00eb Socialiste dhe Edi Ram\u00ebn.<\/p>\n<p>Pik\u00ebrisht k\u00ebt\u00eb thekson dhe raporti i Komisionit Europiane; Ndarjen e shtetit nga partia.<\/p>\n<\/div>\n","protected":false},"excerpt":{"rendered":"<p>Partia Demokratike ka denoncuar sot me fakte se, si punonj\u00ebs t\u00eb administrat\u00ebs n\u00eb Fier, jan\u00eb p\u00ebrdorur si \u2018terrorist\u00eb\u2019 elektoral\u00eb nga Belinda Balluku. N\u00eb prag t\u00eb zgjedhjeve t\u00eb 2025-\u00ebs, sipas nj\u00eb dokumenti i brendsh\u00ebm t\u00eb publikuar sot nga kryetari i PD-s\u00eb, Sali Berisham, hedh drit\u00eb mbi nj\u00eb rrjet klientelist t\u00eb ngritur nga struktura t\u00eb Partis\u00eb Socialiste, &hellip;<\/p>\n","protected":false},"author":4,"featured_media":118782,"comment_status":"closed","ping_status":"closed","sticky":false,"template":"","format":"standard","meta":{"footnotes":""},"categories":[37],"tags":[],"class_list":["post-120045","post","type-post","status-publish","format-standard","has-post-thumbnail","","category-politike"],"_links":{"self":[{"href":"https:\/\/rdnews.al\/index.php\/wp-json\/wp\/v2\/posts\/120045","targetHints":{"allow":["GET"]}}],"collection":[{"href":"https:\/\/rdnews.al\/index.php\/wp-json\/wp\/v2\/posts"}],"about":[{"href":"https:\/\/rdnews.al\/index.php\/wp-json\/wp\/v2\/types\/post"}],"author":[{"embeddable":true,"href":"https:\/\/rdnews.al\/index.php\/wp-json\/wp\/v2\/users\/4"}],"replies":[{"embeddable":true,"href":"https:\/\/rdnews.al\/index.php\/wp-json\/wp\/v2\/comments?post=120045"}],"version-history":[{"count":2,"href":"https:\/\/rdnews.al\/index.php\/wp-json\/wp\/v2\/posts\/120045\/revisions"}],"predecessor-version":[{"id":120047,"href":"https:\/\/rdnews.al\/index.php\/wp-json\/wp\/v2\/posts\/120045\/revisions\/120047"}],"wp:featuredmedia":[{"embeddable":true,"href":"https:\/\/rdnews.al\/index.php\/wp-json\/wp\/v2\/media\/118782"}],"wp:attachment":[{"href":"https:\/\/rdnews.al\/index.php\/wp-json\/wp\/v2\/media?parent=120045"}],"wp:term":[{"taxonomy":"category","embeddable":true,"href":"https:\/\/rdnews.al\/index.php\/wp-json\/wp\/v2\/categories?post=120045"},{"taxonomy":"post_tag","embeddable":true,"href":"https:\/\/rdnews.al\/index.php\/wp-json\/wp\/v2\/tags?post=120045"}],"curies":[{"name":"wp","href":"https:\/\/api.w.org\/{rel}","templated":true}]}}