{"id":120052,"date":"2025-07-29T20:37:22","date_gmt":"2025-07-29T20:37:22","guid":{"rendered":"https:\/\/rdnews.al\/?p=120052"},"modified":"2025-07-29T20:38:18","modified_gmt":"2025-07-29T20:38:18","slug":"trump-ajo-qe-po-ndodh-ne-gaza-eshte-e-tmerrshme-jane-femije-qe-po-vuajne-shba","status":"publish","type":"post","link":"https:\/\/rdnews.al\/index.php\/2025\/07\/29\/trump-ajo-qe-po-ndodh-ne-gaza-eshte-e-tmerrshme-jane-femije-qe-po-vuajne-shba\/","title":{"rendered":"Trump: Ajo q\u00eb po ndodh n\u00eb Gaza \u00ebsht\u00eb e tmerrshme, jan\u00eb f\u00ebmij\u00eb q\u00eb po vuajn\u00eb, SHBA&#8230;"},"content":{"rendered":"<p>Presidenti i SHBA-s\u00eb, Donald Trump, tha t\u00eb mart\u00ebn se ai dhe Zonja e Par\u00eb Melania Trump jan\u00eb prekur thell\u00ebsisht nga imazhet e uris\u00eb dhe t\u00eb uris\u00eb q\u00eb vijn\u00eb nga Gaza.<\/p>\n<p>\u201cAjo mendon se \u00ebsht\u00eb e tmerrshme\u201d, tha Trump p\u00ebr zonj\u00ebn e par\u00eb. \u201cDhe ajo sheh t\u00eb nj\u00ebjtat fotografi q\u00eb shihni ju, q\u00eb shohim t\u00eb gjith\u00eb ne. Dhe mendoj se t\u00eb gjith\u00eb, p\u00ebrve\u00e7 n\u00ebse jan\u00eb shum\u00eb zem\u00ebrftoht\u00eb \u2013 ose m\u00eb keq se kaq, t\u00eb \u00e7mendur \u2013 nuk ka asgj\u00eb q\u00eb mund t\u00eb thuash p\u00ebrve\u00e7se \u00ebsht\u00eb e tmerrshme kur sheh f\u00ebmij\u00ebt.\u201d<\/p>\n<p>\u201cDhe ata jan\u00eb f\u00ebmij\u00eb, e dini, pavar\u00ebsisht n\u00ebse flasin p\u00ebr urin\u00eb apo jo, ata jan\u00eb f\u00ebmij\u00eb q\u00eb vuajn\u00eb nga uria\u201d, u tha ai gazetar\u00ebve n\u00eb bordin e Air Force One nd\u00ebrsa udh\u00ebtonte nga Skocia p\u00ebr n\u00eb Uashington, DC.<\/p>\n<p>Komentet e Trump vijn\u00eb vet\u00ebm nj\u00eb dit\u00eb pasi ai njoftoi planet q\u00eb Shtetet e Bashkuara t\u00eb krijojn\u00eb \u201cqendra ushqimore\u201d n\u00eb Gaza dhe pasi kund\u00ebrshtoi publikisht pretendimin e kryeministrit izraelit Benjamin Netanyahu se nuk ka uri n\u00eb enklav\u00eb.<\/p>\n<p>\u201cAta f\u00ebmij\u00eb duken shum\u00eb t\u00eb uritur\u201d, tha Trump t\u00eb mart\u00ebn.<\/p>\n","protected":false},"excerpt":{"rendered":"<p>Presidenti i SHBA-s\u00eb, Donald Trump, tha t\u00eb mart\u00ebn se ai dhe Zonja e Par\u00eb Melania Trump jan\u00eb prekur thell\u00ebsisht nga imazhet e uris\u00eb dhe t\u00eb uris\u00eb q\u00eb vijn\u00eb nga Gaza. \u201cAjo mendon se \u00ebsht\u00eb e tmerrshme\u201d, tha Trump p\u00ebr zonj\u00ebn e par\u00eb. \u201cDhe ajo sheh t\u00eb nj\u00ebjtat fotografi q\u00eb shihni ju, q\u00eb shohim t\u00eb gjith\u00eb &hellip;<\/p>\n","protected":false},"author":3,"featured_media":120053,"comment_status":"closed","ping_status":"closed","sticky":false,"template":"","format":"standard","meta":{"footnotes":""},"categories":[38],"tags":[],"class_list":["post-120052","post","type-post","status-publish","format-standard","has-post-thumbnail","","category-bota"],"_links":{"self":[{"href":"https:\/\/rdnews.al\/index.php\/wp-json\/wp\/v2\/posts\/120052","targetHints":{"allow":["GET"]}}],"collection":[{"href":"https:\/\/rdnews.al\/index.php\/wp-json\/wp\/v2\/posts"}],"about":[{"href":"https:\/\/rdnews.al\/index.php\/wp-json\/wp\/v2\/types\/post"}],"author":[{"embeddable":true,"href":"https:\/\/rdnews.al\/index.php\/wp-json\/wp\/v2\/users\/3"}],"replies":[{"embeddable":true,"href":"https:\/\/rdnews.al\/index.php\/wp-json\/wp\/v2\/comments?post=120052"}],"version-history":[{"count":3,"href":"https:\/\/rdnews.al\/index.php\/wp-json\/wp\/v2\/posts\/120052\/revisions"}],"predecessor-version":[{"id":120056,"href":"https:\/\/rdnews.al\/index.php\/wp-json\/wp\/v2\/posts\/120052\/revisions\/120056"}],"wp:featuredmedia":[{"embeddable":true,"href":"https:\/\/rdnews.al\/index.php\/wp-json\/wp\/v2\/media\/120053"}],"wp:attachment":[{"href":"https:\/\/rdnews.al\/index.php\/wp-json\/wp\/v2\/media?parent=120052"}],"wp:term":[{"taxonomy":"category","embeddable":true,"href":"https:\/\/rdnews.al\/index.php\/wp-json\/wp\/v2\/categories?post=120052"},{"taxonomy":"post_tag","embeddable":true,"href":"https:\/\/rdnews.al\/index.php\/wp-json\/wp\/v2\/tags?post=120052"}],"curies":[{"name":"wp","href":"https:\/\/api.w.org\/{rel}","templated":true}]}}