{"id":120059,"date":"2025-07-29T20:53:24","date_gmt":"2025-07-29T20:53:24","guid":{"rendered":"https:\/\/rdnews.al\/?p=120059"},"modified":"2025-07-29T20:53:24","modified_gmt":"2025-07-29T20:53:24","slug":"cekia-ndalon-propaganden-komuniste-me-ligj","status":"publish","type":"post","link":"https:\/\/rdnews.al\/index.php\/2025\/07\/29\/cekia-ndalon-propaganden-komuniste-me-ligj\/","title":{"rendered":"\u00c7ekia ndalon propagand\u00ebn komuniste me ligj"},"content":{"rendered":"<p>P\u00ebr armiqt\u00eb e betuar\u00a0t\u00eb komunizmit n\u00eb\u00a0<a href=\"https:\/\/www.dw.com\/sq\/%C3%A7ekia\/t-67628505\" target=\"_blank\" rel=\"noopener\"><strong>Republik\u00ebn \u00c7eke<\/strong><\/a>, kjo sh\u00ebnon fundin e nj\u00eb rruge t\u00eb gjat\u00eb: m\u00eb shum\u00eb se 30 vjet pas &#8220;revolucionit t\u00eb kadifenjt\u00eb&#8221; demokratik t\u00eb n\u00ebntorit 1989, ata k\u00ebrkuan q\u00eb komunist\u00ebt t\u00eb barazoheshin me nacionalsocialist\u00ebt (nazist\u00ebt) dhe ideologji t\u00eb ngjashme autoritare, dhe si pasoj\u00eb t\u00eb ndaloheshin.<\/p>\n<p>K\u00ebshtu ndodhi: n\u00eb gjysm\u00ebn e dyt\u00eb t\u00eb korrikut, Presidenti Petr Pavel n\u00ebnshkroi nj\u00eb ndryshim n\u00eb Kodin Penal q\u00eb barazon qart\u00eb nacionalsocializmin dhe komunizmin n\u00eb Republik\u00ebn \u00c7eke. Me n\u00ebnshkrimin e Presidentit, procesi legjislativ p\u00ebrfundon. Ligji i ri do t\u00eb hyj\u00eb n\u00eb fuqi n\u00eb 1 janar 2026.<\/p>\n<p>Ndryshimi n\u00eb ligj u iniciua nga l\u00ebvizja qytetare &#8220;<a href=\"https:\/\/www.dw.com\/sq\/%C3%A7ekia-rrit-pensionet-p%C3%ABr-ish-disident%C3%ABt\/a-70853790\" target=\"_blank\" rel=\"noopener\"><strong>N\u00ebntori nuk ka mbaruar<\/strong><\/a>\u00a0ende&#8221;. Udh\u00ebheq\u00ebsi i saj \u00ebsht\u00eb Martin Mejstrik, nj\u00eb drejtues student\u00ebsh nga epoka e\u00a0<a href=\"https:\/\/www.dw.com\/sq\/nentor-1989-revolucioni-i-kadifenjte-ne-cekosllovaki-figura-kyce-vaclav-havel\/a-4900739\" target=\"_blank\" rel=\"noopener\"><strong>Revolucionit t\u00eb Kadifenjt\u00eb<\/strong><\/a>\u00a0dhe m\u00eb von\u00eb senator. Historian\u00ebt e Institutit \u00c7ek p\u00ebr Studimin e Regjimeve Totalitare (USTR) gjithashtu iu bashkuan iniciativ\u00ebs. N\u00eb pranver\u00ebn e k\u00ebtij viti, ai u miratua n\u00eb Dhom\u00ebn e Deputet\u00ebve dhe n\u00eb Senat nga nj\u00eb grup deputet\u00ebsh dhe politikan\u00ebsh t\u00eb koalicionit qeveritar proevropian t\u00eb kryeministrit Petr Fiala.<\/p>\n<p>&#8220;Kushdo q\u00eb themelon, mb\u00ebshtet ose p\u00ebrhap nj\u00eb l\u00ebvizje nacionalsocialiste, komuniste ose l\u00ebvizje tjet\u00ebr q\u00eb ka si objektiv t\u00eb provuar shtypjen e t\u00eb drejtave dhe lirive t\u00eb njeriut ose q\u00eb p\u00ebrhap armiq\u00ebsi racore, etnike, komb\u00ebtare, fetare ose klasore ose armiq\u00ebsi ndaj nj\u00eb grupi tjet\u00ebr njer\u00ebzish, do t\u00eb d\u00ebnohet me burgim nga nj\u00eb deri n\u00eb pes\u00eb vjet&#8221;, shkruhet n\u00eb tekstin e ri t\u00eb Nenit 403 t\u00eb Kodit Penal \u00c7ek.<\/p>\n<p><strong>Mbrojtja e sundimit demokratik t\u00eb ligjit<\/strong><\/p>\n<p>&#8220;Q\u00ebllimi i projektligjit ishte t\u00eb eliminonte dallimin duksh\u00ebm t\u00eb padrejt\u00eb midis dy ideologjive totalitare kriminale t\u00eb shekullit t\u00eb 20-t\u00eb&#8221;, deklaroi Kamil Nedvedicky, z\u00ebvend\u00ebsdrejtor i par\u00eb i USTR, n\u00eb fund t\u00eb majit, pasi ligji u miratua nga Dhoma e Deputet\u00ebve. &#8220;T\u00eb dyja &#8211; nacionalsocializmi dhe komunizmi &#8211; kan\u00eb nj\u00eb q\u00ebllim t\u00eb provuar p\u00ebr t\u00eb shtypur t\u00eb drejtat dhe lirit\u00eb themelore, dhe \u00ebsht\u00eb logjike dhe e drejt\u00eb q\u00eb ligji penal \u00e7ek ta pasqyroj\u00eb qart\u00eb k\u00ebt\u00eb&#8221;, shtoi Nedvedicky. &#8220;Kjo nuk ka t\u00eb b\u00ebj\u00eb me ideologjin\u00eb, por me mbrojtjen e sundimit demokratik t\u00eb ligjit.&#8221;<\/p>\n<p>N\u00eb m\u00ebnyr\u00eb paradoksale, Republika \u00c7eke, me dhjet\u00eb milion\u00eb banor\u00ebt e saj, \u00ebsht\u00eb sot nj\u00eb nga vendet e pakta n\u00eb Bashkimin Evropian ku nj\u00eb parti komuniste, Partia Komuniste e Bohemis\u00eb dhe Moravis\u00eb (KSCM), ka vepruar me sukses p\u00ebr m\u00eb shum\u00eb se tre dekada. Deri n\u00eb zgjedhjet e fundit parlamentare, t\u00eb mbajtura pothuajse kat\u00ebr vjet m\u00eb par\u00eb, KSCM jo vet\u00ebm q\u00eb kishte deputet\u00eb n\u00eb Parlament, por mbante edhe disa pozicione z\u00ebvend\u00ebspresident\u00ebsh n\u00eb Asamblen\u00eb Komb\u00ebtare.<\/p>\n<p><strong>Babis: &#8220;P\u00ebr mua, ata nuk jan\u00eb komunist\u00eb&#8221;<\/strong><\/p>\n<p>Partia pasardh\u00ebse e Partis\u00eb Komuniste Marksiste-Leniniste t\u00eb \u00c7ekosllovakis\u00eb (KSC), e cila e sundoi vendin n\u00eb m\u00ebnyr\u00eb diktatoriale deri n\u00eb vitin 1989, ende ka disa dhjet\u00ebra mij\u00ebra an\u00ebtar\u00eb dhe \u00ebsht\u00eb futur si forca kryesore n\u00eb koalicionin zgjedhor &#8220;Stacilo!&#8221; (Mjaft!) pas zgjedhjeve evropiane t\u00eb vitit 2024, n\u00eb Parlamentin Evropian. Aktualisht, shumica e sondazheve tregojn\u00eb se &#8220;Stacilo!&#8221; do t\u00eb kaloj\u00eb pragun prej 5% n\u00eb zgjedhjet e planifikuara p\u00ebr tetor 2025.<\/p>\n<p>Dhe ndoshta jo vet\u00ebm kaq. Favoriti n\u00eb zgjedhjet parlamentare \u00e7eke n\u00eb tetor, kryetari i l\u00ebvizjes populiste ANO, ish-kryeministri dhe oligarku Andrej Babis, nuk e ka p\u00ebrjashtuar formimin e nj\u00eb qeverie t\u00eb re me Stacilo-n! &#8220;P\u00ebr mua, ata nuk jan\u00eb komunist\u00eb&#8221;, tha Babisi n\u00eb nj\u00eb intervist\u00eb me faqen e lajmeve tn.cz. Kandidatja kryesore e koalicionit zgjedhor \u00ebsht\u00eb kryetarja e PK dhe eurodeputetja Katerina Konecna.<\/p>\n<p><strong>P\u00ebrpjekje p\u00ebr t\u00eb heshtur opozit\u00ebn?<\/strong><\/p>\n<p>N\u00eb fakt, ligji i ri mund t\u00eb \u00e7oj\u00eb n\u00eb ndalimin e vet\u00eb KSCM-s\u00eb, si\u00e7 ndodhi me Partin\u00eb e Pun\u00ebs \u00c7eke, e cila u ndalua dhe u shp\u00ebrb\u00eb n\u00eb vitin 2010 p\u00ebr ideologjin\u00eb e saj t\u00eb provuar nacionalsocialiste. Udh\u00ebheq\u00ebsja e KSCM-s\u00eb Katerina Konecna i tha DW se amendimi aktual i ligjit q\u00eb u zbatua n\u00eb at\u00eb koh\u00eb \u00ebsht\u00eb nj\u00eb sulm politik nga koalicioni qeveris\u00ebs kund\u00ebr partis\u00eb s\u00eb saj.<\/p>\n<p>&nbsp;<\/p>\n","protected":false},"excerpt":{"rendered":"<p>P\u00ebr armiqt\u00eb e betuar\u00a0t\u00eb komunizmit n\u00eb\u00a0Republik\u00ebn \u00c7eke, kjo sh\u00ebnon fundin e nj\u00eb rruge t\u00eb gjat\u00eb: m\u00eb shum\u00eb se 30 vjet pas &#8220;revolucionit t\u00eb kadifenjt\u00eb&#8221; demokratik t\u00eb n\u00ebntorit 1989, ata k\u00ebrkuan q\u00eb komunist\u00ebt t\u00eb barazoheshin me nacionalsocialist\u00ebt (nazist\u00ebt) dhe ideologji t\u00eb ngjashme autoritare, dhe si pasoj\u00eb t\u00eb ndaloheshin. K\u00ebshtu ndodhi: n\u00eb gjysm\u00ebn e dyt\u00eb t\u00eb korrikut, &hellip;<\/p>\n","protected":false},"author":3,"featured_media":120060,"comment_status":"closed","ping_status":"closed","sticky":false,"template":"","format":"standard","meta":{"footnotes":""},"categories":[38],"tags":[],"class_list":["post-120059","post","type-post","status-publish","format-standard","has-post-thumbnail","","category-bota"],"_links":{"self":[{"href":"https:\/\/rdnews.al\/index.php\/wp-json\/wp\/v2\/posts\/120059","targetHints":{"allow":["GET"]}}],"collection":[{"href":"https:\/\/rdnews.al\/index.php\/wp-json\/wp\/v2\/posts"}],"about":[{"href":"https:\/\/rdnews.al\/index.php\/wp-json\/wp\/v2\/types\/post"}],"author":[{"embeddable":true,"href":"https:\/\/rdnews.al\/index.php\/wp-json\/wp\/v2\/users\/3"}],"replies":[{"embeddable":true,"href":"https:\/\/rdnews.al\/index.php\/wp-json\/wp\/v2\/comments?post=120059"}],"version-history":[{"count":1,"href":"https:\/\/rdnews.al\/index.php\/wp-json\/wp\/v2\/posts\/120059\/revisions"}],"predecessor-version":[{"id":120061,"href":"https:\/\/rdnews.al\/index.php\/wp-json\/wp\/v2\/posts\/120059\/revisions\/120061"}],"wp:featuredmedia":[{"embeddable":true,"href":"https:\/\/rdnews.al\/index.php\/wp-json\/wp\/v2\/media\/120060"}],"wp:attachment":[{"href":"https:\/\/rdnews.al\/index.php\/wp-json\/wp\/v2\/media?parent=120059"}],"wp:term":[{"taxonomy":"category","embeddable":true,"href":"https:\/\/rdnews.al\/index.php\/wp-json\/wp\/v2\/categories?post=120059"},{"taxonomy":"post_tag","embeddable":true,"href":"https:\/\/rdnews.al\/index.php\/wp-json\/wp\/v2\/tags?post=120059"}],"curies":[{"name":"wp","href":"https:\/\/api.w.org\/{rel}","templated":true}]}}