{"id":120086,"date":"2025-07-30T10:38:01","date_gmt":"2025-07-30T10:38:01","guid":{"rendered":"https:\/\/rdnews.al\/?p=120086"},"modified":"2025-07-30T10:41:04","modified_gmt":"2025-07-30T10:41:04","slug":"jo-skena-por-dosjet-hetimore-jane-vendi-ku-beci-duhet-te-jape-llogari","status":"publish","type":"post","link":"https:\/\/rdnews.al\/index.php\/2025\/07\/30\/jo-skena-por-dosjet-hetimore-jane-vendi-ku-beci-duhet-te-jape-llogari\/","title":{"rendered":"Jo skena, por dosjet hetimore jan\u00eb vendi ku Beci duhet t\u00eb jap\u00eb llogari!"},"content":{"rendered":"<p><strong>Nga Denisa VATA<\/strong><\/p>\n<p>Benet Beci, i vet\u00ebshpallur kritik arti, e mat talentin me met\u00ebr partie dhe e shkarkon me firm\u00eb korrupsioni.<\/p>\n<p>Jo skena, por dosjet hetimore jan\u00eb vendi ku Beci duhet t\u00eb jap\u00eb llogari dhe sa m\u00eb shpejt, aq m\u00eb mir\u00eb p\u00ebr artin.<\/p>\n<p>Shkarkimi i aktor\u00ebve me kontribute konkrete n\u00eb Teatrin \u201cMigjeni\u201d, n\u00ebn justifikimin absurd \u201cmunges\u00eb kontributi\u201d, \u00ebsht\u00eb nj\u00eb sulm i drejtp\u00ebrdrejt\u00eb ndaj liris\u00eb krijuese, ndaj meritokracis\u00eb dhe, mbi t\u00eb gjitha, ndaj dinjitetit t\u00eb artistit shqiptar.<\/p>\n<p>Nj\u00eb aktor nuk matet me grafikun e roleve n\u00eb nj\u00eb tabel\u00eb Excel. Ai matet me emocionin q\u00eb l\u00eb pas n\u00eb \u00e7do rresht t\u00eb sken\u00ebs, me fjal\u00ebn q\u00eb e b\u00ebn publiku t\u00eb hesht\u00eb, me sakrificat q\u00eb nuk i njeh askush, me rolet q\u00eb mbart n\u00eb trup dhe shpirt edhe kur rroga vonon, edhe kur dritat e sall\u00ebs fiken nga harresa.<\/p>\n<p>E kush ka t\u00eb drejt\u00eb t\u2019i thot\u00eb nj\u00eb aktori: \u201cS\u2019ke kontribut\u201d?<\/p>\n<p>Kush vendos se kur mbaron vlera e nj\u00eb artisti?<\/p>\n<p>Teatri nuk \u00ebsht\u00eb zyr\u00eb inventari.<\/p>\n<p>Teatri \u00ebsht\u00eb frym\u00eb, p\u00ebrkushtim, rr\u00ebnj\u00eb.<\/p>\n<p>Dhe p\u00ebr shum\u00eb prej k\u00ebtyre aktor\u00ebve, \u00ebsht\u00eb sht\u00ebpia e vetme q\u00eb kan\u00eb pasur ndonj\u00ebher\u00eb.<\/p>\n<p>Ndaj jo, nuk mund t\u00eb pranojm\u00eb q\u00eb vendimet p\u00ebr artin t\u00eb merren nga njer\u00ebz q\u00eb nuk e njohin, nuk e ndjejn\u00eb dhe nuk e kan\u00eb jetuar kurr\u00eb artin.<\/p>\n<p>Nuk mund t\u00eb pranojm\u00eb q\u00eb talenti t\u00eb gjykohet me met\u00ebr administrativ.<\/p>\n<p>Sepse nuk \u00ebsht\u00eb aktori q\u00eb po largohet nga skena.<\/p>\n<p>\u00cbsht\u00eb dinjiteti yn\u00eb q\u00eb po zbret nga piedestali.<\/p>\n<p><img loading=\"lazy\" decoding=\"async\" class=\"alignnone size-medium wp-image-120087\" src=\"https:\/\/rdnews.al\/wp-content\/uploads\/2025\/07\/beci-300x173.jpg\" alt=\"\" width=\"300\" height=\"173\" srcset=\"https:\/\/rdnews.al\/wp-content\/uploads\/2025\/07\/beci-300x173.jpg 300w, https:\/\/rdnews.al\/wp-content\/uploads\/2025\/07\/beci.jpg 640w\" sizes=\"auto, (max-width: 300px) 100vw, 300px\" \/><\/p>\n","protected":false},"excerpt":{"rendered":"<p>Nga Denisa VATA Benet Beci, i vet\u00ebshpallur kritik arti, e mat talentin me met\u00ebr partie dhe e shkarkon me firm\u00eb korrupsioni. Jo skena, por dosjet hetimore jan\u00eb vendi ku Beci duhet t\u00eb jap\u00eb llogari dhe sa m\u00eb shpejt, aq m\u00eb mir\u00eb p\u00ebr artin. Shkarkimi i aktor\u00ebve me kontribute konkrete n\u00eb Teatrin \u201cMigjeni\u201d, n\u00ebn justifikimin absurd &hellip;<\/p>\n","protected":false},"author":4,"featured_media":17414,"comment_status":"closed","ping_status":"closed","sticky":false,"template":"","format":"standard","meta":{"footnotes":""},"categories":[37],"tags":[],"class_list":["post-120086","post","type-post","status-publish","format-standard","has-post-thumbnail","","category-politike"],"_links":{"self":[{"href":"https:\/\/rdnews.al\/index.php\/wp-json\/wp\/v2\/posts\/120086","targetHints":{"allow":["GET"]}}],"collection":[{"href":"https:\/\/rdnews.al\/index.php\/wp-json\/wp\/v2\/posts"}],"about":[{"href":"https:\/\/rdnews.al\/index.php\/wp-json\/wp\/v2\/types\/post"}],"author":[{"embeddable":true,"href":"https:\/\/rdnews.al\/index.php\/wp-json\/wp\/v2\/users\/4"}],"replies":[{"embeddable":true,"href":"https:\/\/rdnews.al\/index.php\/wp-json\/wp\/v2\/comments?post=120086"}],"version-history":[{"count":2,"href":"https:\/\/rdnews.al\/index.php\/wp-json\/wp\/v2\/posts\/120086\/revisions"}],"predecessor-version":[{"id":120090,"href":"https:\/\/rdnews.al\/index.php\/wp-json\/wp\/v2\/posts\/120086\/revisions\/120090"}],"wp:featuredmedia":[{"embeddable":true,"href":"https:\/\/rdnews.al\/index.php\/wp-json\/wp\/v2\/media\/17414"}],"wp:attachment":[{"href":"https:\/\/rdnews.al\/index.php\/wp-json\/wp\/v2\/media?parent=120086"}],"wp:term":[{"taxonomy":"category","embeddable":true,"href":"https:\/\/rdnews.al\/index.php\/wp-json\/wp\/v2\/categories?post=120086"},{"taxonomy":"post_tag","embeddable":true,"href":"https:\/\/rdnews.al\/index.php\/wp-json\/wp\/v2\/tags?post=120086"}],"curies":[{"name":"wp","href":"https:\/\/api.w.org\/{rel}","templated":true}]}}