{"id":120092,"date":"2025-07-30T11:01:25","date_gmt":"2025-07-30T11:01:25","guid":{"rendered":"https:\/\/rdnews.al\/?p=120092"},"modified":"2025-07-30T11:01:25","modified_gmt":"2025-07-30T11:01:25","slug":"diktatura-ska-brire-alolli-kryebashkiaku-filo-loder-e-kryeministrit-rama","status":"publish","type":"post","link":"https:\/\/rdnews.al\/index.php\/2025\/07\/30\/diktatura-ska-brire-alolli-kryebashkiaku-filo-loder-e-kryeministrit-rama\/","title":{"rendered":"Diktatura s\u2019ka \u201cbrir\u00eb\u201d, Alolli: Kryebashkiaku Filo lod\u00ebr e kryeministrit Rama!"},"content":{"rendered":"<p>Deputetja e zgjedhur e PD, Ledina Alolli ka reaguar ashp\u00ebr ndaj aksionit arbitrar, si\u00e7 ajo e cil\u00ebson, t\u00eb fushat\u00ebs s\u00eb ashtuquajtur \u2018\u00e7lirim i hap\u00ebsirave publike\u2019 n\u00eb qytetin e Kor\u00e7\u00ebs.<\/p>\n<p>N\u00eb nj\u00eb deklarat\u00eb p\u00ebr mediat, Alolli tha se, ka qen\u00eb pik\u00ebrisht vet\u00eb kryebashkiaku Sotiraq Filo q\u00eb deri para zgjedhjeve t\u00eb 11 majit ka miratuar\u059b \u00e7do k\u00ebrkes\u00eb p\u00ebr shfryt\u00ebzim t\u00eb hap\u00ebsirave publike nga bizneset me nj\u00eb kosto prej 10 lek\u00eb\/m2 n\u00eb dit\u00eb p\u00ebr muajt Janar, Shkurt, Mars, Prill, Tetor, N\u00ebntor dhe Dhjetor dhe me nj\u00eb kosto prej 19 lek\u00ebsh\/m\u00eb p\u00ebr dit\u00eb n\u00eb muajt Maj, Qershor, Korrik, Gusht dhe Shtator.<\/p>\n<p><strong>Deklarata e deputetes s\u00eb PD, Ledina Alolli<\/strong><\/p>\n<p>T\u00eb nderuar qytetar\u00eb dhe qytetare,<\/p>\n<p>Sot jam k\u00ebtu para jush p\u00ebr t\u00eb d\u00ebnuar me forc\u00ebn m\u00eb t\u00eb madhe veprimet arbitrare t\u00eb qeveris\u00eb Rama,\u00a0 q\u00eb godasin drejtp\u00ebrdrejt ekonomin\u00eb dhe zhvillimin e biznesit kor\u00e7ar. Me urdh\u00ebr personal t\u00eb Edi Ram\u00ebs ka nisur pa paralajm\u00ebrim, pa dialog dhe pa asnj\u00eb analiz\u00eb t\u00eb mir\u00ebfillt\u00eb ekonomike apo urbane fushata e ashtuquajtur e &#8220;\u00e7lirimit t\u00eb hap\u00ebsirave publike&#8221;. N\u00eb Kor\u00e7\u00eb, dhjet\u00ebra biznese t\u00eb vogla e t\u00eb mesme, q\u00eb p\u00ebr vite t\u00eb t\u00ebra kan\u00eb operuar n\u00eb p\u00ebrputhje me ligjin, kan\u00eb paguar taksat dhe kan\u00eb marr\u00eb lejet nga vet\u00eb Bashkia, po p\u00ebrballen sot me ultimatumin p\u00ebr t\u00eb liruar hap\u00ebsirat brenda disa dit\u00ebve, ndryshe fadromat do t\u00eb shembin bizneset dhe investimet e tyre.<\/p>\n<p>Ka qen\u00eb pik\u00ebrisht vet\u00eb kryebashkiaku Sotiraq Filo q\u00eb deri para zgjedhjeve t\u00eb 11 majit ka miratuar\u059b \u00e7do k\u00ebrkes\u00eb p\u00ebr shfryt\u00ebzim t\u00eb hap\u00ebsirave publike nga bizneset me nj\u00eb kosto prej 10 lek\u00eb\/m2 n\u00eb dit\u00eb p\u00ebr muajt Janar, Shkurt, Mars, Prill, Tetor, N\u00ebntor dhe Dhjetor dhe me nj\u00eb kosto prej 19 lek\u00ebsh\/m\u00eb p\u00ebr dit\u00eb n\u00eb muajt Maj, Qershor, Korrik, Gusht dhe Shtator.<\/p>\n<p>Nd\u00ebrkoh\u00eb duke harruar se \u00e7far\u00eb ka firmosur dhe se \u00ebsht\u00eb zgjedhur nga qytetar\u00ebt, ku detyra e tij \u00ebsht\u00eb mbrojtja e interesit t\u00eb tyre, kryebashkiaku Filo ka zgjedhur t\u00eb kthehet n\u00eb lodr\u00ebn e kryeministrit Rama. M\u00eb dat\u00ebn 28 korrik kryebashkiaku u ka d\u00ebrguar bizneseve shkres\u00ebn ku njoftohen p\u00ebr pezullimin e lej\u00ebs p\u00ebr shfryt\u00ebzimin e hap\u00ebsirave publike, me arsyen e vetme q\u00eb \u00ebsht\u00eb urdh\u00ebruar nga Edi Rama.<\/p>\n<p>Ky vendim duhet patjet\u00ebr t\u00eb shoq\u00ebrohej me nj\u00eb plan t\u00eb qart\u00eb dhe efikas p\u00ebr vijim\u00ebsin\u00eb e pun\u00ebs s\u00eb bizneseve t\u00eb prekura. Duhej t\u00eb gjendej patjet\u00ebr nj\u00eb zgjidhje alternative q\u00eb do t\u2019iu lejonte bizneseve t\u00eb vazhdonin pun\u00ebn e tyre, duke shfryt\u00ebzuar hap\u00ebsirat publike sipas nj\u00eb rregulli t\u00eb ri. Duhet t\u00eb ket\u00eb nj\u00eb garanci nga autoritetet q\u00eb t\u00eb gjitha bizneset do t\u00eb jen\u00eb t\u00eb barabarta n\u00eb k\u00ebt\u00eb situat\u00eb, edhe pse \u00ebsht\u00eb nj\u00eb situat\u00eb absurde. Ky vendim rrezikon t\u00eb kthehet n\u00eb nxit\u00ebs konfliktesh, n\u00ebse \u201cmiqt\u00eb e pushtetit\u201d do t\u00eb p\u00ebrjashtohen nga goditja e \u201cfadromave qeveritare\u201d.<\/p>\n<p>Ne jemi totalisht kund\u00ebr zaptimit t\u00eb hap\u00ebsirave publike n\u00eb kund\u00ebrshtim me ligjin dhe kush ka vepruar n\u00eb k\u00ebt\u00eb m\u00ebnyr\u00eb duhet t\u00eb mbaj\u00eb p\u00ebrgjegj\u00ebsi ligjore p\u00ebr veprimet e tij, por jemi n\u00eb mbrojtje t\u00eb \u00e7do biznesi q\u00eb duhet t\u00eb p\u00ebrballet me falimentin p\u00ebr shkak t\u00eb nj\u00eb \u00ebndrre t\u00eb keqe q\u00eb ka zgjuar kryeministrin nga gjumi. Kryebashkiaku Filo duhet t\u00eb ngrihet n\u00eb lart\u00ebsin\u00eb e detyr\u00ebs q\u00eb ka, teksa duhet t\u00eb mbaj\u00eb p\u00ebrgjegj\u00ebsi t\u00eb plot\u00eb p\u00ebr institucionin q\u00eb drejton, pasi edhe ata biznese q\u00eb kan\u00eb abuzuar me ligjin dhe kan\u00eb zaptuar hap\u00ebsirat publike e kan\u00eb b\u00ebr\u00eb n\u00eb \u201cdrit\u00eb t\u00eb diellit\u201d p\u00ebr shkak t\u00eb paaft\u00ebsis\u00eb apo \u201cverb\u00ebris\u00eb\u201d s\u00eb zyrtar\u00ebve.<\/p>\n<p>Lirimi i hap\u00ebsirave publike \u00ebsht\u00eb nj\u00eb pik\u00eb ky\u00e7e n\u00eb organizimin e qytetit, por duhet t\u00eb kryhet me nj\u00eb plan dhe objektiv t\u00eb qart\u00eb. Ky akt \u00ebsht\u00eb nj\u00eb k\u00ebrc\u00ebnim madhor p\u00ebr autonomin\u00eb e pushtetit vendor, por duksh\u00ebm kryebashkiak\u00ebt preferojn\u00eb t\u00eb sillen si t\u00eb em\u00ebruarit e Ram\u00ebs dhe jo si t\u00eb zgjedhurit e qytetar\u00ebve. Hap\u00ebsirat publike t\u00eb qytetit jan\u00eb k\u00ebrc\u00ebnuar prej vitesh dhe Bashkia e Kor\u00e7\u00ebs duhet t\u00eb kujtohet t\u00eb reagoj\u00eb p\u00ebr projektin e ri n\u00eb \u201cBulevardin Republika\u201d ku nj\u00eb vend historik i qytetit p\u00ebr disa koh\u00eb do t\u00eb z\u00ebvend\u00ebsohet nga nj\u00eb pallat 6 kat\u00ebsh.<\/p>\n<p>K\u00ebshilltar\u00ebt Bashkiak\u00eb duhet ti th\u00ebrrasin nd\u00ebrgjegjes dhe nga \u201crobot\u00eb karton\u00ebsh\u201d t\u00eb kthehen n\u00eb mbrojt\u00ebs t\u00eb t\u00eb drejtave t\u00eb qytetar\u00ebve. Standarti i dyfisht\u00eb \u00ebsht\u00eb b\u00ebr\u00eb udh\u00ebheq\u00ebs i vendimeve t\u00eb tyre, ku vet\u00ebm para disa dit\u00ebsh fal\u00ebn dhjet\u00ebra mij\u00ebra metra katror\u00eb pron\u00eb publike p\u00ebr projektin e rradh\u00ebs s\u00eb kullave tek \u201cStadiumi Sk\u00ebnderbeu\u201d, teksa sot \u201cngulin thikat n\u00eb zem\u00ebr\u201d p\u00ebr karriget e bizneseve n\u00eb trotuare.<\/p>\n<p>Diktatura nuk ka \u201cbrir\u00eb\u201d, jan\u00eb k\u00ebto treguesit m\u00eb t\u00eb qart\u00eb t\u00eb instalimit t\u00eb saj. Me kalimin e koh\u00ebs ky regjim do t\u00eb eg\u00ebrsohet edhe m\u00eb shum\u00eb. Sot po goditen disa biznese, nes\u00ebr me nj\u00eb tjet\u00ebr VKM do t\u00eb goditen disa biznese t\u00eb tjera. Diktatura nuk kursen asgj\u00eb, prandaj duhet t\u00eb reagojm\u00eb t\u00eb gjith\u00eb p\u00ebrpara se xhelat\u00ebt e saj \u201ct\u00eb trokasin n\u00eb dyert e t\u00eb gjith\u00ebve\u201d!<\/p>\n<p>Un\u00eb si deputete e zgjedhur e Parlamentit t\u00eb Shqip\u00ebris\u00eb dhe Partia Demokratike zotohemi se do t\u00eb jemi pran\u00eb \u00e7do qytetari t\u00eb cenuar padrejt\u00ebsisht n\u00eb biznesin e tyre. Do jemi krah qytetar\u00ebve deri n\u00eb fund n\u00eb k\u00ebt\u00eb betej\u00eb, dhe do t\u00eb b\u00ebjm\u00eb gjith\u00e7ka p\u00ebr t\u00eb mbrojtur interesin e tyre. I b\u00ebj thirrje t\u00eb gjith\u00eb bizneseve t\u00eb prekura nga ky akt i pap\u00ebrgjegjsh\u00ebm, t\u00eb b\u00ebhen bashk\u00eb dhe ta kund\u00ebrshtojn\u00eb n\u00eb \u00e7do form\u00eb k\u00ebt\u00eb vendim, teksa i sigurojm\u00eb se ne do t\u00eb jemi gjithmon\u00eb n\u00eb mb\u00ebshtetje t\u00eb tyre.<\/p>\n","protected":false},"excerpt":{"rendered":"<p>Deputetja e zgjedhur e PD, Ledina Alolli ka reaguar ashp\u00ebr ndaj aksionit arbitrar, si\u00e7 ajo e cil\u00ebson, t\u00eb fushat\u00ebs s\u00eb ashtuquajtur \u2018\u00e7lirim i hap\u00ebsirave publike\u2019 n\u00eb qytetin e Kor\u00e7\u00ebs. N\u00eb nj\u00eb deklarat\u00eb p\u00ebr mediat, Alolli tha se, ka qen\u00eb pik\u00ebrisht vet\u00eb kryebashkiaku Sotiraq Filo q\u00eb deri para zgjedhjeve t\u00eb 11 majit ka miratuar\u059b \u00e7do k\u00ebrkes\u00eb &hellip;<\/p>\n","protected":false},"author":4,"featured_media":120093,"comment_status":"closed","ping_status":"closed","sticky":false,"template":"","format":"standard","meta":{"footnotes":""},"categories":[37],"tags":[],"class_list":["post-120092","post","type-post","status-publish","format-standard","has-post-thumbnail","","category-politike"],"_links":{"self":[{"href":"https:\/\/rdnews.al\/index.php\/wp-json\/wp\/v2\/posts\/120092","targetHints":{"allow":["GET"]}}],"collection":[{"href":"https:\/\/rdnews.al\/index.php\/wp-json\/wp\/v2\/posts"}],"about":[{"href":"https:\/\/rdnews.al\/index.php\/wp-json\/wp\/v2\/types\/post"}],"author":[{"embeddable":true,"href":"https:\/\/rdnews.al\/index.php\/wp-json\/wp\/v2\/users\/4"}],"replies":[{"embeddable":true,"href":"https:\/\/rdnews.al\/index.php\/wp-json\/wp\/v2\/comments?post=120092"}],"version-history":[{"count":1,"href":"https:\/\/rdnews.al\/index.php\/wp-json\/wp\/v2\/posts\/120092\/revisions"}],"predecessor-version":[{"id":120094,"href":"https:\/\/rdnews.al\/index.php\/wp-json\/wp\/v2\/posts\/120092\/revisions\/120094"}],"wp:featuredmedia":[{"embeddable":true,"href":"https:\/\/rdnews.al\/index.php\/wp-json\/wp\/v2\/media\/120093"}],"wp:attachment":[{"href":"https:\/\/rdnews.al\/index.php\/wp-json\/wp\/v2\/media?parent=120092"}],"wp:term":[{"taxonomy":"category","embeddable":true,"href":"https:\/\/rdnews.al\/index.php\/wp-json\/wp\/v2\/categories?post=120092"},{"taxonomy":"post_tag","embeddable":true,"href":"https:\/\/rdnews.al\/index.php\/wp-json\/wp\/v2\/tags?post=120092"}],"curies":[{"name":"wp","href":"https:\/\/api.w.org\/{rel}","templated":true}]}}