{"id":120095,"date":"2025-07-30T11:08:21","date_gmt":"2025-07-30T11:08:21","guid":{"rendered":"https:\/\/rdnews.al\/?p=120095"},"modified":"2025-07-30T11:08:21","modified_gmt":"2025-07-30T11:08:21","slug":"be-fondet-per-shqiperine-te-bllokuara-nga-vjedhja-dhe-korrupsioni","status":"publish","type":"post","link":"https:\/\/rdnews.al\/index.php\/2025\/07\/30\/be-fondet-per-shqiperine-te-bllokuara-nga-vjedhja-dhe-korrupsioni\/","title":{"rendered":"BE: Fondet p\u00ebr Shqip\u00ebrin\u00eb t\u00eb bllokuara nga vjedhja dhe korrupsioni"},"content":{"rendered":"<div class=\"chapo\">Fondet IPARD p\u00ebr fermer\u00ebt shqiptar\u00eb do t\u00eb vazhdojn\u00eb t\u00eb jen\u00eb t\u00eb bllokuara nga BE.<\/div>\n<p>Nj\u00eb zyrtar i Komisionit Europian, kontakuar nga Report TV, tha se n\u00ebse Shqip\u00ebria nuk mbrojtjen e fondeve t\u00eb taksapaguesve t\u00eb BE, financimi p\u00ebr bujq\u00ebsin\u00eb nuk do t\u00eb hapet.<\/p>\n<p>\u201cBashkimi Europian \u00ebsht\u00eb i gatsh\u00ebm t\u00eb vazhdoj\u00eb t\u00eb mb\u00ebshtes\u00eb fermer\u00ebt shqiptar\u00eb, sektorin agroushqimor dhe zonat rurale n\u00eb t\u00eb ardhmen, me kusht q\u00eb interesat financiare t\u00eb Bashkimit Europian t\u00eb mbrohen si\u00e7 duhet\u201d, thuhet n\u00eb p\u00ebrgjigje.<\/p>\n<p>Komisioni Europian shprehet se kjo \u00e7\u00ebshtje duhet par\u00eb me prioritet nga autoritetet shqiptare, q\u00eb t\u00eb korrigjohen gabimet e s\u00eb shkuar\u00ebs n\u00eb menaxhimin dhe p\u00ebrdorimin e fondeve t\u00eb BE-s\u00eb.<\/p>\n<p>\u201cDuke qen\u00eb se kemi t\u00eb b\u00ebjm\u00eb me parat\u00eb e taksapaguesve t\u00eb BE-s\u00eb, presim q\u00eb autoritetet shqiptare ta marrin shum\u00eb seriozisht k\u00ebt\u00eb \u00e7\u00ebshtje\u201d, thot\u00eb KE.<\/p>\n<p>Aktualisht KE thot\u00eb se \u00ebsht\u00eb v\u00ebn\u00eb n\u00eb dijeni nga autoritetet shqiptare q\u00eb po b\u00ebhet nj\u00eb auditim p\u00ebr pagesat e IPARD II.<\/p>\n<p>\u201cNj\u00eb procedur\u00eb dypal\u00ebshe midis Komisionit Europian dhe autoriteteve shqiptare \u00ebsht\u00eb n\u00eb vazhdim p\u00ebr t\u00eb siguruar q\u00eb veprimet e duhura korrigjuese t\u00eb nd\u00ebrmerren nga autoritetet komb\u00ebtare sa m\u00eb shpejt t\u00eb jet\u00eb e mundur. N\u00eb kuad\u00ebr t\u00eb k\u00ebsaj procedure, Komisioni Europian \u00ebsht\u00eb informuar se qeveria shqiptare ka kontraktuar nj\u00eb firm\u00eb auditimi t\u00eb jasht\u00ebm p\u00ebr t\u00eb kryer nj\u00eb auditim t\u00eb jasht\u00ebm gjith\u00ebp\u00ebrfshir\u00ebs mbi grantet dhe pagesat IPARD II, si dhe mbi sistemin e sapokrijuar t\u00eb menaxhimit dhe kontrollit t\u00eb brendsh\u00ebm\u201d, thot\u00eb KE.<\/p>\n<p>Fondet IPARD p\u00ebr Shqip\u00ebrin\u00eb u bllokuan ver\u00ebn e 2023-shit.<\/p>\n<p>Komisioni Europian nd\u00ebrpreu mb\u00ebshtetjen e bujq\u00ebsis\u00eb shqiptare p\u00ebrmes fondeve t\u00eb IPARD n\u00eb gusht t\u00eb 2023-shit p\u00ebr shkak se OLAF (Zyra Europiane Kund\u00ebr Mashtrimit), gjeti keqp\u00ebrdorime serioze me fondet e programit te m\u00ebparsh\u00ebm IPARD II, pas hetimeve q\u00eb ata b\u00ebn pas denoncimeve t\u00eb qytetar\u00ebve t\u00eb ndrysh\u00ebm p\u00ebr korrupsion, favorizime e nd\u00ebrhyrje politike.<\/p>\n<p>OLAF, zyra anti-korrupsion pran\u00eb Bashkimit Europian, shpjegoi se procedura\u00a0 edh\u00ebnies s\u00eb k\u00ebtyre fondeve ka qen\u00eb abuzive. Aplikant\u00ebve i k\u00ebrkohej q\u00eb t\u00eb paguanin nj\u00eb pjes\u00eb shum\u00eb t\u00eb madhe t\u00eb grantit q\u00eb fitonin, tek nj\u00eb nga kompanit\u00eb e p\u00ebrzgjedhura t\u00eb konsulenc\u00ebs, q\u00eb m\u00eb pas do t\u00eb leht\u00ebsonte proceset me AZHBR-n, q\u00eb menaxhonte fondet e IPARD. Konkursi p\u00ebr fituesit ishte i korruptuar ose t\u00ebr\u00ebsisht fals, kishte \u00e7mime t\u00eb fryra dhe shkelje t\u00eb rregullave.<\/p>\n<p>Pas k\u00ebtyre gjetjeve OLAF i rekomandoi BE-s\u00eb, q\u00eb t\u00eb ngrij\u00eb financimin e dyt\u00eb t\u00eb IPARD II 33 milion\u00eb euro dhe financimin e IPARD III 112 mln euro.<\/p>\n","protected":false},"excerpt":{"rendered":"<p>Fondet IPARD p\u00ebr fermer\u00ebt shqiptar\u00eb do t\u00eb vazhdojn\u00eb t\u00eb jen\u00eb t\u00eb bllokuara nga BE. Nj\u00eb zyrtar i Komisionit Europian, kontakuar nga Report TV, tha se n\u00ebse Shqip\u00ebria nuk mbrojtjen e fondeve t\u00eb taksapaguesve t\u00eb BE, financimi p\u00ebr bujq\u00ebsin\u00eb nuk do t\u00eb hapet. \u201cBashkimi Europian \u00ebsht\u00eb i gatsh\u00ebm t\u00eb vazhdoj\u00eb t\u00eb mb\u00ebshtes\u00eb fermer\u00ebt shqiptar\u00eb, sektorin agroushqimor &hellip;<\/p>\n","protected":false},"author":3,"featured_media":118340,"comment_status":"closed","ping_status":"closed","sticky":false,"template":"","format":"standard","meta":{"footnotes":""},"categories":[37],"tags":[],"class_list":["post-120095","post","type-post","status-publish","format-standard","has-post-thumbnail","","category-politike"],"_links":{"self":[{"href":"https:\/\/rdnews.al\/index.php\/wp-json\/wp\/v2\/posts\/120095","targetHints":{"allow":["GET"]}}],"collection":[{"href":"https:\/\/rdnews.al\/index.php\/wp-json\/wp\/v2\/posts"}],"about":[{"href":"https:\/\/rdnews.al\/index.php\/wp-json\/wp\/v2\/types\/post"}],"author":[{"embeddable":true,"href":"https:\/\/rdnews.al\/index.php\/wp-json\/wp\/v2\/users\/3"}],"replies":[{"embeddable":true,"href":"https:\/\/rdnews.al\/index.php\/wp-json\/wp\/v2\/comments?post=120095"}],"version-history":[{"count":1,"href":"https:\/\/rdnews.al\/index.php\/wp-json\/wp\/v2\/posts\/120095\/revisions"}],"predecessor-version":[{"id":120099,"href":"https:\/\/rdnews.al\/index.php\/wp-json\/wp\/v2\/posts\/120095\/revisions\/120099"}],"wp:featuredmedia":[{"embeddable":true,"href":"https:\/\/rdnews.al\/index.php\/wp-json\/wp\/v2\/media\/118340"}],"wp:attachment":[{"href":"https:\/\/rdnews.al\/index.php\/wp-json\/wp\/v2\/media?parent=120095"}],"wp:term":[{"taxonomy":"category","embeddable":true,"href":"https:\/\/rdnews.al\/index.php\/wp-json\/wp\/v2\/categories?post=120095"},{"taxonomy":"post_tag","embeddable":true,"href":"https:\/\/rdnews.al\/index.php\/wp-json\/wp\/v2\/tags?post=120095"}],"curies":[{"name":"wp","href":"https:\/\/api.w.org\/{rel}","templated":true}]}}