{"id":120096,"date":"2025-07-30T11:07:54","date_gmt":"2025-07-30T11:07:54","guid":{"rendered":"https:\/\/rdnews.al\/?p=120096"},"modified":"2025-07-30T11:07:54","modified_gmt":"2025-07-30T11:07:54","slug":"berisha-kodi-i-ri-atentat-madhor-kunder-fjales-se-lire-shkohet-ne-ate-shkalle-sa-behet-nje-nen-per-te-mbrojtur-altin-dumanin-dhe-irena-gjoken","status":"publish","type":"post","link":"https:\/\/rdnews.al\/index.php\/2025\/07\/30\/berisha-kodi-i-ri-atentat-madhor-kunder-fjales-se-lire-shkohet-ne-ate-shkalle-sa-behet-nje-nen-per-te-mbrojtur-altin-dumanin-dhe-irena-gjoken\/","title":{"rendered":"Berisha: Kodi i ri, atentat madhor kund\u00ebr fjal\u00ebs s\u00eb lir\u00eb! Shkohet n\u00eb at\u00eb shkall\u00eb sa b\u00ebhet nj\u00eb nen p\u00ebr t\u00eb mbrojtur Altin Dumanin dhe Irena Gjok\u00ebn"},"content":{"rendered":"<p>Kryetari Partis\u00eb Demokratike, Sali Berisha gjat\u00eb nj\u00eb konference p\u00ebr shtyp tha se, Kodi i ri penal i inicura nga qeveria, \u00ebsht\u00eb atentat madhor kund\u00ebr fjal\u00ebs s\u00eb lir\u00eb! Ai tha se, shkohet n\u00eb at\u00eb shkall\u00eb sa b\u00ebhet nj\u00eb nen p\u00ebr t\u00eb mbrojtur Altin Dumanin dhe Irena Gjok\u00ebn.<\/p>\n<p>\u201cEdhe nj\u00ebher\u00eb, narkoshteti nuk mund t\u00eb mos hartonte narkokodin.<\/p>\n<p>Dje n\u00eb nj\u00eb deklarat\u00eb publike, Prokurori i P\u00ebrgjithsh\u00ebm me kurajo denoncoi faktin se institucioni i tij apo ai si p\u00ebrfaq\u00ebsues i akuz\u00ebs n\u00eb Republik\u00ebn e Shqip\u00ebris\u00eb, nuk kishte asnj\u00eb dijeni p\u00ebr kodin Rama-Ulsiu.<\/p>\n<p>Pra, kur un\u00eb u deklarova ju se ai ka dal\u00eb nga shpellat e mafies, sigurisht q\u00eb pati njer\u00ebz t\u00eb cil\u00ebt e p\u00ebrcoll\u00ebn me habi.<\/p>\n<p>Por ja pra, un\u00eb u them t\u00eb gjith\u00eb atyre q\u00eb u habit\u00ebn, tani q\u00eb Prokurori i P\u00ebrgjithsh\u00ebm deklaron se institucioni i tij as q\u00eb \u00ebsht\u00eb pyetur ndonj\u00ebher\u00eb as p\u00ebr konsult\u00eb, as p\u00ebr mendim, kuptoni ju se \u00e7far\u00eb p\u00ebrfaq\u00ebson kodi q\u00eb t\u00eb v\u00ebrtet\u00eb sh\u00ebnon pothuaj dyfishimin e dhun\u00ebs ligjore mbi qytetar\u00ebt.<\/p>\n<p>Burg p\u00ebr parkime, burg p\u00ebr faturat e dritave, burg p\u00ebr faturat e ujit, burg p\u00ebr nd\u00ebrtimin n\u00eb tok\u00ebn t\u00ebnde, n\u00eb truallin t\u00ebnd.<\/p>\n<p>Pra, dhe p\u00ebrgjysmim i d\u00ebnimeve p\u00ebr zyrtar\u00ebt abuziv\u00eb.<\/p>\n<p>Atentat madhor kund\u00ebr fjal\u00ebs s\u00eb lir\u00eb, mendimit t\u00eb lir\u00eb. Shkohet n\u00eb at\u00eb shkall\u00eb sa b\u00ebhet nj\u00eb nen p\u00ebr t\u00eb mbrojtur Altin Dumanin dhe Irena Gjok\u00ebn.<\/p>\n<p>A mundet? Nuk besoj t\u00eb ket\u00eb nj\u00eb vend n\u00eb bot\u00eb ku qytetar\u00ebt, avoket\u00ebrit, t\u00eb mos ken\u00eb t\u00eb drejt\u00eb t\u00eb denoncojn\u00eb dhe d\u00ebnojn\u00eb padrejt\u00ebsin\u00eb q\u00eb u b\u00ebhen n\u00eb sall\u00ebn e gjyqit.<\/p>\n<p>Absurditeti i kodit tejkalon \u00e7do kufi.<\/p>\n<p>Dhe pse ky nen p\u00ebr mbrojtjen e Irena Gjok\u00ebs dhe Altin Troplinit? Sepse ata jan\u00eb n\u00eb sh\u00ebrbim t\u00eb regjimit, m\u00eb t\u00eb inkriminuarit n\u00eb sistemin e drejt\u00ebsis\u00eb.<\/p>\n<p>A mund t\u00eb imagjinoni ju nj\u00eb mercenar q\u00eb kryeson prokurorin\u00eb speciale me kat\u00ebr banesa, gjat\u00eb gjith\u00eb jet\u00ebs s\u00eb tij me nj\u00eb rrog\u00eb, dhe gjen edhe megafon\u00ebt e Edi Ram\u00ebs q\u00eb thon\u00eb se \u00ebsht\u00eb i ndersh\u00ebm.<\/p>\n<p>Nj\u00eblloj si nj\u00eb&#8230; pash\u00eb nj\u00eb titull t\u00eb nj\u00eb megafoni t\u00eb tij, b\u00ebnte fjal\u00eb p\u00ebr diktatur\u00eb liberale.<\/p>\n<p>E mor\u00ebt vesh tani termin e fundit, \u00ebsht\u00eb diktator, por \u00ebsht\u00eb liberal. K\u00ebta jan\u00eb njer\u00ebz t\u00eb zbrazur edhe nga korteksi trunor, edhe nga karakteri njer\u00ebzor<\/p>\n<p>Pra, mediat po p\u00ebrdoren nga Edi Rama, po keqp\u00ebrdoren n\u00eb shkall\u00ebn m\u00eb ekstreme dhe tani edhe ata pak gazetar\u00eb t\u00eb guximsh\u00ebm q\u00eb kan\u00eb mbetur dhe q\u00eb shtrojn\u00eb me t\u00eb drejt\u00eb pyetjen q\u00eb si ka mund\u00ebsi q\u00eb Altin Troplini t\u00eb ket\u00eb me rrog\u00eb t\u00eb tij tre banesa n\u00eb em\u00ebr t\u00eb vet dhe t\u00eb banoj\u00eb kollovar tek vjehrri, me dyshimet se \u00ebsht\u00eb aksioner n\u00eb at\u00eb vil\u00eb, t\u00eb vazhdoj\u00eb detyr\u00ebn, nd\u00ebrkoh\u00eb q\u00eb nj\u00eb tjet\u00ebr gjykat\u00ebs pse ka paguar faturat elektrike t\u00eb v\u00ebllait t\u00eb vet, i quhet banes\u00eb e tij. Ish-kryetarit t\u00eb Gjykat\u00ebs Kushtetuese. Atij u p\u00ebrdoren ato fatura si d\u00ebshmi nga Altin Dumani dhe t\u00eb tjer\u00eb p\u00ebr ta d\u00ebnuar me nj\u00eb vit burg\u201d, tha Berisha.<\/p>\n","protected":false},"excerpt":{"rendered":"<p>Kryetari Partis\u00eb Demokratike, Sali Berisha gjat\u00eb nj\u00eb konference p\u00ebr shtyp tha se, Kodi i ri penal i inicura nga qeveria, \u00ebsht\u00eb atentat madhor kund\u00ebr fjal\u00ebs s\u00eb lir\u00eb! Ai tha se, shkohet n\u00eb at\u00eb shkall\u00eb sa b\u00ebhet nj\u00eb nen p\u00ebr t\u00eb mbrojtur Altin Dumanin dhe Irena Gjok\u00ebn. \u201cEdhe nj\u00ebher\u00eb, narkoshteti nuk mund t\u00eb mos hartonte narkokodin. &hellip;<\/p>\n","protected":false},"author":4,"featured_media":120097,"comment_status":"closed","ping_status":"closed","sticky":false,"template":"","format":"standard","meta":{"footnotes":""},"categories":[37],"tags":[],"class_list":["post-120096","post","type-post","status-publish","format-standard","has-post-thumbnail","","category-politike"],"_links":{"self":[{"href":"https:\/\/rdnews.al\/index.php\/wp-json\/wp\/v2\/posts\/120096","targetHints":{"allow":["GET"]}}],"collection":[{"href":"https:\/\/rdnews.al\/index.php\/wp-json\/wp\/v2\/posts"}],"about":[{"href":"https:\/\/rdnews.al\/index.php\/wp-json\/wp\/v2\/types\/post"}],"author":[{"embeddable":true,"href":"https:\/\/rdnews.al\/index.php\/wp-json\/wp\/v2\/users\/4"}],"replies":[{"embeddable":true,"href":"https:\/\/rdnews.al\/index.php\/wp-json\/wp\/v2\/comments?post=120096"}],"version-history":[{"count":1,"href":"https:\/\/rdnews.al\/index.php\/wp-json\/wp\/v2\/posts\/120096\/revisions"}],"predecessor-version":[{"id":120098,"href":"https:\/\/rdnews.al\/index.php\/wp-json\/wp\/v2\/posts\/120096\/revisions\/120098"}],"wp:featuredmedia":[{"embeddable":true,"href":"https:\/\/rdnews.al\/index.php\/wp-json\/wp\/v2\/media\/120097"}],"wp:attachment":[{"href":"https:\/\/rdnews.al\/index.php\/wp-json\/wp\/v2\/media?parent=120096"}],"wp:term":[{"taxonomy":"category","embeddable":true,"href":"https:\/\/rdnews.al\/index.php\/wp-json\/wp\/v2\/categories?post=120096"},{"taxonomy":"post_tag","embeddable":true,"href":"https:\/\/rdnews.al\/index.php\/wp-json\/wp\/v2\/tags?post=120096"}],"curies":[{"name":"wp","href":"https:\/\/api.w.org\/{rel}","templated":true}]}}