{"id":120127,"date":"2025-07-30T17:06:47","date_gmt":"2025-07-30T17:06:47","guid":{"rendered":"https:\/\/rdnews.al\/?p=120127"},"modified":"2025-07-30T17:06:47","modified_gmt":"2025-07-30T17:06:47","slug":"boeri-gazetarja-afera-korruptive-projektet-e-prezantuara-me-buje-nga-rama-jane-flluske","status":"publish","type":"post","link":"https:\/\/rdnews.al\/index.php\/2025\/07\/30\/boeri-gazetarja-afera-korruptive-projektet-e-prezantuara-me-buje-nga-rama-jane-flluske\/","title":{"rendered":"\u201cBoeri\u201d\/ Gazetarja: Afera korruptive, projektet e prezantuara me buj\u00eb nga Rama jan\u00eb fllusk\u00eb"},"content":{"rendered":"<p>Gazetarja Alba Kepi, p\u00ebr hetimet n\u00eb Itali ndaj arkitektit italian Stefano Boeri dhe lidhjen e tij me Edi Ram\u00ebn, thot\u00eb se gjith\u00e7ka ka t\u00eb b\u00ebj\u00eb me afera korruptive.<\/p>\n<p>N\u00eb nj\u00eb intervist\u00eb p\u00ebr MCN, ajo deklaroi se emri i kryeministrit shqiptar p\u00ebrmendet si i lidhur me Boerin, pasi n\u00eb vitin 2017, ishte Edi Rama ai q\u00eb prezantoi masterplanin \u201cTirana 2030\u201d n\u00ebn emrin e arkitektit italian, por q\u00eb si\u00e7 tha ajo rezultoi nj\u00eb fllusk\u00eb.<\/p>\n<p>Sipas saj, masterplani \u201cTirana 2030\u201d \u00ebsht\u00eb ideja e nj\u00eb Tirane t\u00eb betonuar, e projektuar p\u00ebr t\u00eb rritur vler\u00ebn e metrit katror t\u00eb nd\u00ebrtimit dhe p\u00ebr t\u00eb fituar ai investitor q\u00eb \u00ebsht\u00eb i lidhur me kapitale t\u00eb err\u00ebta.<\/p>\n<p>\u201c\u00cbsht\u00eb hera e tret\u00eb q\u00eb brenda dy vitesh arkitekti Stefano Boeri q\u00eb ka projektuar vizionin \u201cTirana 2030\u201d \u00ebsht\u00eb v\u00ebn\u00eb n\u00ebn akuz\u00eb p\u00ebr abuzim me tok\u00ebn n\u00eb qytetin e Milanos.\u00a0\u00a0Jan\u00eb projekte mjaft t\u00eb r\u00ebnd\u00ebsishme, si nd\u00ebrtimi i nj\u00eb biblioteke europiane apo struktura t\u00eb r\u00ebnd\u00ebsishme t\u00eb qytetit q\u00eb jan\u00eb shfaqur si nd\u00ebrtesa moderne, mes tyre edhe pylli vertikal. T\u00eb gjitha k\u00ebto jan\u00eb hetime q\u00eb vijn\u00eb pas nj\u00eb denoncimi t\u00eb thjesht\u00eb.\u00a0Drejt\u00ebsia italiane dhe prokuroria e Milanos hapi nj\u00eb proces hetimor pas denoncimit t\u00eb nj\u00eb grupi banor\u00ebsh q\u00eb jetonin pran\u00eb parkut ku \u00e7onin f\u00ebmij\u00ebt \u00e7do dit\u00eb dhe nj\u00eb dit\u00eb pan\u00eb nj\u00eb vil\u00eb historike, q\u00eb t\u00eb shembej.\u00a0\u00a0Aty b\u00ebn\u00eb denoncim dhe pas dy vitesh hetim u zbulua ky abuzim dhe b\u00ebri q\u00eb Boeri t\u00eb jet\u00eb n\u00ebn hetim bashk\u00eb me 7 persona t\u00eb tjer\u00eb q\u00eb ndodhen n\u00ebn hetim dhe n\u00eb burg.\u00a0\u00a0Mes tyre jan\u00eb ata q\u00eb jepnin leje nd\u00ebrtimi apo aprovonin projekte t\u00eb tilla.<\/p>\n<p>Un\u00eb e kam quajtur Tiran\u00ebn si modeli i Milanos, vet\u00ebm se n\u00eb Itali funksionon drejt\u00ebsia, q\u00eb funksionon pas denoncimit t\u00eb qytetar\u00ebve.\u00a0\u00a0Ku n\u00eb Tiran\u00eb ka akuza t\u00eb forta dhe fakte t\u00eb forta t\u00eb b\u00ebr\u00eb nga aktivist\u00eb t\u00eb opozit\u00ebs dhe k\u00ebshilltar\u00eb bashkiak\u00eb t\u00eb opozit\u00ebs, por kemi nj\u00eb heshtje totale, dhe nuk hetohet abuzimi q\u00eb i \u00ebsht\u00eb b\u00ebr\u00eb pron\u00ebs publike dhe projekteve q\u00eb duhet t\u2019iu sh\u00ebrbenin qytetar\u00ebve.<\/p>\n<p>Stefano Boeri vet\u00ebm pak dit\u00eb m\u00eb par\u00eb \u00ebsht\u00eb par\u00eb n\u00eb krah t\u00eb Kryeministrit Edi Rama duke publikuar librin \u201cMetamorfoza e pyllit vertikal\u201d.\u00a0\u00a0Emri i Kryeministrit Rama implikohet me Boerin pasi n\u00eb vitin 2017 ishte vet\u00eb Kryeministri Rama i cili n\u00ebn pompozitetin e emrit t\u00eb arkitektit n\u00eb nj\u00eb event mjaft t\u00eb kuruar shfaqi masterplanin \u201cTirana 2030\u201d do t\u00eb sillte ide t\u00eb mbrojtjes s\u00eb arkitektur\u00ebs s\u00eb qytetit, shtimit t\u00eb gjelb\u00ebrimit t\u00eb Tiran\u00ebs apo funksionimit sa m\u00eb efikas t\u00eb linj\u00ebs s\u00eb transportit t\u00eb qytetit.<\/p>\n<p>Ishte viti 2017, nd\u00ebrsa tani jemi n\u00eb 2025 dhe kemi par\u00eb q\u00eb kjo mark\u00eb kaq e propaganduar nga Kryeministri Rama, pam\u00eb q\u00eb n\u00eb Tiran\u00eb u p\u00ebrkthye n\u00eb nj\u00eb abuzim t\u00eb dhunsh\u00ebm t\u00eb pron\u00ebs publike dhe krijimit t\u00eb nj\u00eb sistemi klientelist q\u00eb favorizon vet\u00ebm nj\u00eb grup interesi.<\/p>\n<p>Kryeministri Rama e ka nd\u00ebrtuar pushtetin e tij me nj\u00eb rrjet klientelizmi apo partner\u00eb strategjik\u00eb si\u00e7 i quan ai, q\u00eb nuk jan\u00eb gj\u00eb tjet\u00ebr ve\u00e7se ortak\u00eb dhe t\u00eb af\u00ebrm t\u00eb ministrave dhe mbi t\u00eb gjitha mbi nj\u00eb korrupsion t\u00eb nj\u00eb niveli mjaft t\u00eb lart\u00eb.\u00a0Prokuroria milanez\u00eb ka sekuestruar telefonat celular\u00eb t\u00eb Stefano Boerit, ku ka pasur mij\u00ebra mesazhe me kryetarin e bashkis\u00eb s\u00eb Milanos.\u00a0N\u00ebn motivin e zhvillimit, Kryeministri Rama shkeli jo vet\u00ebm VKM zhvillimi, por iu mori tok\u00ebn pronar\u00ebve autokton\u00eb p\u00ebr t\u00eb nd\u00ebrtuar kulla.\u00a0\u00a0Masterplani \u201cTirana 2030\u201d \u00ebsht\u00eb nj\u00eb fllusk\u00eb dhe ide e nj\u00eb Tirane t\u00eb betonuar, e projektuar p\u00ebr t\u00eb rritur vler\u00ebn e metrit katror dhe p\u00ebr t\u00eb fituar ai investitor q\u00eb \u00ebsht\u00eb i lidhur me kapitale t\u00eb err\u00ebta\u201d, tha Alba Kepi.<\/p>\n","protected":false},"excerpt":{"rendered":"<p>Gazetarja Alba Kepi, p\u00ebr hetimet n\u00eb Itali ndaj arkitektit italian Stefano Boeri dhe lidhjen e tij me Edi Ram\u00ebn, thot\u00eb se gjith\u00e7ka ka t\u00eb b\u00ebj\u00eb me afera korruptive. N\u00eb nj\u00eb intervist\u00eb p\u00ebr MCN, ajo deklaroi se emri i kryeministrit shqiptar p\u00ebrmendet si i lidhur me Boerin, pasi n\u00eb vitin 2017, ishte Edi Rama ai q\u00eb &hellip;<\/p>\n","protected":false},"author":4,"featured_media":120128,"comment_status":"closed","ping_status":"closed","sticky":false,"template":"","format":"standard","meta":{"footnotes":""},"categories":[37],"tags":[],"class_list":["post-120127","post","type-post","status-publish","format-standard","has-post-thumbnail","","category-politike"],"_links":{"self":[{"href":"https:\/\/rdnews.al\/index.php\/wp-json\/wp\/v2\/posts\/120127","targetHints":{"allow":["GET"]}}],"collection":[{"href":"https:\/\/rdnews.al\/index.php\/wp-json\/wp\/v2\/posts"}],"about":[{"href":"https:\/\/rdnews.al\/index.php\/wp-json\/wp\/v2\/types\/post"}],"author":[{"embeddable":true,"href":"https:\/\/rdnews.al\/index.php\/wp-json\/wp\/v2\/users\/4"}],"replies":[{"embeddable":true,"href":"https:\/\/rdnews.al\/index.php\/wp-json\/wp\/v2\/comments?post=120127"}],"version-history":[{"count":1,"href":"https:\/\/rdnews.al\/index.php\/wp-json\/wp\/v2\/posts\/120127\/revisions"}],"predecessor-version":[{"id":120129,"href":"https:\/\/rdnews.al\/index.php\/wp-json\/wp\/v2\/posts\/120127\/revisions\/120129"}],"wp:featuredmedia":[{"embeddable":true,"href":"https:\/\/rdnews.al\/index.php\/wp-json\/wp\/v2\/media\/120128"}],"wp:attachment":[{"href":"https:\/\/rdnews.al\/index.php\/wp-json\/wp\/v2\/media?parent=120127"}],"wp:term":[{"taxonomy":"category","embeddable":true,"href":"https:\/\/rdnews.al\/index.php\/wp-json\/wp\/v2\/categories?post=120127"},{"taxonomy":"post_tag","embeddable":true,"href":"https:\/\/rdnews.al\/index.php\/wp-json\/wp\/v2\/tags?post=120127"}],"curies":[{"name":"wp","href":"https:\/\/api.w.org\/{rel}","templated":true}]}}