{"id":12013,"date":"2022-05-11T14:56:54","date_gmt":"2022-05-11T14:56:54","guid":{"rendered":"https:\/\/rdnews.al\/?p=12013"},"modified":"2022-05-11T14:56:54","modified_gmt":"2022-05-11T14:56:54","slug":"ne-ballkanin-e-hapur-serb-te-tre-kryeministrat-shqiptare-do-ti-drejtoje-presidenti-serb","status":"publish","type":"post","link":"https:\/\/rdnews.al\/index.php\/2022\/05\/11\/ne-ballkanin-e-hapur-serb-te-tre-kryeministrat-shqiptare-do-ti-drejtoje-presidenti-serb\/","title":{"rendered":"N\u00eb \u201cBallkanin e hapur\u201d serb t\u00eb tre kryeministrat shqiptar\u00eb do t\u2019i drejtoj\u00eb presidenti serb"},"content":{"rendered":"<p><strong>Nga Shaban Murati<\/strong><\/p>\n<p>Shqiptari Sinan Hasani ka qen\u00eb president i Jugosllavis\u00eb. Shqiptari Petar Karagjorgjevi\u00e7 ka qen\u00eb mbret i Serbis\u00eb. Shqiptari Fran\u00e7esko Krispi ka qen\u00eb kryeminist\u00ebr i Italis\u00eb.<\/p>\n<p>36 shqiptar\u00eb kan\u00eb qen\u00eb kryeministra t\u00eb Perandoris\u00eb Osmane. Shqiptari Jorgos Zografos  ka qen\u00eb minist\u00ebr i jasht\u00ebm i Greqis\u00eb.<\/p>\n<p>\u00c7far\u00eb fitoi \u00e7eshtja komb\u00ebtare?<\/p>\n<p>Nuk ka asnj\u00eb dometh\u00ebnie origjina etnike e nj\u00eb drejtuesi qeverie, por ka dometh\u00ebnie se kujt i sh\u00ebrben ai.<\/p>\n<p>Sepse n\u00ebse sot dy kryeministra shqiptar\u00eb, te cilet n\u00eb vend q\u00eb t\u2019i k\u00ebrkojn\u00eb Serbis\u00eb t\u00eb njoh\u00eb Kosov\u00ebn si shtet, dalin  dhe i k\u00ebrkojn\u00eb Kosov\u00ebs q\u00eb t\u00eb hyj\u00eb si provinc\u00eb serbe n\u00eb \u201cBallkanin e hapur\u201d,  kuptohet se ku e \u00e7ojn\u00eb ujin.<\/p>\n<p>K\u00ebtu ka marr\u00eb fund origjina shqiptare e tyre dhe ngrefosja etnike. Sepse n\u00eb \u201cBallkanin e hapur\u201d serb t\u00eb tre kryeministrat shqiptar\u00eb do t\u2019i drejtoj\u00eb presidenti serb.<\/p>\n<p>Ndaj t\u00eb mburravec\u00ebsh me origjin\u00ebn etnike t\u00eb tre kryeministrave shqiptar\u00eb n\u00eb Ballkan don t\u00eb thot\u00eb t\u00eb dehesh me uj\u00eb.<\/p>\n","protected":false},"excerpt":{"rendered":"<p>Nga Shaban Murati Shqiptari Sinan Hasani ka qen\u00eb president i Jugosllavis\u00eb. Shqiptari Petar Karagjorgjevi\u00e7 ka qen\u00eb mbret i Serbis\u00eb. Shqiptari Fran\u00e7esko Krispi ka qen\u00eb kryeminist\u00ebr i Italis\u00eb. 36 shqiptar\u00eb kan\u00eb qen\u00eb kryeministra t\u00eb Perandoris\u00eb Osmane. Shqiptari Jorgos Zografos ka qen\u00eb minist\u00ebr i jasht\u00ebm i Greqis\u00eb. \u00c7far\u00eb fitoi \u00e7eshtja komb\u00ebtare? Nuk ka asnj\u00eb dometh\u00ebnie origjina etnike &hellip;<\/p>\n","protected":false},"author":4,"featured_media":12014,"comment_status":"open","ping_status":"open","sticky":false,"template":"","format":"standard","meta":{"footnotes":""},"categories":[38],"tags":[],"class_list":["post-12013","post","type-post","status-publish","format-standard","has-post-thumbnail","","category-bota"],"_links":{"self":[{"href":"https:\/\/rdnews.al\/index.php\/wp-json\/wp\/v2\/posts\/12013","targetHints":{"allow":["GET"]}}],"collection":[{"href":"https:\/\/rdnews.al\/index.php\/wp-json\/wp\/v2\/posts"}],"about":[{"href":"https:\/\/rdnews.al\/index.php\/wp-json\/wp\/v2\/types\/post"}],"author":[{"embeddable":true,"href":"https:\/\/rdnews.al\/index.php\/wp-json\/wp\/v2\/users\/4"}],"replies":[{"embeddable":true,"href":"https:\/\/rdnews.al\/index.php\/wp-json\/wp\/v2\/comments?post=12013"}],"version-history":[{"count":0,"href":"https:\/\/rdnews.al\/index.php\/wp-json\/wp\/v2\/posts\/12013\/revisions"}],"wp:featuredmedia":[{"embeddable":true,"href":"https:\/\/rdnews.al\/index.php\/wp-json\/wp\/v2\/media\/12014"}],"wp:attachment":[{"href":"https:\/\/rdnews.al\/index.php\/wp-json\/wp\/v2\/media?parent=12013"}],"wp:term":[{"taxonomy":"category","embeddable":true,"href":"https:\/\/rdnews.al\/index.php\/wp-json\/wp\/v2\/categories?post=12013"},{"taxonomy":"post_tag","embeddable":true,"href":"https:\/\/rdnews.al\/index.php\/wp-json\/wp\/v2\/tags?post=12013"}],"curies":[{"name":"wp","href":"https:\/\/api.w.org\/{rel}","templated":true}]}}