{"id":120160,"date":"2025-07-31T09:49:38","date_gmt":"2025-07-31T09:49:38","guid":{"rendered":"https:\/\/rdnews.al\/?p=120160"},"modified":"2025-07-31T09:49:38","modified_gmt":"2025-07-31T09:49:38","slug":"dumani-mbron-krimin-elektoral-te-rames-sillni-ju-provat-pse-duhet-ti-gjejme-ne","status":"publish","type":"post","link":"https:\/\/rdnews.al\/index.php\/2025\/07\/31\/dumani-mbron-krimin-elektoral-te-rames-sillni-ju-provat-pse-duhet-ti-gjejme-ne\/","title":{"rendered":"Dumani mbron krimin elektoral t\u00eb Ram\u00ebs: Sillni ju provat, pse duhet t\u2019i gjejm\u00eb ne!"},"content":{"rendered":"<p>Altin Dumani amnistoi hapur krimin elektoral t\u00eb Edi Ram\u00ebs gjat\u00eb nj\u00eb diskutimi me gazetar\u00ebt. Ai deklaroi se kall\u00ebzimet p\u00ebr blerjen e vot\u00ebs jan\u00eb b\u00ebr\u00eb kryesisht nga qytetar\u00eb dhe nga forcat politike.<\/p>\n<p>Por Dumani u ankua se ata nuk po sjellin prova, nd\u00ebrkoh\u00eb q\u00eb \u00ebsht\u00eb detyra kryesore e SPAK dhe organit t\u00eb akuz\u00ebs q\u00eb t\u00eb gjej\u00eb provat e krimit elektoral.<\/p>\n<p><em>\u201cP\u00ebr blerjen e vot\u00ebs, kall\u00ebzimet jan\u00eb b\u00ebr\u00eb nga forcat politike, shumica formale nuk shoq\u00ebrohen me prova,\u201d<\/em>\u00a0tha Dumani.<\/p>\n<p>I pyetur n\u00ebse nga 39 dosjet q\u00eb ka n\u00eb dor\u00eb SPAK, a ka p\u00ebrfaq\u00ebsues t\u00eb mazhoranc\u00ebs, Dumani \u2018lau goj\u00ebn\u2019 duke deklaruar:\u00a0<em>&#8220;Nuk kemi par\u00eb \u00e7far\u00eb force politike p\u00ebrfaq\u00ebsojn\u00eb, por kemi hetuar mbi baze t\u00eb provave\u201d.<\/em><\/p>\n<p>M\u00eb tej, ai pranoi indirekt se edhe ato pak hetime q\u00eb po b\u00ebhen p\u00ebr blerje votash, po zvarriten.<\/p>\n<p>Kujtojm\u00eb se votat jan\u00eb bler\u00eb masivisht nga mazhoranca, por n\u00eb ato pak raste kur \u00ebsht\u00eb hetuar, q\u00ebllimi dashakeq i Dumanit dhe SPAK ka qen\u00eb t\u00eb ekspozoj\u00eb opozit\u00ebn si bler\u00ebse votash.<\/p>\n","protected":false},"excerpt":{"rendered":"<p>Altin Dumani amnistoi hapur krimin elektoral t\u00eb Edi Ram\u00ebs gjat\u00eb nj\u00eb diskutimi me gazetar\u00ebt. Ai deklaroi se kall\u00ebzimet p\u00ebr blerjen e vot\u00ebs jan\u00eb b\u00ebr\u00eb kryesisht nga qytetar\u00eb dhe nga forcat politike. Por Dumani u ankua se ata nuk po sjellin prova, nd\u00ebrkoh\u00eb q\u00eb \u00ebsht\u00eb detyra kryesore e SPAK dhe organit t\u00eb akuz\u00ebs q\u00eb t\u00eb gjej\u00eb &hellip;<\/p>\n","protected":false},"author":4,"featured_media":120161,"comment_status":"closed","ping_status":"closed","sticky":false,"template":"","format":"standard","meta":{"footnotes":""},"categories":[37],"tags":[],"class_list":["post-120160","post","type-post","status-publish","format-standard","has-post-thumbnail","","category-politike"],"_links":{"self":[{"href":"https:\/\/rdnews.al\/index.php\/wp-json\/wp\/v2\/posts\/120160","targetHints":{"allow":["GET"]}}],"collection":[{"href":"https:\/\/rdnews.al\/index.php\/wp-json\/wp\/v2\/posts"}],"about":[{"href":"https:\/\/rdnews.al\/index.php\/wp-json\/wp\/v2\/types\/post"}],"author":[{"embeddable":true,"href":"https:\/\/rdnews.al\/index.php\/wp-json\/wp\/v2\/users\/4"}],"replies":[{"embeddable":true,"href":"https:\/\/rdnews.al\/index.php\/wp-json\/wp\/v2\/comments?post=120160"}],"version-history":[{"count":1,"href":"https:\/\/rdnews.al\/index.php\/wp-json\/wp\/v2\/posts\/120160\/revisions"}],"predecessor-version":[{"id":120162,"href":"https:\/\/rdnews.al\/index.php\/wp-json\/wp\/v2\/posts\/120160\/revisions\/120162"}],"wp:featuredmedia":[{"embeddable":true,"href":"https:\/\/rdnews.al\/index.php\/wp-json\/wp\/v2\/media\/120161"}],"wp:attachment":[{"href":"https:\/\/rdnews.al\/index.php\/wp-json\/wp\/v2\/media?parent=120160"}],"wp:term":[{"taxonomy":"category","embeddable":true,"href":"https:\/\/rdnews.al\/index.php\/wp-json\/wp\/v2\/categories?post=120160"},{"taxonomy":"post_tag","embeddable":true,"href":"https:\/\/rdnews.al\/index.php\/wp-json\/wp\/v2\/tags?post=120160"}],"curies":[{"name":"wp","href":"https:\/\/api.w.org\/{rel}","templated":true}]}}