{"id":120163,"date":"2025-07-31T10:24:53","date_gmt":"2025-07-31T10:24:53","guid":{"rendered":"https:\/\/rdnews.al\/?p=120163"},"modified":"2025-07-31T10:24:53","modified_gmt":"2025-07-31T10:24:53","slug":"dumani-merr-ne-mbrojtje-irenen-me-5-mbiemra","status":"publish","type":"post","link":"https:\/\/rdnews.al\/index.php\/2025\/07\/31\/dumani-merr-ne-mbrojtje-irenen-me-5-mbiemra\/","title":{"rendered":"Dumani merr n\u00eb mbrojtje Iren\u00ebn me 5 mbiemra"},"content":{"rendered":"<p>Kreu i SPAK, Altin Dumani i doli n\u00eb mbrojtje sot Irena Gjok\u00ebs, duke konfirmuar se ka nisur nj\u00eb procedim penal ndaj saj, por pa em\u00ebr.<\/p>\n<p>Para disa dit\u00ebsh, kreu i opozit\u00ebs shqiptare, Sali Berisha, denoncoi skandalin e nisjes s\u00eb nj\u00eb procedimi pa em\u00ebr.<\/p>\n<p>Nd\u00ebrkoh\u00eb q\u00eb opozita ka depozituar dokumente t\u00eb pakund\u00ebrshtueshme p\u00ebr krimet e Irena Gjok\u00ebs, Dumani tha se regjistrimi \u00ebsht\u00eb b\u00ebr\u00eb pa em\u00ebr p\u00ebr shkak se duhet provuar fakti penal.<\/p>\n<p>Dumani mashtroi hapur kur tha se, fakti i kall\u00ebzuar nuk \u00ebsht\u00eb zhvilluar n\u00eb Shqip\u00ebri, nd\u00ebrkoh\u00eb q\u00eb krimi i Irena Gjok\u00ebs \u00ebsht\u00eb konsumuar edhe n\u00eb Shqip\u00ebri.<\/p>\n<p>\u201c\u00cbsht\u00eb regjistruar nj\u00eb procedim penal pa em\u00ebr. I kemi kthyer p\u00ebrgjigje zonj\u00ebs Adriana Kalaja. Regjistrimi \u00ebsht\u00eb b\u00ebr\u00eb pa em\u00ebr se duhet t\u00eb provosh faktin penal. Fakti i kall\u00ebzuar nuk \u00ebsht\u00eb zhvilluar n\u00eb Shqip\u00ebri. Duhet t\u00eb provojm\u00eb ekzistenc\u00ebn e faktit penal ku futen n\u00eb loj\u00eb edhe komunikimet me institucionet e tjera\u201d, tha Dumani.<\/p>\n","protected":false},"excerpt":{"rendered":"<p>Kreu i SPAK, Altin Dumani i doli n\u00eb mbrojtje sot Irena Gjok\u00ebs, duke konfirmuar se ka nisur nj\u00eb procedim penal ndaj saj, por pa em\u00ebr. Para disa dit\u00ebsh, kreu i opozit\u00ebs shqiptare, Sali Berisha, denoncoi skandalin e nisjes s\u00eb nj\u00eb procedimi pa em\u00ebr. Nd\u00ebrkoh\u00eb q\u00eb opozita ka depozituar dokumente t\u00eb pakund\u00ebrshtueshme p\u00ebr krimet e Irena &hellip;<\/p>\n","protected":false},"author":4,"featured_media":118139,"comment_status":"closed","ping_status":"closed","sticky":false,"template":"","format":"standard","meta":{"footnotes":""},"categories":[37],"tags":[],"class_list":["post-120163","post","type-post","status-publish","format-standard","has-post-thumbnail","","category-politike"],"_links":{"self":[{"href":"https:\/\/rdnews.al\/index.php\/wp-json\/wp\/v2\/posts\/120163","targetHints":{"allow":["GET"]}}],"collection":[{"href":"https:\/\/rdnews.al\/index.php\/wp-json\/wp\/v2\/posts"}],"about":[{"href":"https:\/\/rdnews.al\/index.php\/wp-json\/wp\/v2\/types\/post"}],"author":[{"embeddable":true,"href":"https:\/\/rdnews.al\/index.php\/wp-json\/wp\/v2\/users\/4"}],"replies":[{"embeddable":true,"href":"https:\/\/rdnews.al\/index.php\/wp-json\/wp\/v2\/comments?post=120163"}],"version-history":[{"count":1,"href":"https:\/\/rdnews.al\/index.php\/wp-json\/wp\/v2\/posts\/120163\/revisions"}],"predecessor-version":[{"id":120164,"href":"https:\/\/rdnews.al\/index.php\/wp-json\/wp\/v2\/posts\/120163\/revisions\/120164"}],"wp:featuredmedia":[{"embeddable":true,"href":"https:\/\/rdnews.al\/index.php\/wp-json\/wp\/v2\/media\/118139"}],"wp:attachment":[{"href":"https:\/\/rdnews.al\/index.php\/wp-json\/wp\/v2\/media?parent=120163"}],"wp:term":[{"taxonomy":"category","embeddable":true,"href":"https:\/\/rdnews.al\/index.php\/wp-json\/wp\/v2\/categories?post=120163"},{"taxonomy":"post_tag","embeddable":true,"href":"https:\/\/rdnews.al\/index.php\/wp-json\/wp\/v2\/tags?post=120163"}],"curies":[{"name":"wp","href":"https:\/\/api.w.org\/{rel}","templated":true}]}}