{"id":120165,"date":"2025-07-31T10:35:18","date_gmt":"2025-07-31T10:35:18","guid":{"rendered":"https:\/\/rdnews.al\/?p=120165"},"modified":"2025-07-31T10:35:18","modified_gmt":"2025-07-31T10:35:18","slug":"nje-tjeter-akuze-ndaj-veliajt-dumani-u-zbulua-tek-dosja-e-ish-deputetit-socialist-jurgis-cyrbja","status":"publish","type":"post","link":"https:\/\/rdnews.al\/index.php\/2025\/07\/31\/nje-tjeter-akuze-ndaj-veliajt-dumani-u-zbulua-tek-dosja-e-ish-deputetit-socialist-jurgis-cyrbja\/","title":{"rendered":"Nj\u00eb tjet\u00ebr akuz\u00eb ndaj Veliajt! Dumani: U zbulua tek dosja e ish-deputetit socialist Jurgis \u00c7yrbja"},"content":{"rendered":"<p>Nj\u00eb tjet\u00ebr dosje po p\u00ebrpilohet p\u00ebr kryetarin e bashkis\u00eb s\u00eb Tiran\u00ebs, Erion Veliaj, \u00a0i marr\u00eb i pandehur me bashk\u00ebshorten e tij Ajola Xoxa dhe t\u00eb af\u00ebrm t\u00eb tyre pasi akuzohen se jan\u00eb p\u00ebrfshir\u00eb n\u00eb nj\u00eb skem\u00eb t\u00eb dyshuar p\u00ebr korrupsion dhe pastrim parash p\u00ebrmes lejeve nd\u00ebrtimi, pronave dhe OJF-ve t\u00eb lidhura me Bashkin\u00eb e Tiran\u00ebs.<\/p>\n<p>\u201cKa nj\u00eb fraksion tjet\u00ebr hetimor p\u00ebr Erion Veliajn. Po hetohen disa fakte penale\u201d, tha Dumani sot n\u00eb nj\u00eb takim me gazetar\u00ebt sot paradite por pa b\u00ebr\u00eb t\u00eb ditur se p\u00ebr \u00e7far\u00eb b\u00ebhet fjal\u00eb<\/p>\n<p>I pyetur n\u00eb lidhje me akuzat e Veliajt Dumani pati nj\u00eb p\u00ebrgjigje shkurt: \u201cNuk kam nd\u00ebrmend t\u00eb lexoj pyetjet e t\u00eb pandehurve dhe t\u2019i p\u00ebrgjigjem. Ne reagojm\u00eb me akte. Kur institucioni e sheh t\u00eb arsyeshme reagon n\u00eb m\u00ebnyre publike. N\u00eb raport me procesin ne i p\u00ebrgjigjemi n\u00ebse i pandehuri apo avokati sjell nj\u00eb k\u00ebrkes\u00eb ose memo dhe aty vendosim ti marrim n\u00eb konsiderat\u00eb k\u00ebrkesat e personit n\u00ebn hetim.<\/p>\n<p>Sa i takon aplikacionit Matrix, Dumani tha se, jan\u00eb shfryt\u00ebzuar t\u00eb dhwnat nga dosja e ish deputetit socialist Jurgis \u00c7yrbja. \u2018Vet\u00ebm kaq mund t\u2019iu them\u201d, shtoi ai.<\/p>\n<p><strong>A ka frik\u00eb nga politika p\u00ebr kufizim kompetencash<\/strong><strong>?<\/strong><\/p>\n<p>SPAK \u00ebsht\u00eb krijim i vullnetit politik dhe reforma n\u00eb drejt\u00ebsi me 140 vota. N\u00ebse politika vendos q\u00eb SPAK nuk \u00ebsht\u00eb me i nevojshem apo ti kufizojm\u00eb kompetencat \u00ebsht\u00eb e drejt\u00eb e tyre. SPAK u krijua dhe si vullnet i partner\u00ebve nd\u00ebrkomb\u00ebtare dhe sot \u00ebsht\u00eb partneri m\u00eb i besueshem i partnereve nd\u00ebrkombetar\u00eb\u201d<\/p>\n<p><strong>Dosja e Veliajt<\/strong><\/p>\n<p>M\u00eb 23 korrik\u00a0Prokuroria e Posa\u00e7me Kund\u00ebr Korrupsionit dhe Krimit t\u00eb Organizuar (SPAK) morri\u00a0t\u00eb pandehur 30 persona fizik\u00eb dhe juridik\u00eb, n\u00eb kuad\u00ebr t\u00eb nj\u00eb hetimi t\u00eb gjer\u00eb p\u00ebr korrupsion dhe pastrim parash n\u00eb Bashkin\u00eb e Tiran\u00ebs, ku n\u00eb qend\u00ebr t\u00eb akuzave ndodhen kryebashkiaku Erion Veliaj dhe bashk\u00ebshortja e tij, Ajola Xoxa.<\/p>\n<p>Nd\u00ebr t\u00eb pandehurit \u00ebsht\u00eb dhe ish-deputetja e Partis\u00eb Socialiste, Klotilda Bushka, e cila akuzohet p\u00ebr \u201cveprime q\u00eb pengojn\u00eb zbulimin e s\u00eb v\u00ebrtet\u00ebs\u201d. SPAK i ka komunikuar akuz\u00ebn zyrtarisht, duke e b\u00ebr\u00eb at\u00eb pjes\u00eb t\u00eb hetimit q\u00eb p\u00ebrfshin gjithashtu zyrtar\u00eb t\u00eb tjer\u00eb t\u00eb bashkis\u00eb dhe familjar\u00eb t\u00eb Ajola Xox\u00ebs.<\/p>\n<p>T\u00eb pandehur jan\u00eb marr\u00eb Adela Kondak\u00e7iu dhe Flutur Xhani, Valmir Xoxa daja i Ajola Xoxes.<\/p>\n","protected":false},"excerpt":{"rendered":"<p>Nj\u00eb tjet\u00ebr dosje po p\u00ebrpilohet p\u00ebr kryetarin e bashkis\u00eb s\u00eb Tiran\u00ebs, Erion Veliaj, \u00a0i marr\u00eb i pandehur me bashk\u00ebshorten e tij Ajola Xoxa dhe t\u00eb af\u00ebrm t\u00eb tyre pasi akuzohen se jan\u00eb p\u00ebrfshir\u00eb n\u00eb nj\u00eb skem\u00eb t\u00eb dyshuar p\u00ebr korrupsion dhe pastrim parash p\u00ebrmes lejeve nd\u00ebrtimi, pronave dhe OJF-ve t\u00eb lidhura me Bashkin\u00eb e Tiran\u00ebs. &hellip;<\/p>\n","protected":false},"author":4,"featured_media":120166,"comment_status":"closed","ping_status":"closed","sticky":false,"template":"","format":"standard","meta":{"footnotes":""},"categories":[37],"tags":[],"class_list":["post-120165","post","type-post","status-publish","format-standard","has-post-thumbnail","","category-politike"],"_links":{"self":[{"href":"https:\/\/rdnews.al\/index.php\/wp-json\/wp\/v2\/posts\/120165","targetHints":{"allow":["GET"]}}],"collection":[{"href":"https:\/\/rdnews.al\/index.php\/wp-json\/wp\/v2\/posts"}],"about":[{"href":"https:\/\/rdnews.al\/index.php\/wp-json\/wp\/v2\/types\/post"}],"author":[{"embeddable":true,"href":"https:\/\/rdnews.al\/index.php\/wp-json\/wp\/v2\/users\/4"}],"replies":[{"embeddable":true,"href":"https:\/\/rdnews.al\/index.php\/wp-json\/wp\/v2\/comments?post=120165"}],"version-history":[{"count":1,"href":"https:\/\/rdnews.al\/index.php\/wp-json\/wp\/v2\/posts\/120165\/revisions"}],"predecessor-version":[{"id":120167,"href":"https:\/\/rdnews.al\/index.php\/wp-json\/wp\/v2\/posts\/120165\/revisions\/120167"}],"wp:featuredmedia":[{"embeddable":true,"href":"https:\/\/rdnews.al\/index.php\/wp-json\/wp\/v2\/media\/120166"}],"wp:attachment":[{"href":"https:\/\/rdnews.al\/index.php\/wp-json\/wp\/v2\/media?parent=120165"}],"wp:term":[{"taxonomy":"category","embeddable":true,"href":"https:\/\/rdnews.al\/index.php\/wp-json\/wp\/v2\/categories?post=120165"},{"taxonomy":"post_tag","embeddable":true,"href":"https:\/\/rdnews.al\/index.php\/wp-json\/wp\/v2\/tags?post=120165"}],"curies":[{"name":"wp","href":"https:\/\/api.w.org\/{rel}","templated":true}]}}