{"id":12019,"date":"2022-05-11T16:22:31","date_gmt":"2022-05-11T16:22:31","guid":{"rendered":"https:\/\/rdnews.al\/?p=12019"},"modified":"2022-05-11T16:24:10","modified_gmt":"2022-05-11T16:24:10","slug":"shkrimtari-amerikan-ish-presidenti-i-vendit-europian-tregon-se-si-soros-u-infiltrua-ne-vendin-e-tij","status":"publish","type":"post","link":"https:\/\/rdnews.al\/index.php\/2022\/05\/11\/shkrimtari-amerikan-ish-presidenti-i-vendit-europian-tregon-se-si-soros-u-infiltrua-ne-vendin-e-tij\/","title":{"rendered":"Shkrimtari amerikan: Ish-Presidenti i vendit europian tregon se si Soros u infiltrua n\u00eb vendin e tij"},"content":{"rendered":"<p><strong>Nga\u00a0Matt PALUMBO <\/strong><\/p>\n<p>Para se t\u00eb prezantoja librin tim \u2018Njeriu pas perdes: Brenda rrjetit sekret t\u00eb George Soros\u2019 n\u00eb mars, me mua u bashkua Sali Berisha, ish-President i Shqip\u00ebris\u00eb (1992\u20131997) dhe ish-kryeminist\u00ebr (2005\u20132013), i cili udh\u00ebhoqi vendin n\u00eb daljen nga komunizmi dhe betejat e t\u00eb cilit me Sorosin i kam hasur n\u00eb k\u00ebrkimin tim.<\/p>\n<p>Berisha ishte presidenti i par\u00eb jokomunist i vendit q\u00eb nga vendosja e demokracis\u00eb dhe u ndikua fort nga programi ekonomik i Ronald Reagan n\u00eb ringritjen e vendit t\u00eb tij. Ai ka qen\u00eb kreu i Partis\u00eb Demokratike, parti e krahut t\u00eb djatht\u00eb (nj\u00eb post q\u00eb mund ta rifitoj\u00eb), e cila aktualisht \u00ebsht\u00eb n\u00eb opozit\u00eb me Partin\u00eb Socialiste n\u00eb pushtet.<\/p>\n<p>Si\u00e7 shpjegon Berisha p\u00ebr takimet e para me Sorosin, miliarderi k\u00ebrkonte t\u00eb shfryt\u00ebzonte Shqip\u00ebrin\u00eb e lir\u00eb dhe fillimisht u paraqit si filantrop, duke financuar nd\u00ebrtimin e shkollave e spitaleve, midis aktiviteteve t\u00eb tjera t\u00eb financuara nga OJQ-t\u00eb e tij. Sigurisht, Soros e b\u00ebn gjith\u00e7ka p\u00ebr t\u00eb fituar pushtet p\u00ebr vete, \u00e7ka Berisha e m\u00ebsoi shpejt.<\/p>\n<p>Si kritik vokal i Sorosit, Berisha \u00ebsht\u00eb viktim\u00eb e ndikimit t\u00eb Sorosit n\u00eb Sht\u00ebpin\u00eb e Bardh\u00eb t\u00eb Bidenit. N\u00eb maj t\u00eb vitit t\u00eb kaluar, Sekretari i Shtetit Anthony Blinken i ndaloi Berish\u00ebs hyrjen n\u00eb SHBA, duke e sanksionuar p\u00ebr akuza t\u00eb pretenduara p\u00ebr korrupsion q\u00eb daton mbi nj\u00eb dekad\u00eb m\u00eb par\u00eb.<\/p>\n<p>Vlen t\u00eb pyetet se pse nj\u00eb President Demokrat i koh\u00ebve t\u00eb fundit si Barack Obama nuk e kishte nd\u00ebrmarr\u00eb nj\u00eb aksion t\u00eb till\u00eb n\u00ebse kishte prova p\u00ebr akuzat. Asnj\u00eb detaj p\u00ebr t\u00eb mb\u00ebshtetur akuzat nuk u dha nga Blinken dhe Berisha k\u00ebmb\u00ebngul q\u00eb ka \u2018zero prova\u2019 pas akuzave p\u00ebr korrupsion, duke deklaruar se sanksionet amerikane u bazuan mbi informacionin e rrem\u00eb nga organet e medias t\u00eb mb\u00ebshtetura nga Soros.<\/p>\n<p>P\u00ebrgjegj\u00ebs p\u00ebr akuzat p\u00ebr korrupsion t\u00eb Berish\u00ebs \u00ebsht\u00eb East-West Management Institute. Instituti drejtohet nga nj\u00eb grua e quajtur Delina Fico, e cila ka titullin Drejtore e Shoq\u00ebris\u00eb Civile. East-West Management Institute \u00ebsht\u00eb nj\u00eb nga grupet e financuar nga Soros (tjetri \u00ebsht\u00eb Central European University) p\u00ebr t\u00eb cil\u00ebt thot\u00eb se i sheh si institucione t\u00eb p\u00ebrhershme. Fico dikur ka qen\u00eb e fejuar me kryeministrin Edi Rama dhe m\u00eb pas u martua me Bledi \u00c7u\u00e7in, nj\u00eb nga aleat\u00ebt m\u00eb t\u00eb af\u00ebrt t\u00eb Ram\u00ebs.<\/p>\n<p>Kongresmeni Zeldin (PR) iu referua lidhjeve me Sorosin kur i b\u00ebri pyetje Blinkeni gjat\u00eb nj\u00eb mbledhjeje t\u00eb Komitetit p\u00ebr Pun\u00ebt e Jashtme n\u00eb Dhom\u00ebn e Ul\u00ebt t\u00eb Kongresit n\u00eb qershorin e kaluar rreth sanksioneve drastike q\u00eb dol\u00ebn \u2018me sa duket, nga hi\u00e7i\u2019.<\/p>\n<p>\u2018\u00c7far\u00eb informacioni specifik mund t\u00eb ndani me Komitetin p\u00ebr t\u00eb p\u00ebrligjur k\u00ebt\u00eb l\u00ebvizje dramatike?\u2019, e pyeti Zeldin. Blinken mohoi t\u00eb kishte komunikim me Sorosin, por tha se nuk mund t\u00eb fliste p\u00ebr k\u00ebdo tjet\u00ebr n\u00eb Departamentin e Shtetit. Kur u k\u00ebmb\u00ebngul te provat p\u00ebr korrupsionin, Blinken tha se ishin ndjekur t\u00eb gjith\u00eb protokoll\u00ebt e duhur, por s\u00ebrish pa dh\u00ebn\u00eb prova p\u00ebr korrupsion.<\/p>\n<p>Me sa duket, Blinken nuk mund t\u00eb flas\u00eb n\u00eb em\u00ebr t\u00eb askujt tjet\u00ebr n\u00eb Departamentin e Shtetit kur bie fjala p\u00ebr lidhjet e tyre me Soros, madje as n\u00eb em\u00ebr t\u00eb vet\u00eb babait t\u00eb tij.<\/p>\n<p>I ati i Antony, Donald Blinken, dhe gruaja e tij Vera financuan Arkivat e Shoq\u00ebris\u00eb s\u00eb Hapur Vera &amp; Donald Blinken n\u00eb Universitetin e Evrop\u00ebs Qendrore (ECU), e cila p\u00ebrmban nj\u00eb koleksion dixhital t\u00eb dokumenteve historike hungareze. N\u00eb nj\u00eb raport t\u00eb Soros Foundations Network m\u00eb 2002, babai i Blinken renditet i treti n\u00eb list\u00ebn e Bordit t\u00eb t\u00eb Besuarve, pas kryetarit Soros dhe Aryeh Neier.<\/p>\n<p>Donald Blinken ka qen\u00eb Ambasador i SHBA n\u00eb Hungari nga 1994 deri m\u00eb 1998, pik\u00ebrisht kur Soros po p\u00ebrgatiste terrenin atje, dhe ai e gruaja e tij kishin lidhje t\u00eb ngushta me qeverin\u00eb socialiste.<\/p>\n<p>Blogu i p\u00ebrditsh\u00ebm Hungarian Spectrum, i cili p\u00ebrmend Sorosin midis donator\u00ebve t\u00eb tij, ishte entuziast p\u00ebr Blinken si Sekretar Shteti i mundsh\u00ebm pas zgjedhjeve m\u00eb 2020, sepse \u2018Hungaria nuk do t\u00eb lihej n\u00eb harres\u00eb gjat\u00eb kat\u00ebr apo ndoshta tet\u00eb viteve t\u00eb ardhsh\u00ebm n\u00eb Washington\u2019.<\/p>\n<p>Pasi Blinken u konfirmua si Sekretar Shteti, gazeta hungareze Magyar Nemzet e quante \u2018lajm i madh p\u00ebr George Soros\u2019.<\/p>\n<p>P\u00ebr ta p\u00ebrmbledhur, kemi nj\u00eb kritik t\u00eb Sorosit q\u00eb i rezistoi ndikimit t\u00eb tij, i sanksionuar nga nj\u00eb mik familjeje i Sorosit t\u00eb cilit iu ofruan akuzat nga bashk\u00ebpun\u00ebtorja e Sorosit, ish e fejuar e kreut t\u00eb Partis\u00eb Socialiste q\u00eb Berisha e kund\u00ebrshton. Kaq e dukshme \u00ebsht\u00eb e v\u00ebrteta k\u00ebtu sa q\u00eb vet\u00ebm nj\u00eb liberal mund ta refuzoj\u00eb si \u2018teori konspirative\u2019.<\/p>\n","protected":false},"excerpt":{"rendered":"<p>Nga\u00a0Matt PALUMBO Para se t\u00eb prezantoja librin tim \u2018Njeriu pas perdes: Brenda rrjetit sekret t\u00eb George Soros\u2019 n\u00eb mars, me mua u bashkua Sali Berisha, ish-President i Shqip\u00ebris\u00eb (1992\u20131997) dhe ish-kryeminist\u00ebr (2005\u20132013), i cili udh\u00ebhoqi vendin n\u00eb daljen nga komunizmi dhe betejat e t\u00eb cilit me Sorosin i kam hasur n\u00eb k\u00ebrkimin tim. Berisha ishte &hellip;<\/p>\n","protected":false},"author":4,"featured_media":12022,"comment_status":"open","ping_status":"open","sticky":false,"template":"","format":"standard","meta":{"footnotes":""},"categories":[40],"tags":[],"class_list":["post-12019","post","type-post","status-publish","format-standard","has-post-thumbnail","","category-aktualitet"],"_links":{"self":[{"href":"https:\/\/rdnews.al\/index.php\/wp-json\/wp\/v2\/posts\/12019","targetHints":{"allow":["GET"]}}],"collection":[{"href":"https:\/\/rdnews.al\/index.php\/wp-json\/wp\/v2\/posts"}],"about":[{"href":"https:\/\/rdnews.al\/index.php\/wp-json\/wp\/v2\/types\/post"}],"author":[{"embeddable":true,"href":"https:\/\/rdnews.al\/index.php\/wp-json\/wp\/v2\/users\/4"}],"replies":[{"embeddable":true,"href":"https:\/\/rdnews.al\/index.php\/wp-json\/wp\/v2\/comments?post=12019"}],"version-history":[{"count":0,"href":"https:\/\/rdnews.al\/index.php\/wp-json\/wp\/v2\/posts\/12019\/revisions"}],"wp:featuredmedia":[{"embeddable":true,"href":"https:\/\/rdnews.al\/index.php\/wp-json\/wp\/v2\/media\/12022"}],"wp:attachment":[{"href":"https:\/\/rdnews.al\/index.php\/wp-json\/wp\/v2\/media?parent=12019"}],"wp:term":[{"taxonomy":"category","embeddable":true,"href":"https:\/\/rdnews.al\/index.php\/wp-json\/wp\/v2\/categories?post=12019"},{"taxonomy":"post_tag","embeddable":true,"href":"https:\/\/rdnews.al\/index.php\/wp-json\/wp\/v2\/tags?post=12019"}],"curies":[{"name":"wp","href":"https:\/\/api.w.org\/{rel}","templated":true}]}}