{"id":120229,"date":"2025-08-01T09:32:56","date_gmt":"2025-08-01T09:32:56","guid":{"rendered":"https:\/\/rdnews.al\/?p=120229"},"modified":"2025-08-01T09:32:56","modified_gmt":"2025-08-01T09:32:56","slug":"berisha-vendos-gjithcka-pret-penallti-shenon-vete-dhe-eleminon-anderlechtin-e-hasit","status":"publish","type":"post","link":"https:\/\/rdnews.al\/index.php\/2025\/08\/01\/berisha-vendos-gjithcka-pret-penallti-shenon-vete-dhe-eleminon-anderlechtin-e-hasit\/","title":{"rendered":"Berisha vendos gjith\u00e7ka: Pret penallti, sh\u00ebnon vet\u00eb dhe eleminon Anderlechtin e Hasit"},"content":{"rendered":"<p><strong>Klubi suedez BK Hacken ka siguruar kualifikimin n\u00eb rrethin e tret\u00eb t\u00eb Lig\u00ebs s\u00eb Evrop\u00ebs.<\/strong><\/p>\n<p><span data-contrast=\"auto\">Kjo u b\u00eb e mundur pasi ata triumfuan pas ekzekutimit t\u00eb penalltive me rezultat 4-2 ndaj gjigantit belg, Anderlecht.<\/span><span data-ccp-props=\"{}\">\u00a0<\/span><\/p>\n<p><span data-contrast=\"auto\">M\u00eb meritori p\u00ebr k\u00ebt\u00eb kualifikim t\u00eb suedez\u00ebve ishte padyshim portieri shqiptar, Etrit Berisha.<\/span><span data-ccp-props=\"{}\">\u00a0<\/span><\/p>\n<p><span data-contrast=\"auto\">Berisha u tregua fenomenal n\u00eb k\u00ebt\u00eb takim, duke arritur t\u00eb pres\u00eb nj\u00eb penallti dhe duke sh\u00ebnuar at\u00eb vendimtaren.<\/span><span data-ccp-props=\"{}\">\u00a0<\/span><\/p>\n<p><img loading=\"lazy\" decoding=\"async\" class=\"alignnone size-full wp-image-4341225\" src=\"https:\/\/telegrafi.com\/wp-content\/uploads\/2025\/07\/Screenshot-2025-07-31-222406.jpg\" alt=\"\" width=\"991\" height=\"555\" \/><\/p>\n<p><span data-contrast=\"auto\">36-vje\u00e7ari u tregua \u2018i ftoht\u00eb\u2019 nga pika e bardh\u00eb p\u00ebr t\u00eb realizuar penalltin\u00eb e kat\u00ebrt, e cila i dha kualifikimin ekipit t\u00eb tij dhe eliminoi Anderlechtin e Besnik Hasit.<\/span><span data-ccp-props=\"{}\">\u00a0<\/span><\/p>\n<p><span data-contrast=\"auto\">Momente t\u00eb tilla kur nj\u00eb portier pret nj\u00eb penallti dhe sh\u00ebnon nj\u00eb tjet\u00ebr jan\u00eb t\u00eb rralla dhe n\u00eb k\u00ebt\u00eb nat\u00eb evropiane Berisha ishte protagonist i nj\u00eb skenari t\u00eb till\u00eb.<\/span><\/p>\n","protected":false},"excerpt":{"rendered":"<p>Klubi suedez BK Hacken ka siguruar kualifikimin n\u00eb rrethin e tret\u00eb t\u00eb Lig\u00ebs s\u00eb Evrop\u00ebs. Kjo u b\u00eb e mundur pasi ata triumfuan pas ekzekutimit t\u00eb penalltive me rezultat 4-2 ndaj gjigantit belg, Anderlecht.\u00a0 M\u00eb meritori p\u00ebr k\u00ebt\u00eb kualifikim t\u00eb suedez\u00ebve ishte padyshim portieri shqiptar, Etrit Berisha.\u00a0 Berisha u tregua fenomenal n\u00eb k\u00ebt\u00eb takim, duke &hellip;<\/p>\n","protected":false},"author":4,"featured_media":120230,"comment_status":"closed","ping_status":"closed","sticky":false,"template":"","format":"standard","meta":{"footnotes":""},"categories":[39],"tags":[],"class_list":["post-120229","post","type-post","status-publish","format-standard","has-post-thumbnail","","category-sport"],"_links":{"self":[{"href":"https:\/\/rdnews.al\/index.php\/wp-json\/wp\/v2\/posts\/120229","targetHints":{"allow":["GET"]}}],"collection":[{"href":"https:\/\/rdnews.al\/index.php\/wp-json\/wp\/v2\/posts"}],"about":[{"href":"https:\/\/rdnews.al\/index.php\/wp-json\/wp\/v2\/types\/post"}],"author":[{"embeddable":true,"href":"https:\/\/rdnews.al\/index.php\/wp-json\/wp\/v2\/users\/4"}],"replies":[{"embeddable":true,"href":"https:\/\/rdnews.al\/index.php\/wp-json\/wp\/v2\/comments?post=120229"}],"version-history":[{"count":1,"href":"https:\/\/rdnews.al\/index.php\/wp-json\/wp\/v2\/posts\/120229\/revisions"}],"predecessor-version":[{"id":120231,"href":"https:\/\/rdnews.al\/index.php\/wp-json\/wp\/v2\/posts\/120229\/revisions\/120231"}],"wp:featuredmedia":[{"embeddable":true,"href":"https:\/\/rdnews.al\/index.php\/wp-json\/wp\/v2\/media\/120230"}],"wp:attachment":[{"href":"https:\/\/rdnews.al\/index.php\/wp-json\/wp\/v2\/media?parent=120229"}],"wp:term":[{"taxonomy":"category","embeddable":true,"href":"https:\/\/rdnews.al\/index.php\/wp-json\/wp\/v2\/categories?post=120229"},{"taxonomy":"post_tag","embeddable":true,"href":"https:\/\/rdnews.al\/index.php\/wp-json\/wp\/v2\/tags?post=120229"}],"curies":[{"name":"wp","href":"https:\/\/api.w.org\/{rel}","templated":true}]}}