{"id":12024,"date":"2022-05-11T16:28:57","date_gmt":"2022-05-11T16:28:57","guid":{"rendered":"https:\/\/rdnews.al\/?p=12024"},"modified":"2022-05-11T16:29:17","modified_gmt":"2022-05-11T16:29:17","slug":"vasili-rames-nena-e-budallenjve-eshte-gjithmone-me-barre","status":"publish","type":"post","link":"https:\/\/rdnews.al\/index.php\/2022\/05\/11\/vasili-rames-nena-e-budallenjve-eshte-gjithmone-me-barre\/","title":{"rendered":"Vasili-Ram\u00ebs: N\u00ebna e budallenjve \u00ebsht\u00eb gjithmon\u00eb me barr\u00eb"},"content":{"rendered":"<p><strong>Zv\/kryetari i LSI, Petrit Vasili ka reaguar pas skandalit t\u00eb Edi Ram\u00ebs n\u00eb konferenc\u00ebn e sotme me gazetar\u00ebt nga selia e PS.<\/strong><\/p>\n<p>Kryeministri l\u00ebshoi fyerje ndaj gazetarit t\u00eb A2, pasi ky i fundit i b\u00ebri nj\u00eb pyetje t\u00eb drejtp\u00ebrdrejt\u00eb p\u00ebr njeriun e dosjes 184, Ulsi Manja, sot minist\u00ebr i Drejt\u00ebsis\u00eb.<\/p>\n<p>Numri dy i LSI shkruan n\u00eb rrjetet sociale se Rama flet vet\u00ebm budall\u00ebqe dhe iu drejtua atij p\u00ebrmes nj\u00eb shprehje italiane:\u00a0<em>&#8220;La mamma dei cretini e sempre incinta&#8221;.\u00a0<\/em><\/p>\n<p><strong>Reagimi i Vasilit\u00a0<\/strong><br \/>\n<em>K\u00ebtij Ram\u00ebs, q\u00eb flet vet\u00ebm budall\u00ebqe i rri kaq mir\u00eb shprehja italiane:\u00a0<\/em><\/p>\n<p><em>&#8220;La mamma dei cretini e sempre incinta&#8221;<\/em><\/p>\n<p><em>N\u00eb shqip: (N\u00ebna e budallenjve \u00ebsht\u00eb gjithmon\u00eb me barr\u00eb)<\/em><\/p>\n","protected":false},"excerpt":{"rendered":"<p>Zv\/kryetari i LSI, Petrit Vasili ka reaguar pas skandalit t\u00eb Edi Ram\u00ebs n\u00eb konferenc\u00ebn e sotme me gazetar\u00ebt nga selia e PS. Kryeministri l\u00ebshoi fyerje ndaj gazetarit t\u00eb A2, pasi ky i fundit i b\u00ebri nj\u00eb pyetje t\u00eb drejtp\u00ebrdrejt\u00eb p\u00ebr njeriun e dosjes 184, Ulsi Manja, sot minist\u00ebr i Drejt\u00ebsis\u00eb. Numri dy i LSI shkruan &hellip;<\/p>\n","protected":false},"author":4,"featured_media":0,"comment_status":"open","ping_status":"open","sticky":false,"template":"","format":"standard","meta":{"footnotes":""},"categories":[37],"tags":[],"class_list":["post-12024","post","type-post","status-publish","format-standard","","category-politike"],"_links":{"self":[{"href":"https:\/\/rdnews.al\/index.php\/wp-json\/wp\/v2\/posts\/12024","targetHints":{"allow":["GET"]}}],"collection":[{"href":"https:\/\/rdnews.al\/index.php\/wp-json\/wp\/v2\/posts"}],"about":[{"href":"https:\/\/rdnews.al\/index.php\/wp-json\/wp\/v2\/types\/post"}],"author":[{"embeddable":true,"href":"https:\/\/rdnews.al\/index.php\/wp-json\/wp\/v2\/users\/4"}],"replies":[{"embeddable":true,"href":"https:\/\/rdnews.al\/index.php\/wp-json\/wp\/v2\/comments?post=12024"}],"version-history":[{"count":0,"href":"https:\/\/rdnews.al\/index.php\/wp-json\/wp\/v2\/posts\/12024\/revisions"}],"wp:attachment":[{"href":"https:\/\/rdnews.al\/index.php\/wp-json\/wp\/v2\/media?parent=12024"}],"wp:term":[{"taxonomy":"category","embeddable":true,"href":"https:\/\/rdnews.al\/index.php\/wp-json\/wp\/v2\/categories?post=12024"},{"taxonomy":"post_tag","embeddable":true,"href":"https:\/\/rdnews.al\/index.php\/wp-json\/wp\/v2\/tags?post=12024"}],"curies":[{"name":"wp","href":"https:\/\/api.w.org\/{rel}","templated":true}]}}