{"id":120311,"date":"2025-08-01T20:09:36","date_gmt":"2025-08-01T20:09:36","guid":{"rendered":"https:\/\/rdnews.al\/?p=120311"},"modified":"2025-08-01T20:10:12","modified_gmt":"2025-08-01T20:10:12","slug":"be-kunder-rames-ndryshimet-ne-kodin-penal-shkelin-te-drejtat-dhe-lirite-e-qytetareve-jemi-te-shqetesuar","status":"publish","type":"post","link":"https:\/\/rdnews.al\/index.php\/2025\/08\/01\/be-kunder-rames-ndryshimet-ne-kodin-penal-shkelin-te-drejtat-dhe-lirite-e-qytetareve-jemi-te-shqetesuar\/","title":{"rendered":"BE kund\u00ebr Ram\u00ebs: Ndryshimet n\u00eb Kodin Penal shkelin t\u00eb drejtat dhe lirit\u00eb e qytetar\u00ebve, jemi t\u00eb shqet\u00ebsuar"},"content":{"rendered":"<p><strong>Reagimi i Delegacionit t\u00eb BE n\u00eb Tiran\u00eb:<\/strong><\/p>\n<p>Bashkimi Evropian ka marr\u00eb njoftim mbi prezantimin e projekt-amendamenteve t\u00eb Kodit Penal, rezultat i pun\u00ebs s\u00eb nj\u00eb grupi ekspert\u00ebsh t\u00eb ngarkuar nga qeveria.<\/p>\n<p>Bashkimi Evropian nuk ka qen\u00eb pjes\u00eb e k\u00ebtij grupi ekspert\u00ebsh dhe aktualisht po shqyrton projekt-ndryshimet e propozuara, t\u00eb cilat p\u00ebrfshijn\u00eb nj\u00eb gam\u00eb t\u00eb gjer\u00eb \u00e7\u00ebshtjesh.<\/p>\n<p>Megjithat\u00eb, jemi n\u00eb dijeni p\u00ebr shqet\u00ebsimet serioze t\u00eb shprehura nga p\u00ebrfaq\u00ebsues t\u00eb sistemit t\u00eb drejt\u00ebsis\u00eb, si dhe nga shoq\u00ebria civile, n\u00eb lidhje me disa prej ndryshimeve t\u00eb propozuara. Jemi ve\u00e7an\u00ebrisht t\u00eb shqet\u00ebsuar p\u00ebr ndryshimet ligjore t\u00eb propozuara nga grupi i pun\u00ebs, t\u00eb cilat mund t\u00eb ken\u00eb ndikim negativ mbi t\u00eb drejtat e qytetar\u00ebve, lirin\u00eb e shprehjes dhe lirin\u00eb e medias.<\/p>\n<p>K\u00ebto dispozita nuk jan\u00eb n\u00eb p\u00ebrputhje me standardet e BE-s\u00eb dhe jemi t\u00eb bindur se, n\u00eb kuad\u00ebr t\u00eb procesit t\u00eb konsultimit dhe n\u00eb kuad\u00ebr t\u00eb angazhimeve p\u00ebr an\u00ebtar\u00ebsim, k\u00ebto shqet\u00ebsime do t\u00eb adresohen.<\/p>\n<p>Rishikimi i p\u00ebrgjithsh\u00ebm i Kodit Penal \u00ebsht\u00eb nj\u00eb proces i r\u00ebnd\u00ebsish\u00ebm dhe kompleks, me nj\u00eb ndikim t\u00eb mundsh\u00ebm afatgjat\u00eb n\u00eb shoq\u00ebri dhe n\u00eb sistemin e drejt\u00ebsis\u00eb, BE-ja n\u00ebnvizon r\u00ebnd\u00ebsin\u00eb e garantimit t\u00eb nj\u00eb konsultimi gjith\u00ebp\u00ebrfshir\u00ebs dhe t\u00eb plot\u00eb me t\u00eb gjitha institucionet kryesore t\u00eb drejt\u00ebsis\u00eb dhe aktor\u00ebt e shtetit t\u00eb s\u00eb drejt\u00ebs, si dhe me shoq\u00ebrin\u00eb civile, p\u00ebr t\u00eb garantuar cil\u00ebsin\u00eb m\u00eb t\u00eb lart\u00eb t\u00eb legjislacionit q\u00eb do t\u00eb miratohet.<\/p>\n<p>N\u00eb kuad\u00ebr t\u00eb negociatave t\u00eb an\u00ebtar\u00ebsimit n\u00eb Bashkimin Evropian, Shqip\u00ebria pritet t\u00eb ndryshoj\u00eb nj\u00eb num\u00ebr dispozitash specifike t\u00eb Kodit Penal p\u00ebr t\u2019u p\u00ebrafruar standardeve evropiane dhe legjislacionit t\u00eb BE-s\u00eb.<\/p>\n<p>N\u00eb periudh\u00ebn afatshkurt\u00ebr, BE-ja e inkurajon Shqip\u00ebrin\u00eb t\u2019i jap\u00eb p\u00ebrpar\u00ebsi atyre ndryshime legjislative q\u00eb jan\u00eb t\u00eb nevojshme p\u00ebr t\u00eb p\u00ebrmbushur standardet nd\u00ebrmjet\u00ebse t\u00eb p\u00ebrcaktuara n\u00eb Q\u00ebndrimin e P\u00ebrbashk\u00ebt t\u00eb BE-s\u00eb p\u00ebr Grup-kapitullin 1 (p.sh. dekriminalizimi i shpifjes, rishikimi i kuadrit ligjor p\u00ebr trafikun e drog\u00ebs, trafikun e qenieve njer\u00ebzore, abuzimin me f\u00ebmij\u00ebt, arm\u00ebt e zjarrit, pastrimin e parave). BE-ja \u00ebsht\u00eb e gatshme t\u00eb ofroj\u00eb ndihm\u00eb teknike n\u00eb k\u00ebt\u00eb drejtim.<\/p>\n<div class=\"c-flexy col2 \">\n<article class=\"a-card\">\n<div class=\"a-card_image\"><\/div>\n<\/article>\n<\/div>\n","protected":false},"excerpt":{"rendered":"<p>Reagimi i Delegacionit t\u00eb BE n\u00eb Tiran\u00eb: Bashkimi Evropian ka marr\u00eb njoftim mbi prezantimin e projekt-amendamenteve t\u00eb Kodit Penal, rezultat i pun\u00ebs s\u00eb nj\u00eb grupi ekspert\u00ebsh t\u00eb ngarkuar nga qeveria. Bashkimi Evropian nuk ka qen\u00eb pjes\u00eb e k\u00ebtij grupi ekspert\u00ebsh dhe aktualisht po shqyrton projekt-ndryshimet e propozuara, t\u00eb cilat p\u00ebrfshijn\u00eb nj\u00eb gam\u00eb t\u00eb gjer\u00eb \u00e7\u00ebshtjesh. &hellip;<\/p>\n","protected":false},"author":3,"featured_media":120312,"comment_status":"closed","ping_status":"closed","sticky":false,"template":"","format":"standard","meta":{"footnotes":""},"categories":[37],"tags":[],"class_list":["post-120311","post","type-post","status-publish","format-standard","has-post-thumbnail","","category-politike"],"_links":{"self":[{"href":"https:\/\/rdnews.al\/index.php\/wp-json\/wp\/v2\/posts\/120311","targetHints":{"allow":["GET"]}}],"collection":[{"href":"https:\/\/rdnews.al\/index.php\/wp-json\/wp\/v2\/posts"}],"about":[{"href":"https:\/\/rdnews.al\/index.php\/wp-json\/wp\/v2\/types\/post"}],"author":[{"embeddable":true,"href":"https:\/\/rdnews.al\/index.php\/wp-json\/wp\/v2\/users\/3"}],"replies":[{"embeddable":true,"href":"https:\/\/rdnews.al\/index.php\/wp-json\/wp\/v2\/comments?post=120311"}],"version-history":[{"count":2,"href":"https:\/\/rdnews.al\/index.php\/wp-json\/wp\/v2\/posts\/120311\/revisions"}],"predecessor-version":[{"id":120314,"href":"https:\/\/rdnews.al\/index.php\/wp-json\/wp\/v2\/posts\/120311\/revisions\/120314"}],"wp:featuredmedia":[{"embeddable":true,"href":"https:\/\/rdnews.al\/index.php\/wp-json\/wp\/v2\/media\/120312"}],"wp:attachment":[{"href":"https:\/\/rdnews.al\/index.php\/wp-json\/wp\/v2\/media?parent=120311"}],"wp:term":[{"taxonomy":"category","embeddable":true,"href":"https:\/\/rdnews.al\/index.php\/wp-json\/wp\/v2\/categories?post=120311"},{"taxonomy":"post_tag","embeddable":true,"href":"https:\/\/rdnews.al\/index.php\/wp-json\/wp\/v2\/tags?post=120311"}],"curies":[{"name":"wp","href":"https:\/\/api.w.org\/{rel}","templated":true}]}}