{"id":120319,"date":"2025-08-02T09:02:07","date_gmt":"2025-08-02T09:02:07","guid":{"rendered":"https:\/\/rdnews.al\/?p=120319"},"modified":"2025-08-02T09:02:07","modified_gmt":"2025-08-02T09:02:07","slug":"mediat-e-veliajt-nxjerrin-bllof-ramen-i-publikojne-foton-e-ulsiut-ne-krye-te-grupit-per-kodin-penal","status":"publish","type":"post","link":"https:\/\/rdnews.al\/index.php\/2025\/08\/02\/mediat-e-veliajt-nxjerrin-bllof-ramen-i-publikojne-foton-e-ulsiut-ne-krye-te-grupit-per-kodin-penal\/","title":{"rendered":"Mediat e Veliajt nxjerrin bllof Ram\u00ebn, i publikojn\u00eb foton e Ulsiut n\u00eb krye t\u00eb grupit p\u00ebr Kodin Penal"},"content":{"rendered":"<p>Mediat e financuara nga Erion Veliaj kan\u00eb nd\u00ebrmarr\u00eb nj\u00eb ofensiv\u00eb kund\u00ebr Edi Ram\u00ebs dhe Ulsi Manj\u00ebs, pas betimit q\u00eb kryebashkiaku ka b\u00ebr\u00eb se, \u201cministrin q\u00eb ma b\u00ebri s\u2019do e fal p\u00ebr 7 breza, do e shkrij\u201d, e ka fjal\u00ebn p\u00ebr p\u00ebrgjimin gjat\u00eb q\u00ebndrimit n\u00eb qelin\u00eb e burgut n\u00eb Durr\u00ebs.<\/p>\n<p>N\u00eb momentin e par\u00eb q\u00eb Rama doli dhe mohoi t\u00eb ket\u00eb dijeni p\u00ebr ndryshimet n\u00eb Kodin e ri Penal, dhe ia kaloi p\u00ebrgjegj\u00ebsin\u00eb Arben Rakipit, mediat e Veliaj publikuan fotot e Ulsi Manj\u00ebs me \u2018ekspert\u00ebt e pavarur\u2019 t\u00eb grupit t\u00eb pun\u00ebs.<\/p>\n<p>Portali i af\u00ebrt me kryebashkiakun e burgosur, Tema, ka zbuluar se kush jan\u00eb k\u00ebta gjenit\u00eb e jurispundenc\u00ebs, q\u00eb do burgosnin shqiptar\u00ebt vet\u00ebm sepse mund t\u00eb \u2018p\u00ebrbuznin\u2019 udh\u00ebheq\u00ebsit, duke filluar nj\u00eb luft\u00eb t\u00eb hapur me ministrin e Drejt\u00ebsis\u00eb t\u00eb Edi Ram\u00ebs, Ulsi Manj\u00ebn, p\u00ebr llogari edhe t\u00eb \u00e7uarjes n\u00eb vend t\u00eb betimit t\u00eb Veliajn, \u201cdo ta shkri n\u00eb shtat\u00eb breza\u201d.<\/p>\n<p>\u201cDy vite m\u00eb par\u00eb, n\u00eb Drilon, \u00ebsht\u00eb zhvilluar nj\u00eb takim i r\u00ebnd\u00ebsish\u00ebm p\u00ebr hartimin e Kodit t\u00eb Ri Penal, ku Grupi i Pun\u00ebs \u00ebsht\u00eb fotografuar n\u00eb nj\u00eb drek\u00eb pune larg syrit t\u00eb mediave. Pamja e publikuar s\u00eb fundmi hedh drit\u00eb mbi nj\u00eb faz\u00eb t\u00eb hershme t\u00eb procesit q\u00eb sot ka ngritur debat t\u00eb gjer\u00eb publik.<\/p>\n<p>N\u00eb foto t\u00eb Grupit t\u00eb Pun\u00ebs shfaqet ministri i Drejt\u00ebsis\u00eb, Ulsi Manja, dhe drejtuesi i Shkoll\u00ebs s\u00eb Magjistratur\u00ebs, Arben Rakipi.<\/p>\n<p>Edhe pse sot ka nj\u00eb debat t\u00eb gjer\u00eb lidhur me draftin dhe hartimin e tij, duke u deklaruar se Ministria e Drejt\u00ebsis\u00eb nuk ka qen\u00eb pjes\u00eb e p\u00ebrgatitjes s\u00eb draftit, pamjet q\u00eb qarkullojn\u00eb tregojn\u00eb t\u00eb kund\u00ebrt\u00ebn. Fotografia dy vite m\u00eb par\u00eb n\u00eb Drilon flet vet\u00eb\u201d,\u00a0shkruan Tema n\u00eb artikullin e saj.<\/p>\n<p>Kujtojm\u00eb se gjat\u00eb dit\u00ebs s\u00eb sotme, qoft\u00eb Mero Baze i Tem\u00ebs dhe Carlo Bollino i Shqiptares, i jan\u00eb v\u00ebn\u00eb n\u00eb fyt ministrit t\u00eb Drejt\u00ebsis\u00eb Ulsi Manja, si koka hartuese e Kodit t\u00eb ri Penal.<\/p>\n","protected":false},"excerpt":{"rendered":"<p>Mediat e financuara nga Erion Veliaj kan\u00eb nd\u00ebrmarr\u00eb nj\u00eb ofensiv\u00eb kund\u00ebr Edi Ram\u00ebs dhe Ulsi Manj\u00ebs, pas betimit q\u00eb kryebashkiaku ka b\u00ebr\u00eb se, \u201cministrin q\u00eb ma b\u00ebri s\u2019do e fal p\u00ebr 7 breza, do e shkrij\u201d, e ka fjal\u00ebn p\u00ebr p\u00ebrgjimin gjat\u00eb q\u00ebndrimit n\u00eb qelin\u00eb e burgut n\u00eb Durr\u00ebs. N\u00eb momentin e par\u00eb q\u00eb Rama &hellip;<\/p>\n","protected":false},"author":4,"featured_media":120320,"comment_status":"closed","ping_status":"closed","sticky":false,"template":"","format":"standard","meta":{"footnotes":""},"categories":[37],"tags":[],"class_list":["post-120319","post","type-post","status-publish","format-standard","has-post-thumbnail","","category-politike"],"_links":{"self":[{"href":"https:\/\/rdnews.al\/index.php\/wp-json\/wp\/v2\/posts\/120319","targetHints":{"allow":["GET"]}}],"collection":[{"href":"https:\/\/rdnews.al\/index.php\/wp-json\/wp\/v2\/posts"}],"about":[{"href":"https:\/\/rdnews.al\/index.php\/wp-json\/wp\/v2\/types\/post"}],"author":[{"embeddable":true,"href":"https:\/\/rdnews.al\/index.php\/wp-json\/wp\/v2\/users\/4"}],"replies":[{"embeddable":true,"href":"https:\/\/rdnews.al\/index.php\/wp-json\/wp\/v2\/comments?post=120319"}],"version-history":[{"count":1,"href":"https:\/\/rdnews.al\/index.php\/wp-json\/wp\/v2\/posts\/120319\/revisions"}],"predecessor-version":[{"id":120321,"href":"https:\/\/rdnews.al\/index.php\/wp-json\/wp\/v2\/posts\/120319\/revisions\/120321"}],"wp:featuredmedia":[{"embeddable":true,"href":"https:\/\/rdnews.al\/index.php\/wp-json\/wp\/v2\/media\/120320"}],"wp:attachment":[{"href":"https:\/\/rdnews.al\/index.php\/wp-json\/wp\/v2\/media?parent=120319"}],"wp:term":[{"taxonomy":"category","embeddable":true,"href":"https:\/\/rdnews.al\/index.php\/wp-json\/wp\/v2\/categories?post=120319"},{"taxonomy":"post_tag","embeddable":true,"href":"https:\/\/rdnews.al\/index.php\/wp-json\/wp\/v2\/tags?post=120319"}],"curies":[{"name":"wp","href":"https:\/\/api.w.org\/{rel}","templated":true}]}}