{"id":120324,"date":"2025-08-02T09:16:52","date_gmt":"2025-08-02T09:16:52","guid":{"rendered":"https:\/\/rdnews.al\/?p=120324"},"modified":"2025-08-02T09:16:52","modified_gmt":"2025-08-02T09:16:52","slug":"birn-ministria-e-drejtesise-kontribuese-dhe-koordinuese-e-kodit-te-ri-penal","status":"publish","type":"post","link":"https:\/\/rdnews.al\/index.php\/2025\/08\/02\/birn-ministria-e-drejtesise-kontribuese-dhe-koordinuese-e-kodit-te-ri-penal\/","title":{"rendered":"BIRN: Ministria e Drejt\u00ebsis\u00eb, kontribuese dhe koordinuese e Kodit t\u00eb ri Penal!"},"content":{"rendered":"<p>I p\u00ebrballur me nj\u00eb lum\u00eb kritikash nga drejtues t\u00eb sistemit t\u00eb drejt\u00ebsis\u00eb, p\u00ebrfaq\u00ebsues t\u00eb Dhom\u00ebs s\u00eb Avokatis\u00eb, jurist\u00eb dhe organizata t\u00eb shoq\u00ebris\u00eb civile, kryeministri Edi Rama tentoi t\u00eb distancohej nga p\u00ebrgjegj\u00ebsia e qeveris\u00eb p\u00ebr hartimin e draftit t\u00eb Kodit t\u00eb ri Penal, i cili u publikua p\u00ebr konsultim publik nj\u00eb jav\u00eb m\u00eb par\u00eb.<\/p>\n<p>N\u00eb nj\u00eb deklarat\u00eb n\u00eb rrjetin social \u201cX\u201d, Rama tha se \u201cMinistria e Drejt\u00ebsis\u00eb dhe K\u00ebshilli i Ministrave nuk kan\u00eb marr\u00eb pjes\u00eb n\u00eb hartimin e draftit, por ia kan\u00eb besuar nj\u00eb grupi ekspert\u00ebsh t\u00eb nderuar, n\u00ebn udh\u00ebheqjen e drejtorit t\u00eb Shkoll\u00ebs s\u00eb Magjistratur\u00ebs, profesor Arben Rakipi.\u201d<\/p>\n<p>\u201cK\u00ebshtu, h\u00ebp\u00ebrh\u00eb, qeveria \u00ebsht\u00eb thjesht nj\u00ebra nga shum\u00eb pal\u00ebt n\u00eb k\u00ebt\u00eb proces dhe e kemi marr\u00eb e po e studiojm\u00eb draftin, p\u00ebr t\u00eb ballafaquar m\u00eb pas q\u00ebndrimet tona me ato t\u00eb grupit t\u00eb ekspert\u00ebve,\u201d shtoi Rama.<\/p>\n<p>Por ndryshe nga sa deklaron kreu i qeveris\u00eb, ekspert\u00ebt e p\u00ebrfshir\u00eb n\u00eb hartimin e draftit i than\u00eb BIRN se Ministria e Drejt\u00ebsis\u00eb ka pasur rol koordinues dhe kontribues n\u00eb m\u00ebnyr\u00eb t\u00eb drejtp\u00ebrdrejt\u00eb n\u00eb hartimin e tij, p\u00ebrmes p\u00ebrfaq\u00ebsuesve t\u00eb saj n\u00eb grupin e pun\u00ebs.<\/p>\n<p>Edhe pse drafti iu dor\u00ebzua Ministris\u00eb s\u00eb Drejt\u00ebsis\u00eb n\u00eb vitin 2023, ai mbeti n\u00eb sirtar p\u00ebr gati dy vite, deri sa u b\u00eb publik n\u00eb nj\u00eb ceremoni pompoze m\u00eb 25 korrik.<\/p>\n<p>Drafti i Kodit t\u00eb ri Penal \u00ebsht\u00eb produkti final i nj\u00eb nisme t\u00eb iniciuar nga Ministria e Drejt\u00ebsis\u00eb n\u00eb vitin 2019, kur ky institucion drejtohej nga ish-ministrja Etilda Gjonaj. Puna p\u00ebr hartimin e tij nisi gjasht\u00eb vite m\u00eb par\u00eb, nga nj\u00eb grup pune i drejtuar nga Arben Rakipi. Ky grup mori dhe miratimin zyrtar nga Ministria e Drejt\u00ebsis\u00eb n\u00eb vitin 2023.<\/p>\n<p>N\u00eb nj\u00eb komunikim telefonik, Rakipi i d\u00ebrgoi BIRN list\u00ebn e ekspert\u00ebve t\u00eb p\u00ebrfshir\u00eb n\u00eb procesin e hartimit. Ai sqaroi se p\u00ebr hartimin e draftit kishte kontribuar Sekretariati Teknik pran\u00eb Ministris\u00eb s\u00eb Drejt\u00ebsis\u00eb, si dhe magjistrati i komanduar n\u00eb pozicionin e p\u00ebrgjegj\u00ebsit t\u00eb sektorit t\u00eb s\u00eb Drejt\u00ebs Penale n\u00eb Drejtorin\u00eb e Kodifikimit dhe Harmonizimit t\u00eb Legjislacionit, ish-prokurori Bledar Mustafaraj. Ky i fundit dha dor\u00ebheqjen nga detyra pas p\u00ebrfundimit t\u00eb procesit t\u00eb vetingut nga Komisioni i Pavarur i Kualifikimit, i cili ngriti dyshime p\u00ebr lidhje t\u00eb tij me krimin e organizuar.<\/p>\n<p>Sipas Rakipit, an\u00ebtar\u00eb t\u00eb tjer\u00eb t\u00eb grupit t\u00eb pun\u00ebs ishin: pedagogu Sk\u00ebnder Ka\u00e7upi; gjyqtari i Gjykat\u00ebs s\u00eb Lart\u00eb, Sokol Binaj; gjyqtarja e Apelit t\u00eb Posa\u00e7\u00ebm, Tereza Merkaj; gjyqtari i Shkall\u00ebs s\u00eb Par\u00eb t\u00eb Posa\u00e7me, Erjon Bani; dhe gjyqtari i Gjykat\u00ebs s\u00eb Tiran\u00ebs, Gerd Hoxha. Nga organi i akuz\u00ebs, pjes\u00eb e grupit ishin prokuror\u00ebt Kujtim Luli, Arqile Ko\u00e7a, Ylli Pjet\u00ebrnika dhe Andi Poga\u00e7e.<\/p>\n<p>Rakipi tha p\u00ebr BIRN se p\u00ebr draftin kontribuan edhe p\u00ebrfaq\u00ebsues t\u00eb organizatave joqeveritare, pa p\u00ebrmendur emra konkret\u00eb.<\/p>\n<p>Disa prej ekspert\u00ebve t\u00eb grupit t\u00eb pun\u00ebs q\u00eb pranuan t\u00eb flasin n\u00eb kushte anonimati than\u00eb p\u00ebr BIRN se puna nisi me k\u00ebrkes\u00eb t\u00eb Ministris\u00eb s\u00eb Drejt\u00ebsis\u00eb n\u00eb vitin 2019. Ata sqaruan se secili ekspert punoi mbi disa nene q\u00eb i p\u00ebrkisnin fush\u00ebs s\u00eb tij t\u00eb ekspertiz\u00ebs. P\u00ebrve\u00e7 magjistrat\u00ebve dhe p\u00ebrfaq\u00ebsuesve t\u00eb ministris\u00eb, pjes\u00eb e grupit ishin edhe pedagog\u00eb, k\u00ebshilltar\u00eb ligjor\u00eb dhe avokat\u00eb.<\/p>\n<p>\u201cP\u00ebrfaq\u00ebsuesit e Ministris\u00eb s\u00eb Drejt\u00ebsis\u00eb n\u00eb grupin e pun\u00ebs kujdeseshin q\u00eb t\u00eb na informonin dhe orientonin lidhur me zbatimin e direktivave t\u00eb Bashkimit Evropian, q\u00eb n\u00eb nenet e draftit z\u00ebn\u00eb mbi 30% t\u00eb neneve,\u201d tha nj\u00ebri prej eskpert\u00ebve.<\/p>\n<p>\u201cPo ashtu, gjat\u00eb gjith\u00eb koh\u00ebs kemi k\u00ebrkuar komente dhe kemi marr\u00eb opinione prej institucioneve t\u00eb drejt\u00ebsis\u00eb, por edhe nga institucione t\u00eb tjera publike, me q\u00ebllim q\u00eb p\u00ebrcaktimi i parashikimeve t\u00eb jet\u00eb sa m\u00eb pran\u00eb situat\u00ebs faktike\u201d, tha nj\u00eb prej ekspert\u00ebve, i cili shtoi se \u00ebsht\u00eb ndjer\u00eb i pavarur n\u00eb pun\u00ebn e tij, duke sqaruar se ka qen\u00eb vullnetare, pa pages\u00eb\u201d.<\/p>\n<p>Sipas ekspert\u00ebve, nenet u hartuan bazuar n\u00eb direktivat e Bashkimit Evropian, t\u00eb p\u00ebrcjella nga p\u00ebrfaq\u00ebsues t\u00eb ministris\u00eb q\u00eb ishin pjes\u00eb e grupit. Ata pohuan gjithashtu se gjat\u00eb hartimit t\u00eb draftit u mor\u00ebn opinione dhe komente nga institucione t\u00eb drejt\u00ebsis\u00eb dhe organe t\u00eb tjera publike.<\/p>\n<p>Ekspert\u00ebt theksuan se drafti p\u00ebrfundoi n\u00eb vjesht\u00ebn e vitit 2023 dhe iu d\u00ebrgua Ministris\u00eb s\u00eb Drejt\u00ebsis\u00eb. Disa prej tyre u shpreh\u00ebn t\u00eb habitur p\u00ebr faktin q\u00eb ai u mbajt dy vjet n\u00eb sirtar, p\u00ebr t\u2019u publikuar vet\u00ebm tani.<\/p>\n<p>Publikimi i draftit t\u00eb ri t\u00eb Kodit Penal ka shkaktuar debat mes aktor\u00ebve t\u00eb sistemit t\u00eb drejt\u00ebsis\u00eb.<\/p>\n<p>Kryetari i Gjykat\u00ebs s\u00eb Lart\u00eb, Sokol Sadushi, deklaroi gjat\u00eb nj\u00eb konference se as ai dhe as komuniteti i jurist\u00ebve nuk ishin njohur me versionin p\u00ebrfundimtar t\u00eb projektit. Sipas tij, i vetmi dokument i aksesuesh\u00ebm ishte nj\u00eb version i p\u00ebrgjithsh\u00ebm i vitit 2023, i cili m\u00eb von\u00eb u zgjerua n\u00eb nj\u00eb tekst me mbi 900 nene.<\/p>\n<p>Prokurori i P\u00ebrgjithsh\u00ebm, Olsian \u00c7ela, nuk ishte i pranish\u00ebm n\u00eb konferenc\u00ebn e prezantimit dhe n\u00eb deklaratat publike \u00ebsht\u00eb shprehur se nuk ishte njohur me draftin dhe se grupi i pun\u00ebs nuk kishte p\u00ebrfshir\u00eb ekspert\u00eb nga institucioni q\u00eb ai drejton. Ai e cil\u00ebsoi procesin si t\u00eb nxituar dhe tha se rrezikon t\u00eb d\u00ebmtoj\u00eb funksionimin e sistemit penal. Sipas \u00c7el\u00ebs, duhej t\u00eb ishte diskutuar m\u00eb par\u00eb nevoja p\u00ebr nj\u00eb kod t\u00eb ri penal, duke v\u00ebn\u00eb n\u00eb dukje se aktualisht m\u00eb shum\u00eb nevojitet rishikimi i Kodit t\u00eb Procedur\u00ebs Penale.<\/p>\n<p>Drejtuesi i Prokuroris\u00eb s\u00eb Posa\u00e7me, Altin Dumani, deklaroi se as atij nuk i ishte k\u00ebrkuar mendim dhe as i ishte v\u00ebn\u00eb n\u00eb dispozicion drafti. Ai shtoi se ka nevoj\u00eb p\u00ebr ndryshime n\u00eb Kodin aktual.<\/p>\n<p>Komuniteti i avokat\u00ebve reagoi gjithashtu, duke kund\u00ebrshtuar disa nga nenet e propozuara. Kryetari i Dhom\u00ebs s\u00eb Avokatis\u00eb, Maks Haxhia, u shpreh se nj\u00eb Kod Penal i ri nuk \u00ebsht\u00eb rrjedhoj\u00eb e nevojave t\u00eb sistemit t\u00eb drejt\u00ebsis\u00eb.<\/p>\n<p>Kodi Penal aktual ka hyr\u00eb n\u00eb fuqi n\u00eb vitin 1995 dhe p\u00ebrmban 335 nene. Ai ka p\u00ebsuar ndryshime deri n\u00eb vitin 2017. Draft-Kodi i ri, i publikuar n\u00eb faqen zyrtare t\u00eb Ministris\u00eb s\u00eb Drejt\u00ebsis\u00eb, p\u00ebrmban 952 nene. Pas Kushtetut\u00ebs, ai \u00ebsht\u00eb nj\u00eb nga dokumentet m\u00eb t\u00eb r\u00ebnd\u00ebsishme ligjore t\u00eb vendit.\/<a href=\"https:\/\/www.reporter.al\/2025\/08\/02\/dy-vjet-ne-sirtar-ministria-e-drejtesise-kontribuese-dhe-koordinuese-e-kodit-te-ri-penal\/?fbclid=IwQ0xDSwL6q49jbGNrAvqrjGV4dG4DYWVtAjExAAEekmuHpeNBc2dCWT6tmvyksqoCKe6F2UU1bMzXK5Kmb7MwyeZJ1Po_mx10mI8_aem_x67VTXVWVVRlJcnuvCKIvQ\" target=\"_blank\" rel=\"noopener\">BIRN\/<\/a><\/p>\n","protected":false},"excerpt":{"rendered":"<p>I p\u00ebrballur me nj\u00eb lum\u00eb kritikash nga drejtues t\u00eb sistemit t\u00eb drejt\u00ebsis\u00eb, p\u00ebrfaq\u00ebsues t\u00eb Dhom\u00ebs s\u00eb Avokatis\u00eb, jurist\u00eb dhe organizata t\u00eb shoq\u00ebris\u00eb civile, kryeministri Edi Rama tentoi t\u00eb distancohej nga p\u00ebrgjegj\u00ebsia e qeveris\u00eb p\u00ebr hartimin e draftit t\u00eb Kodit t\u00eb ri Penal, i cili u publikua p\u00ebr konsultim publik nj\u00eb jav\u00eb m\u00eb par\u00eb. N\u00eb nj\u00eb &hellip;<\/p>\n","protected":false},"author":4,"featured_media":120131,"comment_status":"closed","ping_status":"closed","sticky":false,"template":"","format":"standard","meta":{"footnotes":""},"categories":[37],"tags":[],"class_list":["post-120324","post","type-post","status-publish","format-standard","has-post-thumbnail","","category-politike"],"_links":{"self":[{"href":"https:\/\/rdnews.al\/index.php\/wp-json\/wp\/v2\/posts\/120324","targetHints":{"allow":["GET"]}}],"collection":[{"href":"https:\/\/rdnews.al\/index.php\/wp-json\/wp\/v2\/posts"}],"about":[{"href":"https:\/\/rdnews.al\/index.php\/wp-json\/wp\/v2\/types\/post"}],"author":[{"embeddable":true,"href":"https:\/\/rdnews.al\/index.php\/wp-json\/wp\/v2\/users\/4"}],"replies":[{"embeddable":true,"href":"https:\/\/rdnews.al\/index.php\/wp-json\/wp\/v2\/comments?post=120324"}],"version-history":[{"count":1,"href":"https:\/\/rdnews.al\/index.php\/wp-json\/wp\/v2\/posts\/120324\/revisions"}],"predecessor-version":[{"id":120325,"href":"https:\/\/rdnews.al\/index.php\/wp-json\/wp\/v2\/posts\/120324\/revisions\/120325"}],"wp:featuredmedia":[{"embeddable":true,"href":"https:\/\/rdnews.al\/index.php\/wp-json\/wp\/v2\/media\/120131"}],"wp:attachment":[{"href":"https:\/\/rdnews.al\/index.php\/wp-json\/wp\/v2\/media?parent=120324"}],"wp:term":[{"taxonomy":"category","embeddable":true,"href":"https:\/\/rdnews.al\/index.php\/wp-json\/wp\/v2\/categories?post=120324"},{"taxonomy":"post_tag","embeddable":true,"href":"https:\/\/rdnews.al\/index.php\/wp-json\/wp\/v2\/tags?post=120324"}],"curies":[{"name":"wp","href":"https:\/\/api.w.org\/{rel}","templated":true}]}}