{"id":120333,"date":"2025-08-02T09:56:19","date_gmt":"2025-08-02T09:56:19","guid":{"rendered":"https:\/\/rdnews.al\/?p=120333"},"modified":"2025-08-02T09:56:19","modified_gmt":"2025-08-02T09:56:19","slug":"nga-qumeshti-te-peshku-rama-i-jep-goditjen-finale-prodhimit-vendas-ne-vend-te-ndihmes-u-vendos-sekuestro","status":"publish","type":"post","link":"https:\/\/rdnews.al\/index.php\/2025\/08\/02\/nga-qumeshti-te-peshku-rama-i-jep-goditjen-finale-prodhimit-vendas-ne-vend-te-ndihmes-u-vendos-sekuestro\/","title":{"rendered":"Nga qum\u00ebshti te peshku, Rama i jep goditjen finale prodhimit vendas, n\u00eb vend t\u00eb ndihm\u00ebs u vendos sekuestro!"},"content":{"rendered":"<p><strong>Deklarata e z\u00ebdh\u00ebn\u00ebses s\u00eb Antikorrupsionit n\u00eb PD, Genta Vangjeli:<\/strong><\/p>\n<p>Pas ultimatumit t\u00eb Edi Ram\u00ebs para disa dit\u00ebsh nisi aksioni p\u00ebr faturimin e detyruesh\u00ebm t\u00eb produkteve ushqimore dhe blegtorale me q\u00ebllim gjurmueshm\u00ebrin\u00eb e produkteve p\u00ebr t\u00eb garantuar sigurin\u00eb ushqimore.<\/p>\n<p>P\u00ebr k\u00ebt\u00eb, Ministria e Financave, Ministria e Bujq\u00ebsis\u00eb dhe Zhvillimit Rural dhe Administrata Tatimore n\u00eb aksion t\u00eb p\u00ebrbashk\u00ebt nis\u00ebn penalizimet e sekuestrimet e mallrave pa fatur\u00eb.<\/p>\n<p>Mir\u00eb q\u00eb tatimet reaguan publikisht, ndryshe administrata e devotshme e Edi Ram\u00ebs po zbarkonte edhe te shit\u00ebsit ambulant\u00eb pavar\u00ebsisht se ata p\u00ebrjashtohen nga l\u00ebshimi i faturave tatimore dhe mbajtja e dokumentacion tatimor p\u00ebr mallrat apo sh\u00ebrbimet q\u00eb tregtojn\u00eb.<\/p>\n<div class=\"wp-block-file\" data-wp-interactive=\"core\/file\"><object class=\"wp-block-file__embed\" data=\"https:\/\/pd.al\/wp-content\/uploads\/2025\/08\/1-2-1.pdf\" type=\"application\/pdf\" width=\"300\" height=\"150\" data-wp-bind--hidden=\"!state.hasPdfPreview\" aria-label=\"Trup\u00ebzim i Denoncimi i PD.\" data-mce-fragment=\"1\"><\/object><a id=\"wp-block-file--media-f1baa928-a943-4554-92f3-9ddf3b0cd02f\" href=\"https:\/\/pd.al\/wp-content\/uploads\/2025\/08\/1-2-1.pdf\" target=\"_blank\" rel=\"noopener\">Denoncimi i PD<\/a><a class=\"wp-block-file__button wp-element-button\" href=\"https:\/\/pd.al\/wp-content\/uploads\/2025\/08\/1-2-1.pdf\" download=\"\" aria-describedby=\"wp-block-file--media-f1baa928-a943-4554-92f3-9ddf3b0cd02f\" target=\"_blank\" rel=\"noopener\">Download<\/a><\/div>\n<p>N\u00eb v\u00ebmendje t\u00eb Edi Ram\u00ebs n\u00eb fakt duhet t\u00eb jen\u00eb statistikat e INSTAT sipas t\u00eb cilit:<\/p>\n<p><em>N\u00eb vitin 2024 numri i krer\u00ebve t\u00eb bag\u00ebtive \u00ebsht\u00eb ulur n\u00eb total 30% m\u00eb pak krahasuar me vitin 2014.<\/em><\/p>\n<p><em>N\u00eb vitin 2024 prodhimet blegtorale jan\u00eb ulur n\u00eb total 20% m\u00eb pak krahasuar me vitin 2014.<\/em><\/p>\n<p><em>N\u00eb vitin 2024 sasia e qum\u00ebshtit t\u00eb grumbulluar \u00ebsht\u00eb ulur n\u00eb total me 32% m\u00eb pak krahasuar me vitin 2019.<\/em><\/p>\n<p>Sipas statistikave edhe peshkimi n\u00eb vitin 2024, ka sh\u00ebnuar nj\u00eb r\u00ebnie prej 14,9% t\u00eb sasis\u00eb s\u00eb peshkut t\u00eb z\u00ebn\u00eb nga t\u00eb gjitha kategorit\u00eb ujore krahasuar me nj\u00eb vit m\u00eb par\u00eb.<\/p>\n<p>Nd\u00ebrsa shpenzimet p\u00ebr importin kan\u00eb ardhur duke u rritur nga viti n\u00eb vit duke b\u00ebr\u00eb q\u00eb n\u00eb vitin 2024 n\u00eb total t\u00eb ishin 40% m\u00eb t\u00eb larta krahasuar me vitin 2020.<\/p>\n<p>K\u00ebto t\u00eb dh\u00ebna d\u00ebshmojn\u00eb p\u00ebr d\u00ebshtimin e politikave t\u00eb ndjekura nga qeveria Rama, q\u00eb kan\u00eb sjell\u00eb nj\u00eb r\u00ebnie drastike t\u00eb prodhimit vendas dhe kan\u00eb thelluar var\u00ebsin\u00eb nga importet.<\/p>\n<p>Sikur t\u00eb mos mjaftonin k\u00ebto, n\u00eb vend t\u00eb krijoj\u00eb strategji t\u00eb mir\u00ebstudiuara dhe testuara p\u00ebr fermer\u00ebt e prodhimin vendas jep ultimatum p\u00ebr raprezalje n\u00ebn justifikimin e siguris\u00eb ushqimore.<\/p>\n<p>Mungesa e siguris\u00eb ushqimore n\u00eb thelb shkaktohet nga politikat e gabuara t\u00eb shtetit dhe keqorientimi nd\u00ebr vite i prodhuesve vendas.<\/p>\n<p>E v\u00ebrteta \u00ebsht\u00eb se siguria ushqimore nuk garantohet p\u00ebrmes faturave tatimore.<\/p>\n<p><strong>Ajo k\u00ebrkon:<\/strong><\/p>\n<p>analiza mikrobiologjike, kimike dhe fiziko- kimike;<\/p>\n<p>inspektime n\u00eb vend p\u00ebr kontrollin e afatit, kushtet e ruajtjes s\u00eb produkteve ushqimore, monitorim t\u00eb temperatur\u00ebs, vler\u00ebsimin organoleptik nga profesionist\u00eb, marrjen e mostrave nga tregu etj., si k\u00ebto.<\/p>\n<p>Dhe kur shteti d\u00ebshton n\u00eb p\u00ebrmbushjen e k\u00ebtyre detyrave t\u00eb tij, fillon raprezalje duke u marr\u00eb edhe me rigonin e Bardh\u00ebs\u2026<\/p>\n<p>Ky \u00ebsht\u00eb standardi i Edi Ram\u00ebs dhe qeverisjes s\u00eb tij, q\u00eb po rrezikon shitjen e produkteve t\u00eb\u00a0 blegtor\u00ebve t\u00eb vegj\u00ebl duke i destinuar ata t\u00eb t\u00ebrhiqen plot\u00ebsisht nga mbar\u00ebshtrimi i bag\u00ebtive dhe jo vet\u00ebm, e duke favorizuar vet\u00ebm importet.<\/p>\n<p>Por p\u00ebr kryeministrin, duket se r\u00ebnd\u00ebsi ka vet\u00ebm q\u00eb \u2018shfaqja t\u00eb vazhdoj\u00eb\u2019, dhe t\u00eb mbaj\u00eb t\u00eb sigurt 82 mandatet produkt i fars\u00ebs elektorale.<\/p>\n","protected":false},"excerpt":{"rendered":"<p>Deklarata e z\u00ebdh\u00ebn\u00ebses s\u00eb Antikorrupsionit n\u00eb PD, Genta Vangjeli: Pas ultimatumit t\u00eb Edi Ram\u00ebs para disa dit\u00ebsh nisi aksioni p\u00ebr faturimin e detyruesh\u00ebm t\u00eb produkteve ushqimore dhe blegtorale me q\u00ebllim gjurmueshm\u00ebrin\u00eb e produkteve p\u00ebr t\u00eb garantuar sigurin\u00eb ushqimore. P\u00ebr k\u00ebt\u00eb, Ministria e Financave, Ministria e Bujq\u00ebsis\u00eb dhe Zhvillimit Rural dhe Administrata Tatimore n\u00eb aksion t\u00eb &hellip;<\/p>\n","protected":false},"author":4,"featured_media":67888,"comment_status":"closed","ping_status":"closed","sticky":false,"template":"","format":"standard","meta":{"footnotes":""},"categories":[37],"tags":[],"class_list":["post-120333","post","type-post","status-publish","format-standard","has-post-thumbnail","","category-politike"],"_links":{"self":[{"href":"https:\/\/rdnews.al\/index.php\/wp-json\/wp\/v2\/posts\/120333","targetHints":{"allow":["GET"]}}],"collection":[{"href":"https:\/\/rdnews.al\/index.php\/wp-json\/wp\/v2\/posts"}],"about":[{"href":"https:\/\/rdnews.al\/index.php\/wp-json\/wp\/v2\/types\/post"}],"author":[{"embeddable":true,"href":"https:\/\/rdnews.al\/index.php\/wp-json\/wp\/v2\/users\/4"}],"replies":[{"embeddable":true,"href":"https:\/\/rdnews.al\/index.php\/wp-json\/wp\/v2\/comments?post=120333"}],"version-history":[{"count":1,"href":"https:\/\/rdnews.al\/index.php\/wp-json\/wp\/v2\/posts\/120333\/revisions"}],"predecessor-version":[{"id":120334,"href":"https:\/\/rdnews.al\/index.php\/wp-json\/wp\/v2\/posts\/120333\/revisions\/120334"}],"wp:featuredmedia":[{"embeddable":true,"href":"https:\/\/rdnews.al\/index.php\/wp-json\/wp\/v2\/media\/67888"}],"wp:attachment":[{"href":"https:\/\/rdnews.al\/index.php\/wp-json\/wp\/v2\/media?parent=120333"}],"wp:term":[{"taxonomy":"category","embeddable":true,"href":"https:\/\/rdnews.al\/index.php\/wp-json\/wp\/v2\/categories?post=120333"},{"taxonomy":"post_tag","embeddable":true,"href":"https:\/\/rdnews.al\/index.php\/wp-json\/wp\/v2\/tags?post=120333"}],"curies":[{"name":"wp","href":"https:\/\/api.w.org\/{rel}","templated":true}]}}