{"id":120356,"date":"2025-08-02T18:10:05","date_gmt":"2025-08-02T18:10:05","guid":{"rendered":"https:\/\/rdnews.al\/?p=120356"},"modified":"2025-08-02T18:10:05","modified_gmt":"2025-08-02T18:10:05","slug":"pista-e-garave-ne-elbasan-do-tu-kushtoje-shqiptareve-190-milione-euro","status":"publish","type":"post","link":"https:\/\/rdnews.al\/index.php\/2025\/08\/02\/pista-e-garave-ne-elbasan-do-tu-kushtoje-shqiptareve-190-milione-euro\/","title":{"rendered":"\u00a0Pista e garave n\u00eb Elbasan do t&#8217;u kushtoj\u00eb shqiptar\u00ebve 190 milion\u00eb euro!"},"content":{"rendered":"<div id=\"rekl-49\"><strong>Nga Klodian TOMORRI<\/strong><\/div>\n<div class=\"readmore-text-here\">\n<p>N\u00eb mars t\u00eb k\u00ebtij viti, vet\u00ebm nj\u00eb muaj e gjysm\u00eb para zgjedhjeve, Edi Rama shkoi n\u00eb Elbasan bashk\u00eb me ministrin e tij t\u00eb ekonomis\u00eb, Blendi Gonxhe dhe at\u00eb t\u00eb pushteti lokal, Arbjan Mazniku. Q\u00ebllimi i vizit\u00ebs ishte prezantimi i projektit final t\u00eb Auto Moto Parkut, q\u00eb po nd\u00ebrtohet n\u00eb Krast\u00eb t\u00eb Elbasanit.<\/p>\n<p><img decoding=\"async\" src=\"https:\/\/www.syri.net\/uploads\/syri.net\/images\/2025\/August\/02\/auto_-900-0-1754152078xpista-5711754156041.jpg\" alt=\"Image\" \/>Auto Moto Park \u00ebsht\u00eb nj\u00eb projekt, i cili shtrihet n\u00eb nj\u00eb sip\u00ebrfaqe prej 50 hektar\u00ebsh p\u00ebrgjat\u00eb lumit Shkumbin. Ky investim parashikon nd\u00ebrtimin e nj\u00eb piste garash p\u00ebr makina 4.4 kilomet\u00ebr t\u00eb gjat\u00eb dhe p\u00ebrvec saj ai do t\u00eb p\u00ebrmbaj\u00eb Akademin\u00eb Komb\u00ebtare t\u00eb Siguris\u00eb Rugore, Muzeun Retro dhe Akademin\u00eb e Restaurimit t\u00eb Mjeteve Historike.<\/p>\n<p>Shefi i qeveris\u00eb u tha shqiptar\u00ebve se ky investim nuk \u00ebsht\u00eb thjesht nj\u00eb cirkuit p\u00ebr gara, por nj\u00eb motor i ri q\u00eb i vendoset ekonomis\u00eb shqiptare dhe q\u00eb do t\u00eb gjeneroj\u00eb p\u00ebrfitime t\u00eb disa natyrave.<\/p>\n<p><img decoding=\"async\" src=\"https:\/\/www.syri.net\/uploads\/syri.net\/images\/2025\/August\/02\/auto_-900-0-1754152472xgonxhja-6001754156050.webp\" alt=\"Image\" \/><\/p>\n<p>\u201cAmbicia \u00ebsht\u00eb q\u00eb Shqip\u00ebria 2030 t\u00eb jet\u00eb vendi mikprit\u00ebs i gar\u00ebs s\u00eb Formula 1 di\u00e7ka e pakonceptueshme pak koh\u00eb m\u00eb par\u00eb. Modeli yn\u00eb \u00ebsht\u00eb qendra n\u00eb Vjen\u00eb por me skuadr\u00ebn teknike t\u00eb F1, q\u00eb ka punuar studioja e p\u00ebrzgjedhur nga konkursi nd\u00ebrkomb\u00ebtar \u00ebsht\u00eb nd\u00ebrtuar nj\u00eb projekt q\u00eb brenda vet\u00eb familjes se cirkuiteve t\u00eb F1 \u00ebsht\u00eb inovativ p\u00ebr nj\u00eb s\u00ebr\u00eb zgjidhjesh,&#8221; tha Rama.<\/p>\n<p>Por ajo q\u00eb kryeministri nuk u tha shqiptar\u00ebve ishte hesapi se sa do t&#8217;u kushtonte xhepave t\u00eb tyre pista e garave n\u00eb Elbasan. Dhe at\u00eb q\u00eb nuk e tregon qeveria, e tregojn\u00eb letrat e saj.<\/p>\n<p>N\u00eb mbledhjen e fundit, K\u00ebshilli i Ministrave miratoi dokumentin e Politikave Prioritare 2026-2028. Pjes\u00eb e tij \u00ebsht\u00eb edhe Lista Unike e Projekteve me R\u00ebnd\u00ebsi Komb\u00ebtare. N\u00eb k\u00ebt\u00eb list\u00eb, me numrin 21 q\u00ebndron projekti i Auto Moto Parkut t\u00eb Elbasanit.<\/p>\n<p>Sipas dokumentit, kostoja totale p\u00ebr nd\u00ebrtimin e Auto Moto Parkut \u00ebsht\u00eb plot 188.5 milion\u00eb euro. Nj\u00eb kosto stratosferike p\u00ebr nd\u00ebrtimin e nj\u00eb piste 4.4 kilometra t\u00eb gjat\u00eb.<\/p>\n<p><strong>Justifikimet<\/strong><\/p>\n<p><img decoding=\"async\" src=\"https:\/\/www.syri.net\/uploads\/syri.net\/images\/2025\/August\/02\/auto_-900-0-1754152999xlista-8841754156046.jpg\" alt=\"Image\" \/><br \/>\nJustifikimi i nj\u00eb kostoje kaq t\u00eb madhe p\u00ebr nj\u00eb tek\u00eb t\u00eb Edi Ram\u00ebs dhe Blendi Gonxhes n\u00eb koh\u00ebn q\u00eb ishte drejtor i Sh\u00ebrbimeve t\u00eb Transportit Rrugor, nuk \u00ebsht\u00eb i leht\u00eb as p\u00ebr nj\u00eb qeveri me makineri perfekte propagande.<\/p>\n<p>T\u00eb shpenzosh 200 milion\u00eb euro p\u00ebr nj\u00eb pist\u00eb garash, n\u00eb nj\u00eb vend nivel t\u00eb lart\u00eb varf\u00ebrie dhe t\u00eb ardhura minimale, k\u00ebrkon guxim t\u00eb madh. Ndaj qeveria i m\u00ebshon faktit se kjo nuk \u00ebsht\u00eb thjesht nj\u00eb pist\u00eb, por nj\u00eb investim madhor q\u00eb do t\u00eb gjeneroj\u00eb ekonomi.<\/p>\n<p>&#8220;Dua t\u00eb theksoj q\u00eb nuk b\u00ebhet fjal\u00eb p\u00ebr t\u00eb b\u00ebr\u00eb nj\u00eb investim p\u00ebr nj\u00eb gar\u00eb, por p\u00ebr t&#8217;i instaluar ekonomis\u00eb shqiptare nj\u00eb motor t\u00eb ri. Ky projekt \u00ebsht\u00eb ekonomi, nuk \u00ebsht\u00eb gar\u00eb me makina. \u00cbsht\u00eb ekonomi se n\u00eb hakun e 360 dit\u00ebve t\u00eb vitit,&#8221; tha Rama.<\/p>\n<p>Blendi Gonxhja thot\u00eb se kjo pist\u00eb do t\u00eb jet\u00eb nj\u00eb reklam\u00eb shum\u00eb e madhe p\u00ebr Shqip\u00ebrin\u00eb duke nxitur turiz\u00ebm. \u201cKjo e vendos Shqip\u00ebrin\u00eb n\u00eb hart\u00ebn globale t\u00eb 1 miliard shkuesve q\u00eb ndjekin sporte t\u00eb ndryshme t\u00eb garave me makina dhe motor\u00eb,&#8221; tha ai.<\/p>\n<p>Pra, pista 200 milion\u00eb euroshe do t\u00eb sjell\u00eb turist\u00eb nga e gjith\u00eb bota n\u00eb Krast\u00eb t\u00eb Elbasanit, t\u00eb cil\u00ebt do t\u00eb shpenzojn\u00eb para t\u00eb madhe duke pasuruar jo vet\u00ebm Elbasanin, por dhe t\u00eb gjith\u00eb Shqip\u00ebrin\u00eb.<\/p>\n<p>Por derisa t\u00eb vijn\u00eb turist\u00ebt e Krast\u00ebs, shqiptar\u00ebve do t&#8217;u duhet t\u00eb thahen p\u00ebr uj\u00eb, si\u00e7 po thahen n\u00eb tre\u00e7erekun e Shqip\u00ebris\u00eb, si dhe t\u00eb p\u00ebrballen \u00e7do dit\u00eb me sistemin e tyre t\u00eb kalbur sh\u00ebndet\u00ebsor dhe nivelin mizerab\u00ebl thuajse t\u00eb gjitha sh\u00ebrbimeve jetike.<\/p>\n<p><img decoding=\"async\" src=\"https:\/\/www.syri.net\/uploads\/syri.net\/images\/2025\/August\/02\/auto_-900-0-1754152802xuji-kriza-7161754156057.jpg\" alt=\"Image\" \/><\/p>\n<p>Fshati digjet, por Rama me Gonxhen krihen. Dhe jo vet\u00ebm tek Pista e Krast\u00ebs, por edhe tek shpenzimet e denja sulltanore n\u00eb vilat qeveritare an\u00ebmban\u00eb Shqip\u00ebris\u00eb me drejtorin\u00eb e Sh\u00ebrbimeve Qeveritare.<\/p>\n<p>Rasti i fundit ishte ai i Vil\u00ebs s\u00eb Dajtit, e cila do t\u00eb rikonstruktohet me 6.2 milion\u00eb euro. K\u00ebto justifikohen me samitin e Natos dhe me imazhin e Shqip\u00ebris\u00eb p\u00ebrpara bot\u00ebs.<\/p>\n<p>Sepse n\u00eb syt\u00eb e Rilindjes, imazhi i Shqip\u00ebris\u00eb \u00ebsht\u00eb i lidhur me t\u00eb ndenjurat e udh\u00ebheqjes, jo me shtetin ligjor, demokracin\u00eb dhe t\u00eb drejtat e njeriut.\/<a href=\"https:\/\/www.kapitali.al\/lajme-nga-vendi\/kosto-stratosferike-pista-e-garave-ne-elbasan-do-tu-kushtoje-shq-i35651\" target=\"_blank\" rel=\"noopener\">Kapitali<\/a><\/p>\n<\/div>\n","protected":false},"excerpt":{"rendered":"<p>Nga Klodian TOMORRI N\u00eb mars t\u00eb k\u00ebtij viti, vet\u00ebm nj\u00eb muaj e gjysm\u00eb para zgjedhjeve, Edi Rama shkoi n\u00eb Elbasan bashk\u00eb me ministrin e tij t\u00eb ekonomis\u00eb, Blendi Gonxhe dhe at\u00eb t\u00eb pushteti lokal, Arbjan Mazniku. Q\u00ebllimi i vizit\u00ebs ishte prezantimi i projektit final t\u00eb Auto Moto Parkut, q\u00eb po nd\u00ebrtohet n\u00eb Krast\u00eb t\u00eb Elbasanit. &hellip;<\/p>\n","protected":false},"author":4,"featured_media":120357,"comment_status":"closed","ping_status":"closed","sticky":false,"template":"","format":"standard","meta":{"footnotes":""},"categories":[37],"tags":[],"class_list":["post-120356","post","type-post","status-publish","format-standard","has-post-thumbnail","","category-politike"],"_links":{"self":[{"href":"https:\/\/rdnews.al\/index.php\/wp-json\/wp\/v2\/posts\/120356","targetHints":{"allow":["GET"]}}],"collection":[{"href":"https:\/\/rdnews.al\/index.php\/wp-json\/wp\/v2\/posts"}],"about":[{"href":"https:\/\/rdnews.al\/index.php\/wp-json\/wp\/v2\/types\/post"}],"author":[{"embeddable":true,"href":"https:\/\/rdnews.al\/index.php\/wp-json\/wp\/v2\/users\/4"}],"replies":[{"embeddable":true,"href":"https:\/\/rdnews.al\/index.php\/wp-json\/wp\/v2\/comments?post=120356"}],"version-history":[{"count":1,"href":"https:\/\/rdnews.al\/index.php\/wp-json\/wp\/v2\/posts\/120356\/revisions"}],"predecessor-version":[{"id":120358,"href":"https:\/\/rdnews.al\/index.php\/wp-json\/wp\/v2\/posts\/120356\/revisions\/120358"}],"wp:featuredmedia":[{"embeddable":true,"href":"https:\/\/rdnews.al\/index.php\/wp-json\/wp\/v2\/media\/120357"}],"wp:attachment":[{"href":"https:\/\/rdnews.al\/index.php\/wp-json\/wp\/v2\/media?parent=120356"}],"wp:term":[{"taxonomy":"category","embeddable":true,"href":"https:\/\/rdnews.al\/index.php\/wp-json\/wp\/v2\/categories?post=120356"},{"taxonomy":"post_tag","embeddable":true,"href":"https:\/\/rdnews.al\/index.php\/wp-json\/wp\/v2\/tags?post=120356"}],"curies":[{"name":"wp","href":"https:\/\/api.w.org\/{rel}","templated":true}]}}