{"id":120365,"date":"2025-08-03T21:20:11","date_gmt":"2025-08-03T21:20:11","guid":{"rendered":"https:\/\/rdnews.al\/?p=120365"},"modified":"2025-08-03T21:26:01","modified_gmt":"2025-08-03T21:26:01","slug":"nen-hetim-ne-shba-soros-kerkon-strehim-tek-rama","status":"publish","type":"post","link":"https:\/\/rdnews.al\/index.php\/2025\/08\/03\/nen-hetim-ne-shba-soros-kerkon-strehim-tek-rama\/","title":{"rendered":"N\u00ebn hetim n\u00eb SHBA\/Soros k\u00ebrkon strehim tek Rama"},"content":{"rendered":"<p>Huma Abedin dhe Soros q\u00ebndrojn\u00eb t\u00eb ulur n\u00eb tavolin\u00eb p\u00ebrball\u00eb me Ram\u00ebn dhe bashk\u00ebshorten e k\u00ebtij t\u00eb fundit.<\/p>\n<div id=\"rekl-13\" data-country=\"AL\" data-display=\"0\">\n<div id=\"__sap-ad-15\" class=\"__sap-ads __sap-html inline tracked\" data-title=\"Credins desktop Brenda lajmit 08\">Burime t\u00eb sigurta b\u00ebn\u00eb t\u00eb ditur se \u00e7ifti Soros-Abedin kan\u00eb hyr\u00eb para dy net\u00ebsh n\u00eb territorin shqiptar p\u00ebrmes nj\u00eb jahti luksoz q\u00eb ka ndaluar n\u00eb Sarand\u00eb, nd\u00ebrsa m\u00eb pas jan\u00eb sistemuar n\u00eb nj\u00eb nga vilat qeveritare n\u00eb Dh\u00ebrmi, pasuri publike e vendosur n\u00eb dispozicion t\u00eb miqve personal\u00eb t\u00eb kryeministrit Rama.<\/div>\n<div data-title=\"Credins desktop Brenda lajmit 08\">\n<p>Soros dhe ati jan\u00eb n\u00ebn hetim n\u00eb SHBA p\u00ebr implikimin n\u00eb Grushti e Shtetit p\u00ebr t\u00eb rr\u00ebzuar Trumpin me hetime t\u00eb politizuara pasi ai fitoi mandatin e par\u00eb si President. Nd\u00ebrkoh\u00eb ai ka mb\u00ebrritur dhe po strehohet nga Rama n\u00eb vilat q\u00eb paguhen me parat\u00eb e taksapaguesve shqiptar\u00eb.<\/p>\n<\/div>\n<\/div>\n","protected":false},"excerpt":{"rendered":"<p>Huma Abedin dhe Soros q\u00ebndrojn\u00eb t\u00eb ulur n\u00eb tavolin\u00eb p\u00ebrball\u00eb me Ram\u00ebn dhe bashk\u00ebshorten e k\u00ebtij t\u00eb fundit. Burime t\u00eb sigurta b\u00ebn\u00eb t\u00eb ditur se \u00e7ifti Soros-Abedin kan\u00eb hyr\u00eb para dy net\u00ebsh n\u00eb territorin shqiptar p\u00ebrmes nj\u00eb jahti luksoz q\u00eb ka ndaluar n\u00eb Sarand\u00eb, nd\u00ebrsa m\u00eb pas jan\u00eb sistemuar n\u00eb nj\u00eb nga vilat qeveritare n\u00eb &hellip;<\/p>\n","protected":false},"author":3,"featured_media":120366,"comment_status":"closed","ping_status":"closed","sticky":false,"template":"","format":"standard","meta":{"footnotes":""},"categories":[37],"tags":[],"class_list":["post-120365","post","type-post","status-publish","format-standard","has-post-thumbnail","","category-politike"],"_links":{"self":[{"href":"https:\/\/rdnews.al\/index.php\/wp-json\/wp\/v2\/posts\/120365","targetHints":{"allow":["GET"]}}],"collection":[{"href":"https:\/\/rdnews.al\/index.php\/wp-json\/wp\/v2\/posts"}],"about":[{"href":"https:\/\/rdnews.al\/index.php\/wp-json\/wp\/v2\/types\/post"}],"author":[{"embeddable":true,"href":"https:\/\/rdnews.al\/index.php\/wp-json\/wp\/v2\/users\/3"}],"replies":[{"embeddable":true,"href":"https:\/\/rdnews.al\/index.php\/wp-json\/wp\/v2\/comments?post=120365"}],"version-history":[{"count":2,"href":"https:\/\/rdnews.al\/index.php\/wp-json\/wp\/v2\/posts\/120365\/revisions"}],"predecessor-version":[{"id":120368,"href":"https:\/\/rdnews.al\/index.php\/wp-json\/wp\/v2\/posts\/120365\/revisions\/120368"}],"wp:featuredmedia":[{"embeddable":true,"href":"https:\/\/rdnews.al\/index.php\/wp-json\/wp\/v2\/media\/120366"}],"wp:attachment":[{"href":"https:\/\/rdnews.al\/index.php\/wp-json\/wp\/v2\/media?parent=120365"}],"wp:term":[{"taxonomy":"category","embeddable":true,"href":"https:\/\/rdnews.al\/index.php\/wp-json\/wp\/v2\/categories?post=120365"},{"taxonomy":"post_tag","embeddable":true,"href":"https:\/\/rdnews.al\/index.php\/wp-json\/wp\/v2\/tags?post=120365"}],"curies":[{"name":"wp","href":"https:\/\/api.w.org\/{rel}","templated":true}]}}