{"id":120378,"date":"2025-08-04T10:49:03","date_gmt":"2025-08-04T10:49:03","guid":{"rendered":"https:\/\/rdnews.al\/?p=120378"},"modified":"2025-08-04T10:49:03","modified_gmt":"2025-08-04T10:49:03","slug":"gazetari-i-veliajt-ulsi-manja-dhe-spak-kerkuan-arrestimin-tim","status":"publish","type":"post","link":"https:\/\/rdnews.al\/index.php\/2025\/08\/04\/gazetari-i-veliajt-ulsi-manja-dhe-spak-kerkuan-arrestimin-tim\/","title":{"rendered":"Gazetari i Veliajt: Ulsi Manja dhe SPAK k\u00ebrkuan arrestimin tim"},"content":{"rendered":"<p>Gazetari i Veliajt, Mero Baze ka deklaruar n\u00eb nj\u00eb shkrim t\u00eb tij se \u201cUlsi Manja dhe SPAK kan\u00eb k\u00ebrkuar q\u00eb ta arrestojn\u00eb at\u00eb p\u00ebr mbrojtjen q\u00eb I ka b\u00ebr\u00eb ish-Kryetarit t\u00eb Bashkis\u00eb, Veliaj. \u00a0Ai shigjeton edhe Ram\u00ebn q\u00eb sipas tij q\u00ebndronte pas k\u00ebtij plani.<\/p>\n<p><strong>Reagimi i Bazes<\/strong><\/p>\n<p>P\u00ebrpara skandalit t\u00eb fundit t\u00eb Ulsi Manj\u00ebs, q\u00eb i \u00e7oi 30 forca speciale p\u00ebr ta shoq\u00ebruar n\u00eb 250 metra rrug\u00eb p\u00ebrball\u00eb burgut ku ishte klinika, d\u00ebgjova dhe lexova lajme q\u00eb n\u00eb fillim mu duk\u00ebn p\u00ebrpjekje p\u00ebr t\u2019u tallur. N\u00eb nj\u00eb prej tyre thuhej se Veliaj nuk \u00ebsht\u00eb i s\u00ebmur\u00eb por do shkoj\u00eb n\u00eb spital se do t\u00eb takoj\u00eb Mero Bazen. K\u00ebt\u00eb e boton portali i nj\u00eb fund\u00ebrine q\u00eb mburret gjithe diten q\u00eb pi kafe me Dumanin dhe Olsi Dadon si dhe nj\u00eb TV q\u00eb \u00ebsht\u00eb sekuestruar ngaq\u00eb pronari \u00ebsht\u00eb trafikant droge, por qeveria dhe Ulsi Manja nuk guxon t\u00eb shkoj\u00eb t\u2019i marr\u00eb \u00e7el\u00ebsat dhe pas vendimit t\u00eb Gjykat\u00ebs s\u00eb Lart\u00eb. Ky pra, q\u00eb i d\u00ebrgon 30 polic\u00eb nj\u00eb ish-kolegut t\u00eb tij n\u00eb burg p\u00ebr ta terrorizuar, Ylli Ndroqit nuk guxon t\u2019i \u00e7oj\u00eb nj\u00eb p\u00ebrmbarues t\u2019i marr\u00eb \u00e7el\u00ebsat e pronave q\u00eb i ka sekuestruar shteti, p\u00ebr t\u00eb mos th\u00ebn\u00eb q\u00eb b\u00ebn pazare me t\u00eb.<\/p>\n<p>Pas aksionit, disa miq t\u00eb mi m\u00eb than\u00eb se jo vet\u00ebm Ulsiu, por dhe Olsi Dado, ishte b\u00ebr\u00eb gati t\u00eb m\u00eb \u201carrestonte\u201d po t\u00eb m\u00eb gjente n\u00eb spital.Pastaj m\u00eb than\u00eb se vet Ulsiu ja ka raprtuar k\u00ebt\u00eb kryeministrit dhe disa ministrave se &#8220;ishte e detyruar t\u00eb \u00e7onte forcat speciale&#8221; se ai do takonte Mero Bazen. Vet\u00ebm un\u00eb nuk e dija q\u00eb Veliaj do shkonte n\u00eb spital dhe q\u00eb un\u00eb do shkoja ta takoja.<\/p>\n<p>Kjo \u00e7menduri e ushqyer nga mashtrues ordiner\u00eb, q\u00eb p\u00ebr fat t\u00eb keq jan\u00eb dhe ministra, vjen e gjitha nga fakti q\u00eb jan\u00eb vegla t\u00eb nj\u00eb mekanizmi p\u00ebrsekutimi politik ndaj nj\u00eb njeriu t\u00eb pafajsh\u00ebm, tashm\u00eb q\u00eb \u00ebsht\u00eb n\u00eb burg dhe shpikin arsye pse kan\u00eb mobilizuar forca policore. Un\u00eb as kam b\u00ebr\u00eb ndonj\u00eb k\u00ebrkes\u00eb t\u00eb takoj Erion Veliajn dhe as m\u00eb duhet ta takoj, se nuk kam ndonj\u00eb hall p\u00ebr t\u00eb sqaruar me t\u00eb. Shok\u00ebt dhe miqt\u00eb e tij n\u00eb qeveri, po i ka marr\u00eb malli, le t\u2019i marrin leje Ulsiut. Por shpifje t\u00eb tilla p\u00ebr t\u00eb justifikuar lin\u00e7imin ndaj tij, jan\u00eb t\u00eb neveritshme dhe burojn\u00eb nga lig\u00ebsia e epsheve t\u00eb pushtetit ndaj nj\u00eb njeriu q\u00eb tani \u00ebsht\u00eb n\u00eb burg.<\/p>\n","protected":false},"excerpt":{"rendered":"<p>Gazetari i Veliajt, Mero Baze ka deklaruar n\u00eb nj\u00eb shkrim t\u00eb tij se \u201cUlsi Manja dhe SPAK kan\u00eb k\u00ebrkuar q\u00eb ta arrestojn\u00eb at\u00eb p\u00ebr mbrojtjen q\u00eb I ka b\u00ebr\u00eb ish-Kryetarit t\u00eb Bashkis\u00eb, Veliaj. \u00a0Ai shigjeton edhe Ram\u00ebn q\u00eb sipas tij q\u00ebndronte pas k\u00ebtij plani. Reagimi i Bazes P\u00ebrpara skandalit t\u00eb fundit t\u00eb Ulsi Manj\u00ebs, q\u00eb &hellip;<\/p>\n","protected":false},"author":3,"featured_media":120379,"comment_status":"closed","ping_status":"closed","sticky":false,"template":"","format":"standard","meta":{"footnotes":""},"categories":[37],"tags":[],"class_list":["post-120378","post","type-post","status-publish","format-standard","has-post-thumbnail","","category-politike"],"_links":{"self":[{"href":"https:\/\/rdnews.al\/index.php\/wp-json\/wp\/v2\/posts\/120378","targetHints":{"allow":["GET"]}}],"collection":[{"href":"https:\/\/rdnews.al\/index.php\/wp-json\/wp\/v2\/posts"}],"about":[{"href":"https:\/\/rdnews.al\/index.php\/wp-json\/wp\/v2\/types\/post"}],"author":[{"embeddable":true,"href":"https:\/\/rdnews.al\/index.php\/wp-json\/wp\/v2\/users\/3"}],"replies":[{"embeddable":true,"href":"https:\/\/rdnews.al\/index.php\/wp-json\/wp\/v2\/comments?post=120378"}],"version-history":[{"count":1,"href":"https:\/\/rdnews.al\/index.php\/wp-json\/wp\/v2\/posts\/120378\/revisions"}],"predecessor-version":[{"id":120380,"href":"https:\/\/rdnews.al\/index.php\/wp-json\/wp\/v2\/posts\/120378\/revisions\/120380"}],"wp:featuredmedia":[{"embeddable":true,"href":"https:\/\/rdnews.al\/index.php\/wp-json\/wp\/v2\/media\/120379"}],"wp:attachment":[{"href":"https:\/\/rdnews.al\/index.php\/wp-json\/wp\/v2\/media?parent=120378"}],"wp:term":[{"taxonomy":"category","embeddable":true,"href":"https:\/\/rdnews.al\/index.php\/wp-json\/wp\/v2\/categories?post=120378"},{"taxonomy":"post_tag","embeddable":true,"href":"https:\/\/rdnews.al\/index.php\/wp-json\/wp\/v2\/tags?post=120378"}],"curies":[{"name":"wp","href":"https:\/\/api.w.org\/{rel}","templated":true}]}}