{"id":120381,"date":"2025-08-04T10:54:45","date_gmt":"2025-08-04T10:54:45","guid":{"rendered":"https:\/\/rdnews.al\/?p=120381"},"modified":"2025-08-04T10:55:45","modified_gmt":"2025-08-04T10:55:45","slug":"skandali-berisha-publikon-dokumentin-si-ministri-i-rames-kercenoi-osbe-odihr-per-zgjedhjet","status":"publish","type":"post","link":"https:\/\/rdnews.al\/index.php\/2025\/08\/04\/skandali-berisha-publikon-dokumentin-si-ministri-i-rames-kercenoi-osbe-odihr-per-zgjedhjet\/","title":{"rendered":"Skandali\/ Del dokumenti si ministri i Ram\u00ebs k\u00ebrc\u00ebnoi OSBE\/ODIHR p\u00ebr zgjedhjet"},"content":{"rendered":"<p><strong>Denoncimi i Berish\u00ebs<\/strong><\/p>\n<p>Farsa elektorale e 11 majit 2025 \u00ebsht\u00eb procesi elektoral m\u00eb i sh\u00ebmtuar n\u00eb 32 vite pas r\u00ebnies s\u00eb Perdes s\u00eb Hekurt. \u00cbsht\u00eb procesi m\u00eb i diskredituar. \u00cbsht\u00eb procesi m\u00eb i korruptuar. K\u00ebtu n\u00eb m\u00ebnyr\u00eb t\u00eb vazhdueshme kemi paraqitur qindra fakte dhe dokumente t\u00eb pakund\u00ebrshtueshme t\u00eb p\u00ebrdorimit t\u00eb mbi 1 miliard e 20 milion\u00eb euro para t\u00eb buxhetit me q\u00ebllim blerjen dhe influenc\u00ebn e vot\u00ebs. T\u00eb organizimit t\u00eb mbi 4 mij\u00eb e 500 aktiviteteve m\u00eb shum\u00eb se tre vite t\u00eb tjera t\u00eb marra s\u00eb bashku, n\u00eb 4 muajt e fundit para zgjedhjeve, t\u00eb ndaluara me ligj. T\u00eb gjys\u00ebm miliardi prokurime t\u00eb ndaluara me ligj para zgjedhjeve. T\u00eb armatosjes s\u00eb terrorist\u00ebve elektoral\u00eb patronazhist\u00eb me t\u00eb dh\u00ebnat e qytetar\u00ebve p\u00ebr t\u2019i mikluar dhe k\u00ebrc\u00ebnuar ata. Firmosjen e licencave p\u00ebr mbjelljen e kanabisit n\u00eb p\u00ebrmasa 140 her\u00eb m\u00eb t\u00eb m\u00ebdha se sa \u00e7\u2019parashikon ligji. Kemi paraqitur para jush manipulimin ekstrem t\u00eb vot\u00ebs s\u00eb diaspor\u00ebs. Por ju jeni d\u00ebshmitar\u00eb se k\u00ebtu, nga kjo sall\u00eb, nga Parlamenti Europian dhe asambleja parlamentare e OSBE, kam denoncuar me forc\u00ebn m\u00eb t\u00eb madhe k\u00ebc\u00ebnimet, presionet e Edi Ram\u00ebs dhe ministrit Igli Hasani ndaj v\u00ebzhguesve nd\u00ebrkomb\u00ebtar\u00eb me q\u00ebllim q\u00eb ata t\u00eb ndryshojn\u00eb raportin. Si\u00e7 un\u00eb u kam njoftuar, laptopi po b\u00ebn transparenc\u00eb t\u00eb madhe. K\u00ebtu para jush kam sjell\u00eb sot letr\u00ebn k\u00ebrc\u00ebnuese q\u00eb ministri i jasht\u00ebm i narkoshtetit, Igli Hasani, iu drejton me dat\u00ebn 12 maj, sapo lexohet raporti, zonj\u00ebs Farah Karimi, koordinatore speciale dhe lider i misionit afatshkurt\u00ebr t\u00eb OSBE-s\u00eb. Ambasadorit Lamberto Zannier, kryetar i misionit t\u00eb v\u00ebzhguesve t\u00eb ODIHR-it. Zotit Bjorn Soder, kryetar i delegacionit t\u00eb asambles\u00eb parlamentare t\u00eb OSBE. Zoti Simone Billi, kryetar i delegacionit t\u00eb asambles\u00eb parlamentare t\u00eb K\u00ebshillit t\u00eb Europ\u00ebs. Dhe zotit Michael Gahler, kryetar i delegacionit t\u00eb Parlamentit Europian. Shikoni \u00e7far\u00eb banditizmi, sapo kan\u00eb l\u00ebshuar komunikat\u00ebn, atyre iu drejtohet kjo let\u00ebr. Pas kortezis\u00eb, n\u00eb let\u00ebr thuhet: \u2018Lidhur me deklarat\u00ebn e gjetjeve dhe konkluzioneve paraprake, dua t\u2019ju p\u00ebrcjell pritshm\u00ebrin\u00eb q\u00eb k\u00ebto raporte t\u00eb pasqyrojn\u00eb me sakt\u00ebsi realitetet e observuara n\u00eb terren gjat\u00eb procesit elektoral\u2019. Dhe vazhdon: \u2018N\u00eb k\u00ebt\u00eb drejtim, dua t\u00eb shpreh shqet\u00ebsimin serioz (imagjinoni ju \u00e7far\u00eb mafioz\u00ebsh jan\u00eb k\u00ebta, ata sa e kan\u00eb lexuar raportin, dhe ky sikur t\u2019ua ket\u00eb marr\u00eb kopjen para) lidhur me paragrafin hyr\u00ebs t\u00eb deklarat\u00ebs, n\u00eb t\u00eb cilin b\u00ebhet nj\u00eb paraqitje thell\u00ebsisht negative n\u00eb pik\u00ebpamjen ton\u00eb dhe e pabalancuar e zgjedhjeve parlamentare t\u00eb vitit 2025\u2019.<\/p>\n","protected":false},"excerpt":{"rendered":"<p>Denoncimi i Berish\u00ebs Farsa elektorale e 11 majit 2025 \u00ebsht\u00eb procesi elektoral m\u00eb i sh\u00ebmtuar n\u00eb 32 vite pas r\u00ebnies s\u00eb Perdes s\u00eb Hekurt. \u00cbsht\u00eb procesi m\u00eb i diskredituar. \u00cbsht\u00eb procesi m\u00eb i korruptuar. K\u00ebtu n\u00eb m\u00ebnyr\u00eb t\u00eb vazhdueshme kemi paraqitur qindra fakte dhe dokumente t\u00eb pakund\u00ebrshtueshme t\u00eb p\u00ebrdorimit t\u00eb mbi 1 miliard e 20 &hellip;<\/p>\n","protected":false},"author":3,"featured_media":120382,"comment_status":"closed","ping_status":"closed","sticky":false,"template":"","format":"standard","meta":{"footnotes":""},"categories":[37],"tags":[],"class_list":["post-120381","post","type-post","status-publish","format-standard","has-post-thumbnail","","category-politike"],"_links":{"self":[{"href":"https:\/\/rdnews.al\/index.php\/wp-json\/wp\/v2\/posts\/120381","targetHints":{"allow":["GET"]}}],"collection":[{"href":"https:\/\/rdnews.al\/index.php\/wp-json\/wp\/v2\/posts"}],"about":[{"href":"https:\/\/rdnews.al\/index.php\/wp-json\/wp\/v2\/types\/post"}],"author":[{"embeddable":true,"href":"https:\/\/rdnews.al\/index.php\/wp-json\/wp\/v2\/users\/3"}],"replies":[{"embeddable":true,"href":"https:\/\/rdnews.al\/index.php\/wp-json\/wp\/v2\/comments?post=120381"}],"version-history":[{"count":3,"href":"https:\/\/rdnews.al\/index.php\/wp-json\/wp\/v2\/posts\/120381\/revisions"}],"predecessor-version":[{"id":120385,"href":"https:\/\/rdnews.al\/index.php\/wp-json\/wp\/v2\/posts\/120381\/revisions\/120385"}],"wp:featuredmedia":[{"embeddable":true,"href":"https:\/\/rdnews.al\/index.php\/wp-json\/wp\/v2\/media\/120382"}],"wp:attachment":[{"href":"https:\/\/rdnews.al\/index.php\/wp-json\/wp\/v2\/media?parent=120381"}],"wp:term":[{"taxonomy":"category","embeddable":true,"href":"https:\/\/rdnews.al\/index.php\/wp-json\/wp\/v2\/categories?post=120381"},{"taxonomy":"post_tag","embeddable":true,"href":"https:\/\/rdnews.al\/index.php\/wp-json\/wp\/v2\/tags?post=120381"}],"curies":[{"name":"wp","href":"https:\/\/api.w.org\/{rel}","templated":true}]}}