{"id":120389,"date":"2025-08-04T11:26:02","date_gmt":"2025-08-04T11:26:02","guid":{"rendered":"https:\/\/rdnews.al\/?p=120389"},"modified":"2025-08-04T11:26:02","modified_gmt":"2025-08-04T11:26:02","slug":"fajin-e-ka-saliu","status":"publish","type":"post","link":"https:\/\/rdnews.al\/index.php\/2025\/08\/04\/fajin-e-ka-saliu\/","title":{"rendered":"Fajin e ka Saliu&#8230;!"},"content":{"rendered":"<div class=\"xdj266r x14z9mp xat24cr x1lziwak x1vvkbs x126k92a\">\n<div dir=\"auto\"><strong>Agron TUFA<\/strong><\/div>\n<div dir=\"auto\"><\/div>\n<\/div>\n<div class=\"x14z9mp xat24cr x1lziwak x1vvkbs xtlvy1s x126k92a\">\n<div dir=\"auto\">I dashur mik, zonj\u00eb, zot\u00ebri, zonjush\u00eb,<\/div>\n<div dir=\"auto\">t\u00eb njohur e t\u00eb panjohur, me emra e pa emra!<\/div>\n<\/div>\n<div class=\"x14z9mp xat24cr x1lziwak x1vvkbs xtlvy1s x126k92a\">\n<div dir=\"auto\">Ju q\u00eb kap\u00ebrceni gardhin et fb dhe futeni pa teklif, llap e squp n\u00eb komentet e shkrimeve t\u00eb mia e t\u00eb kujtdo q\u00eb prekin nj\u00eb \u00e7\u00ebshtje l\u00ebnduese, shpesh pa e lexuar shkrimin, pa e vrar\u00eb mendjen fare p\u00ebr iden\u00eb. Pra ju q\u00eb t\u00eb gjitha d\u00ebshtimet, p\u00ebr t\u00eb gjitha tragjedit\u00eb personale e kolektive, p\u00ebr \u00e7do gj\u00eb q\u00eb frymon e l\u00ebviz &#8211; fajtor b\u00ebni Saliun, pra nj\u00eb person.<\/div>\n<div dir=\"auto\">Hiqni dor\u00eb nga kjo sindrom\u00eb e rrezikshme, edhe sikur kjo t\u00eb ishte n\u00eb m\u00ebnyr\u00eb t\u00eb mbinatyrshme e mundur &#8211; sepse Saliu nuk mund t\u00eb jet\u00eb si ai Cjapi biblik i m\u00ebkateve q\u00eb hebrenjt\u00eb ia ngarkonin dhe e d\u00ebbonin n\u00eb Shkret\u00ebtir\u00eb. Kjo \u00ebsht\u00eb s\u00ebmundje q\u00eb ju bllokon t\u00eb menduarit origjinal.<\/div>\n<div dir=\"auto\">Dhe mos thoni: &#8220;Na e la Saliu peshqesh&#8221;, apo &#8220;mbaje, se t&#8217;a ka l\u00ebn\u00eb Saliu!&#8221; Kjo zg\u00ebrdhirje qoft\u00eb e lig\u00eb, qoft\u00eb shprehje zhg\u00ebnjimi, nuk ndihmon ask\u00ebnd t\u00eb ruaj\u00eb dinjitetin dhe t\u00eb mos p\u00ebrkulet. Saliu mund t&#8217;i l\u00ebr\u00eb ndonj\u00eb gj\u00eb, po pati, f\u00ebmij\u00ebve t\u00eb vet, jo mua, as ty, as shoq\u00ebris\u00eb shqiptare &#8211; edhe n\u00eb kuptimin figurativ q\u00eb e ke ti, komentues.<\/div>\n<div dir=\"auto\">E dyta, ai q\u00eb i l\u00eb bekim ose mallkim nj\u00eb personi apo nj\u00eb populli \u00ebsht\u00eb nj\u00eb forc\u00eb madhore, Destini, apo ndryshe, ve\u00e7 i madhi Zot, n\u00eb baz\u00eb t\u00eb m\u00ebkatit.<\/div>\n<div dir=\"auto\">E treta, nuk jan\u00eb diktator\u00ebt, autokrat\u00ebt, nj\u00ebshat q\u00eb vendosin nj\u00eb gjendje t\u00eb caktuar regjimi, por Vet\u00ebdija e manipulueshme, vullneti i plog\u00ebsht dhe karakteri qytetar frikacak, servil dhe i n\u00ebnshtruar i shoq\u00ebris\u00eb.<\/div>\n<div dir=\"auto\">Ti mund ta marr\u00ebsh fare ngusht\u00eb, fjala vjen, q\u00eb t\u00eb faj\u00ebsosh 1 person p\u00ebr fatkeq\u00ebsin\u00eb popullore, por k\u00ebshtu ke habitur ve\u00e7 veten, ask\u00ebnd tjet\u00ebr. Merreni (me mend) Enver Lugatin, \u00e7ojeni n\u00eb krye t\u00eb shoq\u00ebris\u00eb franceze (angleze, gjermane) t\u00eb vitit 1945 e n\u00eb vazhdim. Sa muaj mendoni se mund ta duronin k\u00ebto shoq\u00ebri Enverin tuaj?<\/div>\n<\/div>\n<div class=\"x14z9mp xat24cr x1lziwak x1vvkbs xtlvy1s x126k92a\">\n<div dir=\"auto\">Nuk zgjidhen \u00e7\u00ebshtjet duke faj\u00ebsuar nj\u00ebrin p\u00ebr gjith\u00e7ka q\u00eb shkon keq, duke th\u00ebn\u00eb &#8220;fajin e ka Saliu&#8221; edhe kur e ka Rama; &#8220;fajin e ka Saliu&#8221; edhe kur ty, m\u00eb falni, nuk t\u00eb ngrihet ai miku n\u00eb shtrat!<\/div>\n<\/div>\n<div class=\"x14z9mp xat24cr x1lziwak x1vvkbs xtlvy1s x126k92a\">\n<div dir=\"auto\">Po p\u00ebrve\u00e7 Saliut, a ka kush ndonj\u00eb faj n\u00eb k\u00ebt\u00eb bot\u00ebn ton\u00eb shqiptare?<\/div>\n<\/div>\n<div class=\"x14z9mp xat24cr x1lziwak x1vvkbs xtlvy1s x126k92a\">\n<div dir=\"auto\">Prandaj Rama b\u00ebn p\u00ebrsheshin e tij, se e ka gjetur sheshin dhe alibin\u00eb e gatshme: \u00e7fardo krimi, \u00e7fardo p\u00ebrdhunimi q\u00eb t\u00eb b\u00ebj\u00eb ai me band\u00ebn e pushtetit, e di tashm\u00eb q\u00eb njer\u00ebzit, masa e njer\u00ebzve q\u00eb e pandehin veten t\u00eb lir\u00eb, do t\u00eb thon\u00eb: &#8220;fajin e ka Saliu!&#8221;.<\/div>\n<div dir=\"auto\">Pra fajet i ka Saliu, edhe pse ti e shet vot\u00ebn me para, fajin e ka Saliu edhe pse ti nuk del n\u00eb votime; fajin e ka Saliu edhe pse ti trembesh, shantazhohesh, pranon ofertat, pislleqet, korruptimet n\u00eb administrat\u00eb; fajin e ka Saliu edhe kur ti e sheh padrejt\u00ebsin\u00eb dhe dhun\u00ebn para hundet dhe nuk flet, nuk proteston, madje b\u00ebn sehir, se e ke gjetur fajtorin -Saliun e p\u00ebrjetsh\u00ebm. Pra fajin e ka Saliu se t\u00eb p\u00eblqen t\u00eb jesh i posht\u00ebruar; &#8220;fajin e ka Saliu&#8221;, ndon\u00ebse t\u00eb qiu Rama! Kjo \u00ebsht\u00eb alibi e p\u00ebshtir\u00eb!<\/div>\n<div dir=\"auto\">Por gjithsesi, gjithsesi, Saliu i ka fajet e veta, p\u00ebrgjegj\u00ebsit\u00eb e veta, t\u00eb m\u00ebdha, shpesh t\u00eb tej-ekzagjeruara, por ka dhe gabime me pasoja t\u00eb r\u00ebnda. Sikund\u00ebr ka dhe merita t\u00eb padiskutueshme, historike.<\/div>\n<\/div>\n<div class=\"x14z9mp xat24cr x1lziwak x1vvkbs xtlvy1s x126k92a\">\n<div dir=\"auto\">O popull i mjer\u00eb! Ju skllev\u00ebr t\u00eb shtypur e t\u00eb deformuar n\u00eb shpirt e n\u00eb mendje nga pesha d\u00ebrrmuese e diktatur\u00ebs 50 vje\u00e7are! A nj\u00ebmend prisnit t&#8217;ju d\u00ebrgonte Per\u00ebndia nga sferat qiellore Kryeengj\u00ebllin nj\u00ebmij\u00ebkrah\u00ebsh me kerubim\u00ebt e Zotit? Dhe ju kujtuat se ai \u00ebsht\u00eb Berisha me PD? Po ai ishte pasqyr\u00eb e juaja: nuk mund t\u00eb shpikej tjet\u00ebr. Ju doni drejt\u00ebsin\u00eb dhe zgjedhjen hyjnore midis pun\u00ebve t\u00eb njer\u00ebzve: drejt\u00ebsi, por mund\u00ebsisht hyjnore! K\u00ebshtu? Po ju? Ju vet\u00eb si zgjidhni e si zgjidheni? Zgjidhje zengjinesh\u00eb!<\/div>\n<div dir=\"auto\">Edhe mund t\u00eb jeni engj\u00ebj krejt t\u00eb dlir\u00eb, si\u00e7 shtireni shpesh, por po b\u00ebni nj\u00eb m\u00ebkat t\u00eb p\u00ebrjetsh\u00ebm: nuk po kund\u00ebrshtoni p\u00ebrdhunimin q\u00eb po ju b\u00ebhet. Dhe nuk do t\u00eb jeni kurr\u00eb m\u00eb t\u00eb d\u00eblir\u00eb!<\/div>\n<\/div>\n<div class=\"x14z9mp xat24cr x1lziwak x1vvkbs xtlvy1s x126k92a\">\n<div dir=\"auto\">Dhe p\u00ebr k\u00ebt\u00eb, kurr\u00ebfar\u00eb faji s&#8217;ju ka as Saliu i dit\u00ebve t\u00eb para, as i dit\u00ebve t\u00eb fundit t\u00eb tij (meq\u00eb \u00ebsht\u00eb n\u00eb fundin e tij). Dikush tjet\u00ebr po ju nd\u00ebrron Kodin Penal, Kushtetut\u00ebn, e \u00e7far\u00eb ju p\u00ebrmban pragu: po ju luan fen\u00eb! N\u00eb t\u00eb gjitha kuptimet!<\/div>\n<\/div>\n<div class=\"x14z9mp xat24cr x1lziwak x1vvkbs xtlvy1s x126k92a\">\n<div dir=\"auto\">A ju leht\u00ebson tani t\u00eb thoni: &#8220;po, ti ke t\u00eb drejt\u00eb, por edhe p\u00ebr k\u00ebt\u00eb, fajin e ka Saliu, sepse&#8230;&#8221;<\/div>\n<\/div>\n<div class=\"x14z9mp xat24cr x1lziwak x1vvkbs xtlvy1s x126k92a\">\n<div dir=\"auto\">Vazhdojeni, vazhdojeni i nderuar mendimin&#8230;<\/div>\n<\/div>\n","protected":false},"excerpt":{"rendered":"<p>Agron TUFA I dashur mik, zonj\u00eb, zot\u00ebri, zonjush\u00eb, t\u00eb njohur e t\u00eb panjohur, me emra e pa emra! Ju q\u00eb kap\u00ebrceni gardhin et fb dhe futeni pa teklif, llap e squp n\u00eb komentet e shkrimeve t\u00eb mia e t\u00eb kujtdo q\u00eb prekin nj\u00eb \u00e7\u00ebshtje l\u00ebnduese, shpesh pa e lexuar shkrimin, pa e vrar\u00eb mendjen fare &hellip;<\/p>\n","protected":false},"author":3,"featured_media":120390,"comment_status":"closed","ping_status":"closed","sticky":false,"template":"","format":"standard","meta":{"footnotes":""},"categories":[37],"tags":[],"class_list":["post-120389","post","type-post","status-publish","format-standard","has-post-thumbnail","","category-politike"],"_links":{"self":[{"href":"https:\/\/rdnews.al\/index.php\/wp-json\/wp\/v2\/posts\/120389","targetHints":{"allow":["GET"]}}],"collection":[{"href":"https:\/\/rdnews.al\/index.php\/wp-json\/wp\/v2\/posts"}],"about":[{"href":"https:\/\/rdnews.al\/index.php\/wp-json\/wp\/v2\/types\/post"}],"author":[{"embeddable":true,"href":"https:\/\/rdnews.al\/index.php\/wp-json\/wp\/v2\/users\/3"}],"replies":[{"embeddable":true,"href":"https:\/\/rdnews.al\/index.php\/wp-json\/wp\/v2\/comments?post=120389"}],"version-history":[{"count":1,"href":"https:\/\/rdnews.al\/index.php\/wp-json\/wp\/v2\/posts\/120389\/revisions"}],"predecessor-version":[{"id":120391,"href":"https:\/\/rdnews.al\/index.php\/wp-json\/wp\/v2\/posts\/120389\/revisions\/120391"}],"wp:featuredmedia":[{"embeddable":true,"href":"https:\/\/rdnews.al\/index.php\/wp-json\/wp\/v2\/media\/120390"}],"wp:attachment":[{"href":"https:\/\/rdnews.al\/index.php\/wp-json\/wp\/v2\/media?parent=120389"}],"wp:term":[{"taxonomy":"category","embeddable":true,"href":"https:\/\/rdnews.al\/index.php\/wp-json\/wp\/v2\/categories?post=120389"},{"taxonomy":"post_tag","embeddable":true,"href":"https:\/\/rdnews.al\/index.php\/wp-json\/wp\/v2\/tags?post=120389"}],"curies":[{"name":"wp","href":"https:\/\/api.w.org\/{rel}","templated":true}]}}