{"id":120414,"date":"2025-08-04T19:50:04","date_gmt":"2025-08-04T19:50:04","guid":{"rendered":"https:\/\/rdnews.al\/?p=120414"},"modified":"2025-08-04T19:50:04","modified_gmt":"2025-08-04T19:50:04","slug":"netanjahu-shpall-vendimin-per-pushtimin-e-gazes","status":"publish","type":"post","link":"https:\/\/rdnews.al\/index.php\/2025\/08\/04\/netanjahu-shpall-vendimin-per-pushtimin-e-gazes\/","title":{"rendered":"Netanjahu shpall vendimin p\u00ebr pushtimin e Gaz\u00ebs"},"content":{"rendered":"<p>Kryeministri Benjamin Netanyahu konfirmoi se \u00ebsht\u00eb marr\u00eb nj\u00eb vendim p\u00ebr pushtimin e plot\u00eb t\u00eb Rripit t\u00eb Gaz\u00ebs, duke p\u00ebrfshir\u00eb operacionet n\u00eb zonat ku mbahen pengje.<\/p>\n<p>Zyra e Kryeministrit i p\u00ebrcolli mesazhin Shefit t\u00eb Shtabit: \u201cN\u00ebse kjo nuk ju p\u00ebrshtatet, at\u00ebher\u00eb duhet t\u00eb jepni dor\u00ebheqjen.\u201d<\/p>\n<p>Njoftimi vjen pas muajsh bisedimesh n\u00eb Doha midis Hamasit, Izraelit dhe nd\u00ebrmjet\u00ebsve p\u00ebr t\u00eb arritur nj\u00eb marr\u00ebveshje arm\u00ebpushimi dhe pengmarrjeje, shkruan\u00a0<a href=\"https:\/\/www.euronews.com\/2025\/08\/04\/netanyahu-says-decision-made-for-full-occupation-of-gaza\" target=\"_blank\" rel=\"noopener\"><strong>euronews<\/strong><\/a>.<\/p>\n<p>Hamasi k\u00ebrkoi q\u00eb qindra kamion\u00eb me ndihma do t\u00eb duhej t\u00eb hynin n\u00eb Rripin e Gaz\u00ebs q\u00eb grupi terrorist t\u00eb rikthehej n\u00eb negociata, pavar\u00ebsisht p\u00ebrpjekjeve t\u00eb shtuara nd\u00ebrkomb\u00ebtare p\u00ebr t\u00eb ofruar burime n\u00eb enklav\u00ebn palestineze.<\/p>\n<p>Hamasi publikoi gjithashtu video gjat\u00eb fundjav\u00ebs, duke treguar pengje t\u00eb dob\u00ebsuar dhe duke pretenduar se ata po vdisnin urie si pasoj\u00eb e uris\u00eb s\u00eb p\u00ebrhapur n\u00eb Rripin e Gaz\u00ebs.<\/p>\n","protected":false},"excerpt":{"rendered":"<p>Kryeministri Benjamin Netanyahu konfirmoi se \u00ebsht\u00eb marr\u00eb nj\u00eb vendim p\u00ebr pushtimin e plot\u00eb t\u00eb Rripit t\u00eb Gaz\u00ebs, duke p\u00ebrfshir\u00eb operacionet n\u00eb zonat ku mbahen pengje. Zyra e Kryeministrit i p\u00ebrcolli mesazhin Shefit t\u00eb Shtabit: \u201cN\u00ebse kjo nuk ju p\u00ebrshtatet, at\u00ebher\u00eb duhet t\u00eb jepni dor\u00ebheqjen.\u201d Njoftimi vjen pas muajsh bisedimesh n\u00eb Doha midis Hamasit, Izraelit dhe &hellip;<\/p>\n","protected":false},"author":3,"featured_media":120415,"comment_status":"closed","ping_status":"closed","sticky":false,"template":"","format":"standard","meta":{"footnotes":""},"categories":[38],"tags":[],"class_list":["post-120414","post","type-post","status-publish","format-standard","has-post-thumbnail","","category-bota"],"_links":{"self":[{"href":"https:\/\/rdnews.al\/index.php\/wp-json\/wp\/v2\/posts\/120414","targetHints":{"allow":["GET"]}}],"collection":[{"href":"https:\/\/rdnews.al\/index.php\/wp-json\/wp\/v2\/posts"}],"about":[{"href":"https:\/\/rdnews.al\/index.php\/wp-json\/wp\/v2\/types\/post"}],"author":[{"embeddable":true,"href":"https:\/\/rdnews.al\/index.php\/wp-json\/wp\/v2\/users\/3"}],"replies":[{"embeddable":true,"href":"https:\/\/rdnews.al\/index.php\/wp-json\/wp\/v2\/comments?post=120414"}],"version-history":[{"count":1,"href":"https:\/\/rdnews.al\/index.php\/wp-json\/wp\/v2\/posts\/120414\/revisions"}],"predecessor-version":[{"id":120416,"href":"https:\/\/rdnews.al\/index.php\/wp-json\/wp\/v2\/posts\/120414\/revisions\/120416"}],"wp:featuredmedia":[{"embeddable":true,"href":"https:\/\/rdnews.al\/index.php\/wp-json\/wp\/v2\/media\/120415"}],"wp:attachment":[{"href":"https:\/\/rdnews.al\/index.php\/wp-json\/wp\/v2\/media?parent=120414"}],"wp:term":[{"taxonomy":"category","embeddable":true,"href":"https:\/\/rdnews.al\/index.php\/wp-json\/wp\/v2\/categories?post=120414"},{"taxonomy":"post_tag","embeddable":true,"href":"https:\/\/rdnews.al\/index.php\/wp-json\/wp\/v2\/tags?post=120414"}],"curies":[{"name":"wp","href":"https:\/\/api.w.org\/{rel}","templated":true}]}}