{"id":120424,"date":"2025-08-05T11:50:51","date_gmt":"2025-08-05T11:50:51","guid":{"rendered":"https:\/\/rdnews.al\/?p=120424"},"modified":"2025-08-05T12:07:30","modified_gmt":"2025-08-05T12:07:30","slug":"incident-diplomatik-rama-ka-thirrur-ne-takim-dhe-ka-kercenuar-perfaqesues-te-komunitetit-nderkombetar-per-zgjedhjet","status":"publish","type":"post","link":"https:\/\/rdnews.al\/index.php\/2025\/08\/05\/incident-diplomatik-rama-ka-thirrur-ne-takim-dhe-ka-kercenuar-perfaqesues-te-komunitetit-nderkombetar-per-zgjedhjet\/","title":{"rendered":"Incident diplomatik\/\/Rama ka thirrur n\u00eb takim dhe ka k\u00ebrc\u00ebnuar p\u00ebrfaq\u00ebsues t\u00eb komunitetit nd\u00ebrkomb\u00ebtar p\u00ebr zgjedhjet"},"content":{"rendered":"<p>Kryetari i opozit\u00ebs, Berisha ka denonuar sot nj\u00eb skandal dhe incident t\u00eb r\u00ebnd\u00eb diplomatik. Berisha deklaroi sot se Rama ka thirrur n\u00eb takim dhe ka k\u00ebrc\u00ebnuar p\u00ebrfaq\u00ebsues t\u00eb komunitetit nd\u00ebrkomb\u00ebtar p\u00ebr raportin e OSBE\/ODIHR p\u00ebr zgjedhjet. \u201cT\u00eb nj\u00ebjt\u00ebn gj\u00eb ka b\u00ebr\u00eb edhe ministri i Jasht\u00ebm, Igli Hsani&#8221;, deklaroi Berisha.<\/p>\n<p>N\u00eb k\u00ebt\u00eb rast nuk kemi t\u00eb b\u00ebjm\u00eb vet\u00ebm me nj\u00eb skandal, por me nj\u00eb incident diplomatik t\u00eb r\u00ebnd\u00eb.<\/p>\n<p>Berisha nuk dha emra se cil\u00ebt p\u00ebrfaq\u00ebsues t\u00eb komunitetit nd\u00ebrkomb\u00ebtar jan\u00eb thirrur dhe k\u00ebrc\u00ebnuar nga Rama, por ai la t\u00eb kuptohej se ka informacion t\u00eb plot\u00eb n\u00eb lidhje me k\u00ebt\u00eb skandal. Berisha e b\u00ebri deklarat\u00ebn n\u00eb p\u00ebrgjigje t\u00eb pyetjes s\u00eb gazetarit q\u00eb k\u00ebrkoi t\u00eb dinte n\u00ebse Kryetari i PD ka informacion p\u00ebr raste t\u00eb tjera t\u00eb presionit t\u00eb Ram\u00ebs ndaj v\u00ebzhguesve t\u00eb OSBE\/ODIHR pas letr\u00ebs s\u00eb ministrit t\u00eb Jasht\u00ebm q\u00eb \u00ebsht\u00eb b\u00ebr\u00eb publike nga Berisha.<\/p>\n","protected":false},"excerpt":{"rendered":"<p>Kryetari i opozit\u00ebs, Berisha ka denonuar sot nj\u00eb skandal dhe incident t\u00eb r\u00ebnd\u00eb diplomatik. Berisha deklaroi sot se Rama ka thirrur n\u00eb takim dhe ka k\u00ebrc\u00ebnuar p\u00ebrfaq\u00ebsues t\u00eb komunitetit nd\u00ebrkomb\u00ebtar p\u00ebr raportin e OSBE\/ODIHR p\u00ebr zgjedhjet. \u201cT\u00eb nj\u00ebjt\u00ebn gj\u00eb ka b\u00ebr\u00eb edhe ministri i Jasht\u00ebm, Igli Hsani&#8221;, deklaroi Berisha. N\u00eb k\u00ebt\u00eb rast nuk kemi t\u00eb &hellip;<\/p>\n","protected":false},"author":3,"featured_media":120425,"comment_status":"closed","ping_status":"closed","sticky":false,"template":"","format":"standard","meta":{"footnotes":""},"categories":[40],"tags":[],"class_list":["post-120424","post","type-post","status-publish","format-standard","has-post-thumbnail","","category-aktualitet"],"_links":{"self":[{"href":"https:\/\/rdnews.al\/index.php\/wp-json\/wp\/v2\/posts\/120424","targetHints":{"allow":["GET"]}}],"collection":[{"href":"https:\/\/rdnews.al\/index.php\/wp-json\/wp\/v2\/posts"}],"about":[{"href":"https:\/\/rdnews.al\/index.php\/wp-json\/wp\/v2\/types\/post"}],"author":[{"embeddable":true,"href":"https:\/\/rdnews.al\/index.php\/wp-json\/wp\/v2\/users\/3"}],"replies":[{"embeddable":true,"href":"https:\/\/rdnews.al\/index.php\/wp-json\/wp\/v2\/comments?post=120424"}],"version-history":[{"count":4,"href":"https:\/\/rdnews.al\/index.php\/wp-json\/wp\/v2\/posts\/120424\/revisions"}],"predecessor-version":[{"id":120429,"href":"https:\/\/rdnews.al\/index.php\/wp-json\/wp\/v2\/posts\/120424\/revisions\/120429"}],"wp:featuredmedia":[{"embeddable":true,"href":"https:\/\/rdnews.al\/index.php\/wp-json\/wp\/v2\/media\/120425"}],"wp:attachment":[{"href":"https:\/\/rdnews.al\/index.php\/wp-json\/wp\/v2\/media?parent=120424"}],"wp:term":[{"taxonomy":"category","embeddable":true,"href":"https:\/\/rdnews.al\/index.php\/wp-json\/wp\/v2\/categories?post=120424"},{"taxonomy":"post_tag","embeddable":true,"href":"https:\/\/rdnews.al\/index.php\/wp-json\/wp\/v2\/tags?post=120424"}],"curies":[{"name":"wp","href":"https:\/\/api.w.org\/{rel}","templated":true}]}}