{"id":120456,"date":"2025-08-06T11:53:32","date_gmt":"2025-08-06T11:53:32","guid":{"rendered":"https:\/\/rdnews.al\/?p=120456"},"modified":"2025-08-06T13:02:53","modified_gmt":"2025-08-06T13:02:53","slug":"largimi-i-rames-kushti-i-te-gjitha-kushteve-berisha-paralajmeron-levizjen-politike","status":"publish","type":"post","link":"https:\/\/rdnews.al\/index.php\/2025\/08\/06\/largimi-i-rames-kushti-i-te-gjitha-kushteve-berisha-paralajmeron-levizjen-politike\/","title":{"rendered":"&#8220;Largimi i Ram\u00ebs, kushti i t\u00eb gjitha kushteve&#8221;\/Berisha paralajm\u00ebron l\u00ebvizjen politike"},"content":{"rendered":"<p>Kryetari i PD, Sali Berisha deklaroi sot para medias se n\u00eb vjesht\u00eb do t\u00eb nis\u00eb aksionin opozitar kund\u00ebr largimit t\u00eb kryeministrit Edi Rama nga pushteti.<\/p>\n<p>Berisha tha se largimi i tij \u00ebsht\u00eb kushti i t\u00eb gjitha kushteve q\u00eb qytetar\u00ebt t\u00eb vendosin p\u00ebr qeverin\u00eb e ardhshme me vullnetin e tyre.<\/p>\n<p>\u201cPD do t\u00eb b\u00ebj\u00eb \u00e7do gj\u00eb p\u00ebr t\u00eb mobilizuar shqiptar\u00ebt t\u00eb b\u00ebjn\u00eb cdo gj\u00eb p\u00ebr vot\u00ebn e tyre, jo vet\u00ebm n\u00eb Shqip\u00ebri por dhe n\u00eb diaspor\u00eb, ndaj p\u00ebrfaq\u00ebsuesve t\u00eb narkoshtetit n\u00eb diaspor\u00eb.<\/p>\n<p>Kemi t\u00eb b\u00ebjm\u00eb me nj\u00eb diktatur\u00eb autokratike q\u00eb ka si forc\u00eb l\u00ebviz\u00ebse drog\u00ebn krimin dhe vjedhjen e shqiptar\u00ebve. Ndaj dhe q\u00ebndresa e p\u00ebrgjithshme e qytetar\u00ebve \u00ebsht\u00eb dalja nga kjo situat\u00eb\u201d, tha Berisha.<\/p>\n<p>Berisha: Opozita dhe shqiptar\u00ebt duhet ta ken\u00eb dhe e kan\u00eb t\u00eb qart\u00eb se kurr\u00eb me Edi Ram\u00ebn nuk mund t\u00eb votojn\u00eb si qytetar\u00eb t\u00eb lir\u00eb. Largimi i Ram\u00ebs \u00ebsht\u00eb kushti i t\u00eb gjitha kushteve q\u00eb qytetar\u00ebt t\u00eb vendosin me vullnetin e tyre p\u00ebr qeverin\u00eb e ardhshme.<\/p>\n<p>Ndaj dhe PD do b\u00ebj\u00eb cdo gj\u00eb p\u00ebr t\u00eb mobilizuar shqiptar\u00ebt p\u00ebr vot\u00ebn e tyre, jo vet\u00ebm n\u00eb Shqip\u00ebri, por edhe n\u00eb t\u00eb gjith\u00eb diaspor\u00ebn, ndaj p\u00ebrfaq\u00ebsuesve t\u00eb narkoshtetit n\u00eb diaspor\u00eb.<\/p>\n<p>Ata jan\u00eb p\u00ebrfaq\u00ebsues t\u00eb shtetit armik t\u00eb vot\u00ebs s\u00eb lir\u00eb t\u00eb shqiptar\u00ebve dhe kemi t\u00eb b\u00ebj\u00ebm me nj\u00eb diktatur\u00eb autokratike q\u00eb ka si forc\u00eb l\u00ebviz\u00ebse drog\u00ebn, krimin dhe vjedhjen e shqiptar\u00ebve. Ndaj dhe q\u00ebndresa e p\u00ebrgjithshme e qytetar\u00ebve shqiptar\u00eb \u00ebsht\u00eb rrug\u00ebdalja nga kjo situat\u00eb.<\/p>\n","protected":false},"excerpt":{"rendered":"<p>Kryetari i PD, Sali Berisha deklaroi sot para medias se n\u00eb vjesht\u00eb do t\u00eb nis\u00eb aksionin opozitar kund\u00ebr largimit t\u00eb kryeministrit Edi Rama nga pushteti. Berisha tha se largimi i tij \u00ebsht\u00eb kushti i t\u00eb gjitha kushteve q\u00eb qytetar\u00ebt t\u00eb vendosin p\u00ebr qeverin\u00eb e ardhshme me vullnetin e tyre. \u201cPD do t\u00eb b\u00ebj\u00eb \u00e7do gj\u00eb &hellip;<\/p>\n","protected":false},"author":3,"featured_media":120457,"comment_status":"closed","ping_status":"closed","sticky":false,"template":"","format":"standard","meta":{"footnotes":""},"categories":[40],"tags":[],"class_list":["post-120456","post","type-post","status-publish","format-standard","has-post-thumbnail","","category-aktualitet"],"_links":{"self":[{"href":"https:\/\/rdnews.al\/index.php\/wp-json\/wp\/v2\/posts\/120456","targetHints":{"allow":["GET"]}}],"collection":[{"href":"https:\/\/rdnews.al\/index.php\/wp-json\/wp\/v2\/posts"}],"about":[{"href":"https:\/\/rdnews.al\/index.php\/wp-json\/wp\/v2\/types\/post"}],"author":[{"embeddable":true,"href":"https:\/\/rdnews.al\/index.php\/wp-json\/wp\/v2\/users\/3"}],"replies":[{"embeddable":true,"href":"https:\/\/rdnews.al\/index.php\/wp-json\/wp\/v2\/comments?post=120456"}],"version-history":[{"count":1,"href":"https:\/\/rdnews.al\/index.php\/wp-json\/wp\/v2\/posts\/120456\/revisions"}],"predecessor-version":[{"id":120458,"href":"https:\/\/rdnews.al\/index.php\/wp-json\/wp\/v2\/posts\/120456\/revisions\/120458"}],"wp:featuredmedia":[{"embeddable":true,"href":"https:\/\/rdnews.al\/index.php\/wp-json\/wp\/v2\/media\/120457"}],"wp:attachment":[{"href":"https:\/\/rdnews.al\/index.php\/wp-json\/wp\/v2\/media?parent=120456"}],"wp:term":[{"taxonomy":"category","embeddable":true,"href":"https:\/\/rdnews.al\/index.php\/wp-json\/wp\/v2\/categories?post=120456"},{"taxonomy":"post_tag","embeddable":true,"href":"https:\/\/rdnews.al\/index.php\/wp-json\/wp\/v2\/tags?post=120456"}],"curies":[{"name":"wp","href":"https:\/\/api.w.org\/{rel}","templated":true}]}}