{"id":120476,"date":"2025-08-06T18:35:53","date_gmt":"2025-08-06T18:35:53","guid":{"rendered":"https:\/\/rdnews.al\/?p=120476"},"modified":"2025-08-06T18:35:53","modified_gmt":"2025-08-06T18:35:53","slug":"delegacioni-gjerman-ne-zyren-e-berishes-shqiperia-nje-diktature-qe-nuk-lejon-zgjedhjet-e-lira","status":"publish","type":"post","link":"https:\/\/rdnews.al\/index.php\/2025\/08\/06\/delegacioni-gjerman-ne-zyren-e-berishes-shqiperia-nje-diktature-qe-nuk-lejon-zgjedhjet-e-lira\/","title":{"rendered":"Delegacioni gjerman n\u00eb zyr\u00ebn e Berish\u00ebs: Shqip\u00ebria, nj\u00eb diktatur\u00eb q\u00eb nuk lejon zgjedhjet e lira"},"content":{"rendered":"<div class=\"html-div xdj266r x14z9mp xat24cr x1lziwak xexx8yu xyri2b x18d9i69 x1c1uobl\">\n<div class=\"html-div xdj266r x14z9mp xat24cr x1lziwak xexx8yu xyri2b x18d9i69 x1c1uobl\" dir=\"auto\">\n<div class=\"html-div xdj266r x14z9mp xat24cr x1lziwak xexx8yu xyri2b x18d9i69 x1c1uobl\" data-ad-rendering-role=\"story_message\">\n<div id=\"_r_23g_\" class=\"x1l90r2v x1iorvi4 x1g0dm76 xpdmqnj\" data-ad-comet-preview=\"message\" data-ad-preview=\"message\">\n<div class=\"x78zum5 xdt5ytf xz62fqu x16ldp7u\">\n<div class=\"xu06os2 x1ok221b\">\n<div class=\"html-div xdj266r x14z9mp xat24cr x1lziwak xexx8yu xyri2b x18d9i69 x1c1uobl\">\n<div class=\"xdj266r x14z9mp xat24cr x1lziwak x1vvkbs x126k92a\">\n<div dir=\"auto\"><strong>Postimi i Kryetarit te PD, Sali Berisha<\/strong><\/div>\n<div dir=\"auto\"><\/div>\n<div dir=\"auto\">Takim me Z.Lars H\u00e4nsel, drejtor i Departamentit p\u00ebr Europ\u00ebn dhe Amerik\u00ebn e Veriut pran\u00eb Fondacionit t\u00eb CDU-s\u00eb gjermane, Konrad Adenauar Stiftung.<\/div>\n<\/div>\n<div class=\"x14z9mp xat24cr x1lziwak x1vvkbs xtlvy1s x126k92a\">\n<div dir=\"auto\">Farsa e 11 majit do t\u00eb denoncohet n\u00eb \u00e7do kryeqytet europian. Mir\u00ebnjohje mb\u00ebshtetjes s\u00eb jasht\u00ebzakonshme nga CDU-ja gjermane.<\/div>\n<\/div>\n<div class=\"x14z9mp xat24cr x1lziwak x1vvkbs xtlvy1s x126k92a\">\n<div dir=\"auto\">Sot pata k\u00ebnaqesi t\u00eb prisja n\u00eb nj\u00eb takim Z.Lars H\u00e4nsel, drejtor i Departamentit p\u00ebr Europ\u00ebn dhe Amerik\u00ebn e Veriut pran\u00eb Fondacionit t\u00eb CDU-s\u00eb gjermane, Konrad Adenauar Stiftung. N\u00eb k\u00ebt\u00eb takim shfrytezova rastin dhe falenderova Z. H\u00e4nsel, ashtu si dhe Drejtorin e zyr\u00ebs s\u00eb KAS p\u00ebr Shqip\u00ebrin\u00eb, Thomas Kunze, prezent n\u00eb takim, p\u00ebr t\u00eb gjith\u00eb mb\u00ebshtetjen tejet t\u00eb \u00e7muar q\u00eb KAS i ka ofruar Partis\u00eb Demokratike dhe opozit\u00ebs shqiptare n\u00eb dite te veshtira n\u00eb rritjen e kapaciteteve t\u00eb saj, n\u00eb hartimin dhe promovimin e programit ekonomik para publikut shqiptar. Shqip\u00ebria, theksova n\u00eb takim, \u00ebsht\u00eb nj\u00eb diktatur\u00eb autoritare e cila n\u00eb dallim nga diktatura totalitare q\u00eb kemi kaluar dekada m\u00eb par\u00eb nuk ka ideologjin\u00eb, por ka drog\u00ebn si forc\u00eb leviz\u00ebse kryesore q\u00eb vendos n\u00eb rrug\u00eb, n\u00eb parlament n\u00eb qeveri, n\u00eb gjyktata, prokurori, q\u00eb vendos kush do jet\u00eb n\u00eb qeveri dhe kush do jet\u00eb n\u00eb parlament etj. \u00cbsht\u00eb droga q\u00eb vendos kush kandidon, kush fiton e kush drejton vendin e agjencit\u00eb publike. Jan\u00eb s\u00eb paku 28 deputet\u00eb q\u00eb krimi i organizuar ka diktuar n\u00eb zgjedhjet e 11 majit, ashtu si\u00e7 d\u00ebshmoi n\u00eb m\u00ebnyr\u00ebn m\u00eb ul\u00ebrit\u00ebse rasti i kartelit t\u00eb Troplin\u00ebve t\u00eb cil\u00ebt pas zgjedhjeve, u shp\u00ebrblyen me leje kullash droge n\u00eb Durr\u00ebs. E informova Z. H\u00e4nsel se ky realitet \u00ebsht\u00eb i shtrir\u00eb n\u00eb Durr\u00ebs, por dhe n\u00eb Elbasan, Shkod\u00ebr e kudo n\u00eb vend, ku krimi elektoral kontrollon territorin me kamera, frik\u00eb, korrupsion e licenca kanabisi. Mb\u00ebshtetur nga nj\u00eb reform\u00eb drejt\u00ebsie q\u00eb n\u00eb vend t\u00eb nd\u00ebshkimit u jep mbrojtje e paprekshm\u00ebri, krimi zgjedhor b\u00ebri q\u00eb 11 maji t\u00eb kthehej n\u00eb fars\u00ebn m\u00eb t\u00eb turpshme t\u00eb tranzicionit shqiptar. E turpshme ashtu si dhe letra d\u00ebrguar misionit t\u00eb OSBE\/ODHIR fill pas 11 majit, teksa ministri i jasht\u00ebm tenton n\u00ebp\u00ebrmjet presionit t\u00eb zhb\u00ebj\u00eb gjetjet dhe akuzat e raportit m\u00eb t\u00eb zi redaktuar ndonj\u00ebher\u00eb n\u00eb k\u00ebto 30 vite. Nj\u00eb mentalitet kriminal q\u00eb i karakterizon t\u00eb gjitha hallkat e qeveris\u00eb Rama, q\u00eb nga Kryeministri, Ministri e deri tek patronazhisti m\u00eb i ul\u00ebt. Duke k\u00ebrkuar dhe ndihm\u00ebn e partner\u00ebve tan\u00eb per\u00ebndimor si KAS, Partia Demokratike do t\u00eb vijoj\u00eb fuqimisht betej\u00ebn p\u00ebr transparenc\u00eb e denoncim n\u00eb nivel nd\u00ebrkomb\u00ebtar, n\u00eb m\u00ebnyr\u00eb q\u00eb farsa zgjedhore e 11 majit t\u00eb refuzohet nga \u00e7do partner e aleat i demokracis\u00eb shqiptare. N\u00eb takim mor\u00ebn pjes\u00eb gjithashtu dhe Deputeti i Partis\u00eb Demokratike Z.Tomorr Alizoti, dhe Z.Akil Kraja, Drejtor i Fondacionit t\u00eb PD p\u00ebr Liri dhe Demokraci.<\/div>\n<\/div>\n<\/div>\n<\/div>\n<\/div>\n<\/div>\n<\/div>\n<\/div>\n<div id=\"_r_23h_\" class=\"html-div xdj266r x14z9mp xat24cr x1lziwak xexx8yu xyri2b x18d9i69 x1c1uobl x1n2onr6\">\n<div class=\"html-div xdj266r x14z9mp xat24cr x1lziwak xexx8yu xyri2b x18d9i69 x1c1uobl x1n2onr6\">\n<div class=\"html-div xdj266r x14z9mp xat24cr x1lziwak xexx8yu xyri2b x18d9i69 x1c1uobl\">\n<div class=\"x1n2onr6\">\n<div class=\"x1n2onr6\">\n<div class=\"x6ikm8r x10wlt62 x10l6tqk\"><\/div>\n<div class=\"x6ikm8r x10wlt62 x10l6tqk\"><\/div>\n<div class=\"x6ikm8r x10wlt62 x10l6tqk\"><\/div>\n<div class=\"x6ikm8r x10wlt62 x10l6tqk\"><\/div>\n<div class=\"x6ikm8r x10wlt62 x10l6tqk\"><\/div>\n<\/div>\n<\/div>\n<\/div>\n<\/div>\n<div class=\"html-div xdj266r x14z9mp xat24cr x1lziwak xexx8yu xyri2b x18d9i69 x1c1uobl x6ikm8r x10wlt62\"><\/div>\n<\/div>\n<\/div>\n<div>\n<div class=\"xabvvm4 xeyy32k x1ia1hqs x1a2w583 x6ikm8r x10wlt62\" data-visualcompletion=\"ignore-dynamic\">\n<div>\n<div>\n<div>\n<div class=\"x1n2onr6\">\n<div class=\"x6s0dn4 xi81zsa x78zum5 x6prxxf x13a6bvl xvq8zen xdj266r xat24cr x1c1uobl xyri2b x80vd3b x1q0q8m5 xso031l x1diwwjn xbmvrgn x10b6aqq x1yrsyyn\">\n<div class=\"x6s0dn4 x78zum5 x1iyjqo2 x6ikm8r x10wlt62\"><span id=\"_r_23j_\" class=\"x6s0dn4 x78zum5 x135b78x\"><\/span><\/p>\n<div>\n<div class=\"x1i10hfl xjbqb8w x1ejq31n x18oe1m7 x1sy0etr xstzfhl x972fbf x10w94by x1qhh985 x14e42zd x9f619 x1ypdohk xe8uvvx xdj266r x14z9mp xat24cr x1lziwak xexx8yu xyri2b x18d9i69 x1c1uobl x16tdsg8 x1hl2dhg xggy1nq x1fmog5m xu25z0z x140muxe xo1y3bh x1n2onr6 x87ps6o x1lku1pv x1a2a7pz x1heor9g xnl1qt8 x6ikm8r x10wlt62 x1vjfegm x1lliihq\" tabindex=\"0\" role=\"button\"><\/div>\n<\/div>\n<\/div>\n<div class=\"x9f619 x1ja2u2z x78zum5 x2lah0s x1n2onr6 x1qughib x1qjc9v5 xozqiw3 x1q0g3np x1ws5yxj xw01apr x4cne27 xifccgj x123j3cw xs9asl8\"><\/div>\n<\/div>\n<\/div>\n<\/div>\n<\/div>\n<\/div>\n<\/div>\n<\/div>\n","protected":false},"excerpt":{"rendered":"<p>Postimi i Kryetarit te PD, Sali Berisha Takim me Z.Lars H\u00e4nsel, drejtor i Departamentit p\u00ebr Europ\u00ebn dhe Amerik\u00ebn e Veriut pran\u00eb Fondacionit t\u00eb CDU-s\u00eb gjermane, Konrad Adenauar Stiftung. Farsa e 11 majit do t\u00eb denoncohet n\u00eb \u00e7do kryeqytet europian. Mir\u00ebnjohje mb\u00ebshtetjes s\u00eb jasht\u00ebzakonshme nga CDU-ja gjermane. Sot pata k\u00ebnaqesi t\u00eb prisja n\u00eb nj\u00eb takim Z.Lars &hellip;<\/p>\n","protected":false},"author":3,"featured_media":120477,"comment_status":"closed","ping_status":"closed","sticky":false,"template":"","format":"standard","meta":{"footnotes":""},"categories":[37],"tags":[],"class_list":["post-120476","post","type-post","status-publish","format-standard","has-post-thumbnail","","category-politike"],"_links":{"self":[{"href":"https:\/\/rdnews.al\/index.php\/wp-json\/wp\/v2\/posts\/120476","targetHints":{"allow":["GET"]}}],"collection":[{"href":"https:\/\/rdnews.al\/index.php\/wp-json\/wp\/v2\/posts"}],"about":[{"href":"https:\/\/rdnews.al\/index.php\/wp-json\/wp\/v2\/types\/post"}],"author":[{"embeddable":true,"href":"https:\/\/rdnews.al\/index.php\/wp-json\/wp\/v2\/users\/3"}],"replies":[{"embeddable":true,"href":"https:\/\/rdnews.al\/index.php\/wp-json\/wp\/v2\/comments?post=120476"}],"version-history":[{"count":1,"href":"https:\/\/rdnews.al\/index.php\/wp-json\/wp\/v2\/posts\/120476\/revisions"}],"predecessor-version":[{"id":120478,"href":"https:\/\/rdnews.al\/index.php\/wp-json\/wp\/v2\/posts\/120476\/revisions\/120478"}],"wp:featuredmedia":[{"embeddable":true,"href":"https:\/\/rdnews.al\/index.php\/wp-json\/wp\/v2\/media\/120477"}],"wp:attachment":[{"href":"https:\/\/rdnews.al\/index.php\/wp-json\/wp\/v2\/media?parent=120476"}],"wp:term":[{"taxonomy":"category","embeddable":true,"href":"https:\/\/rdnews.al\/index.php\/wp-json\/wp\/v2\/categories?post=120476"},{"taxonomy":"post_tag","embeddable":true,"href":"https:\/\/rdnews.al\/index.php\/wp-json\/wp\/v2\/tags?post=120476"}],"curies":[{"name":"wp","href":"https:\/\/api.w.org\/{rel}","templated":true}]}}