{"id":120481,"date":"2025-08-06T18:59:17","date_gmt":"2025-08-06T18:59:17","guid":{"rendered":"https:\/\/rdnews.al\/?p=120481"},"modified":"2025-08-06T19:23:27","modified_gmt":"2025-08-06T19:23:27","slug":"deputeti-qe-plagosi-dy-qytetare-ne-atentat-merr-mandatin-rama-nuk-ndahet-nga-kriminelet","status":"publish","type":"post","link":"https:\/\/rdnews.al\/index.php\/2025\/08\/06\/deputeti-qe-plagosi-dy-qytetare-ne-atentat-merr-mandatin-rama-nuk-ndahet-nga-kriminelet\/","title":{"rendered":"Vras\u00ebsi q\u00eb plagosi dy qytetar\u00eb n\u00eb atentat merr mandatin, Rama nuk ndahet nga kriminel\u00ebt"},"content":{"rendered":"<p>Agron Malaj, ish-kryebashkiaku i Matit dhe kandidati i zgjedhur n\u00eb Parlamentin e ardhsh\u00ebm, ka dy dosje t\u00eb r\u00ebnda penale, p\u00ebr t\u00eb cilat po hetohen intensivisht nga SPAK-u. Ish-gardisti i 21 janarit, Agron Malaj,\u00a0gjithashtu rezulton se \u00ebsht\u00eb d\u00ebnuar n\u00eb dy raste, nj\u00eb prej t\u00eb cilave n\u00eb vitin 1999 nga Gjykata e Matit.<\/p>\n<p>N\u00eb vitin 1999, Agron Malaj, at\u00eb koh\u00eb 19 vje\u00e7, s\u00eb bashku me E. D., jan\u00eb arrestuar p\u00ebr plagosje me dashje dhe arm\u00ebmbajtje pa leje.\u00a0T\u00eb plagosur kan\u00eb mbetur B. B. dhe A. GJ. Ngjarja ka ndodhur n\u00eb nj\u00eb lokal, ku pas nj\u00eb grindjeje, Agron Malaj ka q\u00eblluar n\u00eb drejtim t\u00eb shtetasit B. B. dhe A. Gj.<\/p>\n<p>CNA ka publikuar vendimin e Gjykat\u00ebs s\u00eb Matit, n\u00eb vitin 1999, ku p\u00ebr Agron Malajn dhe E. D., prokuroria ka k\u00ebrkuar deklarimin fajtor p\u00ebr vepr\u00ebn penale t\u00eb arm\u00ebmbajtjes pa leje, respektivisht me 10 dhe 4 muaj burg. Nd\u00ebrsa sa i p\u00ebrket akuz\u00ebs p\u00ebr plagosje me dashje, prokuroria k\u00ebrkoi q\u00eb Malaj dhe E. D. t\u00eb shpallen t\u00eb pafajsh\u00ebm.<\/p>\n","protected":false},"excerpt":{"rendered":"<p>Agron Malaj, ish-kryebashkiaku i Matit dhe kandidati i zgjedhur n\u00eb Parlamentin e ardhsh\u00ebm, ka dy dosje t\u00eb r\u00ebnda penale, p\u00ebr t\u00eb cilat po hetohen intensivisht nga SPAK-u. Ish-gardisti i 21 janarit, Agron Malaj,\u00a0gjithashtu rezulton se \u00ebsht\u00eb d\u00ebnuar n\u00eb dy raste, nj\u00eb prej t\u00eb cilave n\u00eb vitin 1999 nga Gjykata e Matit. N\u00eb vitin 1999, Agron &hellip;<\/p>\n","protected":false},"author":3,"featured_media":120482,"comment_status":"closed","ping_status":"closed","sticky":false,"template":"","format":"standard","meta":{"footnotes":""},"categories":[37],"tags":[],"class_list":["post-120481","post","type-post","status-publish","format-standard","has-post-thumbnail","","category-politike"],"_links":{"self":[{"href":"https:\/\/rdnews.al\/index.php\/wp-json\/wp\/v2\/posts\/120481","targetHints":{"allow":["GET"]}}],"collection":[{"href":"https:\/\/rdnews.al\/index.php\/wp-json\/wp\/v2\/posts"}],"about":[{"href":"https:\/\/rdnews.al\/index.php\/wp-json\/wp\/v2\/types\/post"}],"author":[{"embeddable":true,"href":"https:\/\/rdnews.al\/index.php\/wp-json\/wp\/v2\/users\/3"}],"replies":[{"embeddable":true,"href":"https:\/\/rdnews.al\/index.php\/wp-json\/wp\/v2\/comments?post=120481"}],"version-history":[{"count":2,"href":"https:\/\/rdnews.al\/index.php\/wp-json\/wp\/v2\/posts\/120481\/revisions"}],"predecessor-version":[{"id":120484,"href":"https:\/\/rdnews.al\/index.php\/wp-json\/wp\/v2\/posts\/120481\/revisions\/120484"}],"wp:featuredmedia":[{"embeddable":true,"href":"https:\/\/rdnews.al\/index.php\/wp-json\/wp\/v2\/media\/120482"}],"wp:attachment":[{"href":"https:\/\/rdnews.al\/index.php\/wp-json\/wp\/v2\/media?parent=120481"}],"wp:term":[{"taxonomy":"category","embeddable":true,"href":"https:\/\/rdnews.al\/index.php\/wp-json\/wp\/v2\/categories?post=120481"},{"taxonomy":"post_tag","embeddable":true,"href":"https:\/\/rdnews.al\/index.php\/wp-json\/wp\/v2\/tags?post=120481"}],"curies":[{"name":"wp","href":"https:\/\/api.w.org\/{rel}","templated":true}]}}