{"id":12058,"date":"2022-05-12T09:08:37","date_gmt":"2022-05-12T09:08:37","guid":{"rendered":"https:\/\/rdnews.al\/?p=12058"},"modified":"2022-05-12T09:08:37","modified_gmt":"2022-05-12T09:08:37","slug":"shehu-deputeteve-te-ps-sapo-kryet-nje-veper-te-shemtuar-ne-kurriz-te-demokracise","status":"publish","type":"post","link":"https:\/\/rdnews.al\/index.php\/2022\/05\/12\/shehu-deputeteve-te-ps-sapo-kryet-nje-veper-te-shemtuar-ne-kurriz-te-demokracise\/","title":{"rendered":"Shehu deputet\u00ebve t\u00eb PS: Sapo kryet nj\u00eb vep\u00ebr t\u00eb sh\u00ebmtuar n\u00eb kurriz t\u00eb demokracis\u00eb!"},"content":{"rendered":"<p>\u201cE hidhur, e sh\u00ebmtuar, turp, regres\u2019: ishin disa nga fjal\u00ebt me t\u00eb cilat u shpreh sot n\u00eb Kuvend, deputeti demokrat Tritan Shehu, ish-minist\u00ebr\u00a0i\u00a0Jasht\u00ebm, p\u00ebr t\u00eb akuzuar deputet\u00ebt e PS q\u00eb rr\u00ebzuan me vota rezolut\u00ebn p\u00ebr d\u00ebnimin e genocidit serb n\u00eb Bosnj\u00eb.<\/p>\n<p>Shehu tha se, ata sapo kryen nj\u00eb vep\u00ebr t\u00eb sh\u00ebmtuar n\u00eb kurriz t\u00eb demokracis\u00eb, por edhe t\u00eb stabilitetit t\u00eb rajonit dhe paralajm\u00ebroi se po k\u00ebta deputet\u00eb nes\u00ebr nuk do ta pranojn\u00eb as edhe nj\u00eb rezolut\u00eb q\u00eb do t\u00eb d\u00ebnonte gjenocidin n\u00eb Kosov\u00eb, pasi \u201cishin lidhjet, ishin detyrimet\u201d e k\u00ebsaj qeverie ndaj Aleksand\u00ebr Vu\u00e7i\u00e7it, si\u00e7 theksoi ai.<\/p>\n<p>\u201cE hidhur dhe e sh\u00ebmtuar e parlamentit shqiptar sot kjo q\u00eb po ndodh k\u00ebtu. \u00cbsht\u00eb parlamenti i vet\u00ebm q\u00eb nuk ka nj\u00eb dokument t\u00eb vendosur, formal p\u00ebr t\u00eb d\u00ebnuar genocidin. \u00cbsht\u00eb nj\u00eb dit\u00eb q\u00eb neve na vendos nj\u00eb damk\u00eb t\u00eb r\u00ebnd\u00eb p\u00ebrball\u00eb bot\u00ebs demokratike.<\/p>\n<p>P\u00ebrpara pak dit\u00ebsh, k\u00ebta zot\u00ebrinj k\u00ebtu rr\u00ebzuan rezolut\u00ebn p\u00ebr t\u00eb d\u00ebnuar genocidin rus n\u00eb Ukrain\u00eb, nuk e pranuan at\u00eb, sot nuk pranojn\u00eb rezolut\u00ebn p\u00ebr t\u00eb d\u00ebnuar genocidin serb n\u00eb Bosnj\u00eb. Nes\u00ebr nuk do t\u00eb pranojn\u00eb rezolut\u00ebn p\u00ebr t\u00eb d\u00ebnuar genocidin serb n\u00eb Kosov\u00eb. T\u00eb jeni t\u00eb bindur! Pse?!<\/p>\n<p>Jan\u00eb lidhjet, jan\u00eb detyrimet, \u00ebsht\u00eb Vu\u00e7i\u00e7i matan\u00eb, jan\u00eb lidhjet diku tjet\u00ebr, jan\u00eb q\u00ebllimet, prandaj sot un\u00eb mendoj se ne e damkos\u00ebm parlamentin shqiptar, sot ne krijuam nj\u00eb situat\u00eb t\u00eb paprecedent\u00eb n\u00eb parlamentin shqiptar.<\/p>\n<p>PE para pak koh\u00ebsh ka votuar pothuajse k\u00ebt\u00eb rezolut\u00eb. PE koh\u00eb p\u00ebrpara ka caktuar dat\u00ebn 11 korrik p\u00ebr t\u00eb nderuar viktimat. Ne jemi nj\u00eb parlament q\u00eb nuk kemi asnj\u00eb dokument t\u00eb till\u00eb, nuk ka kaluar asnj\u00eb rezolut\u00eb n\u00eb parlamentin shqiptar, asnj\u00eb dokument formal n\u00eb parlamentin shqiptar dhe po e l\u00ebm\u00eb p\u00ebrs\u00ebri parlamentin shqiptar pa nj\u00eb dokument t\u00eb till\u00eb. Pse?! T\u2019ia b\u00ebjn\u00eb vet\u00ebs k\u00ebt\u00eb pyetje, \u00e7far\u00eb shpreh nga mbrapa kjo gj\u00eb?<\/p>\n<p>Kjo \u00ebsht\u00eb nj\u00eb vep\u00ebr e sh\u00ebmtuar q\u00eb ne b\u00ebjm\u00eb n\u00eb kurriz t\u00eb demokracis\u00eb dhe t\u00eb stabiliteti t\u00eb sot\u00ebm t\u00eb rajonit. Ne sot treguam nj\u00eb shfaqje regresi, nj\u00eb shfaqje turpi\u201d, tha Shehu.<\/p>\n<p><img loading=\"lazy\" decoding=\"async\" class=\"alignnone size-medium wp-image-12060\" src=\"https:\/\/rdnews.al\/wp-content\/uploads\/2022\/05\/brace-300x118.jpg\" alt=\"\" width=\"300\" height=\"118\" srcset=\"https:\/\/rdnews.al\/wp-content\/uploads\/2022\/05\/brace-300x118.jpg 300w, https:\/\/rdnews.al\/wp-content\/uploads\/2022\/05\/brace-768x302.jpg 768w, https:\/\/rdnews.al\/wp-content\/uploads\/2022\/05\/brace.jpg 1024w\" sizes=\"auto, (max-width: 300px) 100vw, 300px\" \/><\/p>\n","protected":false},"excerpt":{"rendered":"<p>\u201cE hidhur, e sh\u00ebmtuar, turp, regres\u2019: ishin disa nga fjal\u00ebt me t\u00eb cilat u shpreh sot n\u00eb Kuvend, deputeti demokrat Tritan Shehu, ish-minist\u00ebr\u00a0i\u00a0Jasht\u00ebm, p\u00ebr t\u00eb akuzuar deputet\u00ebt e PS q\u00eb rr\u00ebzuan me vota rezolut\u00ebn p\u00ebr d\u00ebnimin e genocidit serb n\u00eb Bosnj\u00eb. Shehu tha se, ata sapo kryen nj\u00eb vep\u00ebr t\u00eb sh\u00ebmtuar n\u00eb kurriz t\u00eb demokracis\u00eb, &hellip;<\/p>\n","protected":false},"author":4,"featured_media":12059,"comment_status":"open","ping_status":"open","sticky":false,"template":"","format":"standard","meta":{"footnotes":""},"categories":[37],"tags":[],"class_list":["post-12058","post","type-post","status-publish","format-standard","has-post-thumbnail","","category-politike"],"_links":{"self":[{"href":"https:\/\/rdnews.al\/index.php\/wp-json\/wp\/v2\/posts\/12058","targetHints":{"allow":["GET"]}}],"collection":[{"href":"https:\/\/rdnews.al\/index.php\/wp-json\/wp\/v2\/posts"}],"about":[{"href":"https:\/\/rdnews.al\/index.php\/wp-json\/wp\/v2\/types\/post"}],"author":[{"embeddable":true,"href":"https:\/\/rdnews.al\/index.php\/wp-json\/wp\/v2\/users\/4"}],"replies":[{"embeddable":true,"href":"https:\/\/rdnews.al\/index.php\/wp-json\/wp\/v2\/comments?post=12058"}],"version-history":[{"count":0,"href":"https:\/\/rdnews.al\/index.php\/wp-json\/wp\/v2\/posts\/12058\/revisions"}],"wp:featuredmedia":[{"embeddable":true,"href":"https:\/\/rdnews.al\/index.php\/wp-json\/wp\/v2\/media\/12059"}],"wp:attachment":[{"href":"https:\/\/rdnews.al\/index.php\/wp-json\/wp\/v2\/media?parent=12058"}],"wp:term":[{"taxonomy":"category","embeddable":true,"href":"https:\/\/rdnews.al\/index.php\/wp-json\/wp\/v2\/categories?post=12058"},{"taxonomy":"post_tag","embeddable":true,"href":"https:\/\/rdnews.al\/index.php\/wp-json\/wp\/v2\/tags?post=12058"}],"curies":[{"name":"wp","href":"https:\/\/api.w.org\/{rel}","templated":true}]}}