{"id":120586,"date":"2025-08-10T16:36:43","date_gmt":"2025-08-10T16:36:43","guid":{"rendered":"https:\/\/rdnews.al\/?p=120586"},"modified":"2025-08-10T17:02:57","modified_gmt":"2025-08-10T17:02:57","slug":"presione-me-banda-prokurorit-akuza-qe-mund-te-burgose-ballukun-terboi-ramen-mbylli-news24","status":"publish","type":"post","link":"https:\/\/rdnews.al\/index.php\/2025\/08\/10\/presione-me-banda-prokurorit-akuza-qe-mund-te-burgose-ballukun-terboi-ramen-mbylli-news24\/","title":{"rendered":"Presione me banda prokurorit\/ Akuza q\u00eb mund t\u00eb burgos\u00eb Ballukun t\u00ebrboi Ram\u00ebn, mbylli News24"},"content":{"rendered":"<div class=\"xdj266r x14z9mp xat24cr x1lziwak x1vvkbs x126k92a\">\n<div dir=\"auto\"><strong>Gazmet BARDHI<\/strong><\/div>\n<div dir=\"auto\"><\/div>\n<div dir=\"auto\">N\u00eb dat\u00ebn 8 Gusht 2025, ora 18:40, Gazeta Shqiptare, pjes\u00eb e \u201cFocus Group Media\u201d, publikoi shkrimin p\u00ebr komunikimin e pritsh\u00ebm t\u00eb akuz\u00ebs nga SPAK p\u00ebr Z\u00ebvend\u00ebsKryeministren Belinda Balluku (foto 1).<\/div>\n<\/div>\n<div class=\"x14z9mp xat24cr x1lziwak x1vvkbs xtlvy1s x126k92a\">\n<div dir=\"auto\">N\u00eb dat\u00ebn 9 Gusht 2025, ora 07:00, shoq\u00ebria shtet\u00ebrore &#8220;KAYO&#8221; sh.a., ku rezulton se kryetar i K\u00ebshillit Mbik\u00ebqyr\u00ebs \u00ebsht\u00eb Ermal Nufi (foto 2) urdh\u00ebron zabtimin e t\u00eb gjitha pronave ku ushtrojn\u00eb veprimtarin\u00eb mediatike News 24, Balkanweb, Gazeta Shqiptare dhe Panorama, pavar\u00ebsisht se pjesa d\u00ebrrmuese e tyre as nuk i kan\u00eb kaluar n\u00eb administrim shoq\u00ebris\u00eb shtet\u00ebrore &#8220;KAYO&#8221; sh.a. (pronat jan\u00eb me qira t\u00eb vlefshme deri n\u00eb vitin 2033, me nje vler\u00eb vjetore qiraje 180 mij\u00eb euro, si\u00e7 konfirmonte edhe vet\u00eb MEKI n\u00eb nj\u00eb deklarat\u00eb zyrtare).<\/div>\n<\/div>\n<div class=\"x14z9mp xat24cr x1lziwak x1vvkbs xtlvy1s x126k92a\">\n<div dir=\"auto\">Ermal Nufi \u00ebsht\u00eb nj\u00ebkoh\u00ebsisht drejtori i kabinetit t\u00eb Belinda Ballukut (foto 3) dhe do t\u00eb kujtohet vet\u00ebm p\u00ebr faktin se si kryetar i Bordit t\u00eb ARRSH, i dha kompanis\u00eb s\u00eb v\u00ebllait t\u00eb tij tender rreth 900 mij\u00eb euro, e denoncuar kjo edhe nga emisioni &#8220;Vetting&#8221; n\u00eb News24 (foto 4).<\/div>\n<\/div>\n<div class=\"x14z9mp xat24cr x1lziwak x1vvkbs xtlvy1s x126k92a\">\n<div dir=\"auto\">Tani kjo shoqeria &#8220;KAYO&#8221; sh.a., ku Ermal Nufi, \u00ebsht\u00eb kryetar i K\u00ebshillit Mbik\u00ebqyr\u00ebs, urdh\u00ebron nj\u00eb kriminel t\u00eb njohur si Ardi Veliu, q\u00eb t\u00eb zaptoj\u00eb t\u00eb gjitha ambientet e pun\u00ebs s\u00eb News24, Balkanweb, Gazet\u00ebs Panorama dhe Gazet\u00ebs Shqiptare, duke mos i lejuar gazetar\u00ebt dhe stafin mediatik q\u00eb t\u00eb punojn\u00eb as n\u00eb ambientet q\u00eb shoq\u00ebria mediatike i ka me qira t\u00eb vlefshme nga shteti deri n\u00eb vitin 2033.<\/div>\n<\/div>\n<div class=\"x14z9mp xat24cr x1lziwak x1vvkbs xtlvy1s x126k92a\">\n<div dir=\"auto\">Pse? Sepse q\u00ebllimi nuk \u00ebsht\u00eb t\u00eb marrin n\u00eb administrim nj\u00eb pron\u00eb shtet\u00ebrore, por t\u00eb heshtin \u00e7do z\u00eb mediatik kritik ndaj tyre, me shpres\u00ebn se presioni me banda ndaj nj\u00eb prokurori t\u00eb SPAK do t\u00eb funksionoj\u00eb. E keni gabim! Erion Veliaj u b\u00eb shkaku p\u00ebr t\u00eb cilin u mbyll Agon Channel. Fatin e tij e dini. Ai do jet\u00eb edhe fati juaj!<\/div>\n<\/div>\n","protected":false},"excerpt":{"rendered":"<p>Gazmet BARDHI N\u00eb dat\u00ebn 8 Gusht 2025, ora 18:40, Gazeta Shqiptare, pjes\u00eb e \u201cFocus Group Media\u201d, publikoi shkrimin p\u00ebr komunikimin e pritsh\u00ebm t\u00eb akuz\u00ebs nga SPAK p\u00ebr Z\u00ebvend\u00ebsKryeministren Belinda Balluku (foto 1). N\u00eb dat\u00ebn 9 Gusht 2025, ora 07:00, shoq\u00ebria shtet\u00ebrore &#8220;KAYO&#8221; sh.a., ku rezulton se kryetar i K\u00ebshillit Mbik\u00ebqyr\u00ebs \u00ebsht\u00eb Ermal Nufi (foto 2) &hellip;<\/p>\n","protected":false},"author":3,"featured_media":118504,"comment_status":"closed","ping_status":"closed","sticky":false,"template":"","format":"standard","meta":{"footnotes":""},"categories":[40],"tags":[],"class_list":["post-120586","post","type-post","status-publish","format-standard","has-post-thumbnail","","category-aktualitet"],"_links":{"self":[{"href":"https:\/\/rdnews.al\/index.php\/wp-json\/wp\/v2\/posts\/120586","targetHints":{"allow":["GET"]}}],"collection":[{"href":"https:\/\/rdnews.al\/index.php\/wp-json\/wp\/v2\/posts"}],"about":[{"href":"https:\/\/rdnews.al\/index.php\/wp-json\/wp\/v2\/types\/post"}],"author":[{"embeddable":true,"href":"https:\/\/rdnews.al\/index.php\/wp-json\/wp\/v2\/users\/3"}],"replies":[{"embeddable":true,"href":"https:\/\/rdnews.al\/index.php\/wp-json\/wp\/v2\/comments?post=120586"}],"version-history":[{"count":2,"href":"https:\/\/rdnews.al\/index.php\/wp-json\/wp\/v2\/posts\/120586\/revisions"}],"predecessor-version":[{"id":120588,"href":"https:\/\/rdnews.al\/index.php\/wp-json\/wp\/v2\/posts\/120586\/revisions\/120588"}],"wp:featuredmedia":[{"embeddable":true,"href":"https:\/\/rdnews.al\/index.php\/wp-json\/wp\/v2\/media\/118504"}],"wp:attachment":[{"href":"https:\/\/rdnews.al\/index.php\/wp-json\/wp\/v2\/media?parent=120586"}],"wp:term":[{"taxonomy":"category","embeddable":true,"href":"https:\/\/rdnews.al\/index.php\/wp-json\/wp\/v2\/categories?post=120586"},{"taxonomy":"post_tag","embeddable":true,"href":"https:\/\/rdnews.al\/index.php\/wp-json\/wp\/v2\/tags?post=120586"}],"curies":[{"name":"wp","href":"https:\/\/api.w.org\/{rel}","templated":true}]}}