{"id":120645,"date":"2025-08-11T11:47:45","date_gmt":"2025-08-11T11:47:45","guid":{"rendered":"https:\/\/rdnews.al\/?p=120645"},"modified":"2025-08-11T11:47:45","modified_gmt":"2025-08-11T11:47:45","slug":"berisha-denoncoj-turizmin-e-tritolit-nga-nje-njeri-qe-shfryn-dufet-e-tij-me-shperthime","status":"publish","type":"post","link":"https:\/\/rdnews.al\/index.php\/2025\/08\/11\/berisha-denoncoj-turizmin-e-tritolit-nga-nje-njeri-qe-shfryn-dufet-e-tij-me-shperthime\/","title":{"rendered":"Berisha: Denoncoj turizmin e tritolit nga nj\u00eb njeri q\u00eb shfryn dufet e tij me shp\u00ebrthime!"},"content":{"rendered":"<p>Lideri i opozit\u00ebs, Sali Berisha, n\u00eb nj\u00eb deklarat\u00eb p\u00ebr mediat ka denoncuar\u00a0at\u00eb q\u00eb e quajti \u201cturizmi i tritolit\u201d, duke iu referuar shp\u00ebrthimeve t\u00eb ndodhura n\u00eb Orikum me 32 kilogram\u00eb tritol n\u00eb kulmin e sezonit turistik.<\/p>\n<p>Sipas tij, kjo ngjarje nuk \u00ebsht\u00eb gj\u00eb tjet\u00ebr ve\u00e7se nj\u00eb akt i r\u00ebnd\u00eb terrori psikologjik ndaj banor\u00ebve dhe turist\u00ebve, i orkestruar nga kryeministri Edi Rama, t\u00eb cilin Berisha e akuzon p\u00ebr veprime t\u00eb motivuara nga urrejtja dhe dufet personale.<\/p>\n<p>\u201cMariglen, un\u00eb sapo e m\u00ebsova b\u00ebra nj\u00eb denoncim. Por, nuk arrita t\u00eb marr nj\u00eb informacion, se sot n\u00eb m\u00ebngjes u njoha mne k\u00ebt\u00eb lajm, me nj\u00ebher\u00eb e denoncova turizmin e tritolit t\u00eb nj\u00eb njeriu t\u00eb shfazuar q\u00eb, u ofron banor\u00ebve t\u00eb Orikumit, dhe keni parasysh nj\u00eb qytez\u00eb \u00ebsht\u00eb Orikumi, dhe pushuesve q\u00eb mund t\u00eb jen\u00eb aty, iu ofron terrorin e 32 kilogram\u00ebve tritol, pluhurin, zhurm\u00ebn n\u00eb kulmin e turizmit.<\/p>\n<p>K\u00ebt\u00eb, mund ta b\u00ebj\u00eb vet\u00ebm nj\u00eb njeri q\u00eb quhet Ramaduro. Nj\u00eb njeri q\u00eb, nuk ka asnj\u00eb parim, asnj\u00eb norm\u00eb p\u00ebrve\u00e7 dufeve, shp\u00ebrthimeve t\u00eb tij shpirt\u00ebrore. Se si mund t\u00eb ti nj\u00eb qytet, e kam hedhur edhe aty. Se si mund t\u00eb zgjosh nj\u00eb qytez\u00eb t\u00eb t\u00ebr\u00eb dhe fillojn\u00eb dit\u00ebn, fillojn\u00eb pushimet, me nj\u00eb shp\u00ebrthim t\u00eb atill\u00eb, duke iu prer\u00eb dhe dritat, duke krijuar nj\u00eb situat\u00eb lufte, k\u00ebt\u00eb mund ta b\u00ebj\u00eb vet\u00ebm Ramaduro, askush tjet\u00ebr.<\/p>\n<p>Nuk di se e kujt \u00ebsht\u00eb, do pyes, do t\u00eb informohem, padiskutim, nuk kam arritur por, u kujdo q\u00eb t\u00eb ishte dhe \u00e7far\u00ebdo q\u00eb t\u00eb ishte, ajo nuk mund t\u00eb b\u00ebhej kurr\u00eb jn\u00eb dit\u00eb n\u00eb at\u00eb qytet. Ajo mund t\u00eb b\u00ebhej n\u00eb vjesht\u00eb n\u00eb qoft\u00eb se kishte \u00e7do komision t\u00eb shkelur, e me radh\u00eb. Por ky, \u00ebsht\u00eb nj\u00eb njeri q\u00eb udh\u00ebhiqet nga urrejtja.<\/p>\n<p>Ne e denoncuam se, kishim t\u00eb dh\u00ebna t\u00eb sigurta se, ato q\u00eb b\u00ebri n\u00eb Theth ishin politikisht t\u00eb motivuara, p\u00ebr arsye se, pik\u00ebrisht, ajo zon\u00eb kishte votuar me shumic\u00eb p\u00ebr PD, megjith\u00ebse ky, kishte shkuar dhe i kishte, si t\u00eb thuash, mikluar, q\u00eb t\u00eb vijn\u00eb t\u00eb investojn\u00eb bijt\u00eb e tyre, t\u00eb jetojn\u00eb k\u00ebtu me radh\u00eb e me radh\u00eb. Nuk mori votat, ka b\u00ebr\u00eb n\u00eb Theth at\u00eb q\u00eb nuk e ka b\u00ebr\u00eb kush kurr\u00eb.<\/p>\n<p>Dometh\u00ebn\u00eb, n\u00eb historin\u00eb e Thethit, nj\u00eb rr\u00ebnim t\u00eb atill\u00eb, Thethit nuk ia ka b\u00ebr\u00eb asnj\u00eb hordhi, asnj\u00eb pushtues. Kan\u00eb tentuar serb\u00ebt, por jan\u00eb kthyer n\u00eb kufoma. Thethi rrafshohet p\u00ebr her\u00eb t\u00eb par\u00eb nga nj\u00eb armik i betuar i Thethit, i Shkodr\u00ebs, i veriut, i Kosov\u00ebs, q\u00eb e ka emrin Edi Rama. Kjo \u00ebsht\u00eb e v\u00ebrteta.<\/p>\n<p>Po un\u00eb, kudo q\u00eb t\u00eb ndodhte ajo, e d\u00ebnoj nj\u00eblloj. Edhe n\u00eb Orikum, e d\u00ebnoj nj\u00eblloj.<\/p>\n<p>Cilido q\u00eb t\u00eb jet\u00eb ajo. Un\u00eb, kam respekt p\u00ebr banor\u00ebt, respekt p\u00ebr turist\u00ebt. Duhet t\u00eb jet\u00eb i \u00e7mendur nga urrejtja. K\u00ebnaq\u00ebsit\u00eb e tij duket se vijn\u00eb vet\u00ebm nga shkat\u00ebrrimet. Njeri i degraduar totalisht nga krimi\u201d, tha Berisha.<\/p>\n","protected":false},"excerpt":{"rendered":"<p>Lideri i opozit\u00ebs, Sali Berisha, n\u00eb nj\u00eb deklarat\u00eb p\u00ebr mediat ka denoncuar\u00a0at\u00eb q\u00eb e quajti \u201cturizmi i tritolit\u201d, duke iu referuar shp\u00ebrthimeve t\u00eb ndodhura n\u00eb Orikum me 32 kilogram\u00eb tritol n\u00eb kulmin e sezonit turistik. Sipas tij, kjo ngjarje nuk \u00ebsht\u00eb gj\u00eb tjet\u00ebr ve\u00e7se nj\u00eb akt i r\u00ebnd\u00eb terrori psikologjik ndaj banor\u00ebve dhe turist\u00ebve, i &hellip;<\/p>\n","protected":false},"author":4,"featured_media":120646,"comment_status":"closed","ping_status":"closed","sticky":false,"template":"","format":"standard","meta":{"footnotes":""},"categories":[37],"tags":[],"class_list":["post-120645","post","type-post","status-publish","format-standard","has-post-thumbnail","","category-politike"],"_links":{"self":[{"href":"https:\/\/rdnews.al\/index.php\/wp-json\/wp\/v2\/posts\/120645","targetHints":{"allow":["GET"]}}],"collection":[{"href":"https:\/\/rdnews.al\/index.php\/wp-json\/wp\/v2\/posts"}],"about":[{"href":"https:\/\/rdnews.al\/index.php\/wp-json\/wp\/v2\/types\/post"}],"author":[{"embeddable":true,"href":"https:\/\/rdnews.al\/index.php\/wp-json\/wp\/v2\/users\/4"}],"replies":[{"embeddable":true,"href":"https:\/\/rdnews.al\/index.php\/wp-json\/wp\/v2\/comments?post=120645"}],"version-history":[{"count":1,"href":"https:\/\/rdnews.al\/index.php\/wp-json\/wp\/v2\/posts\/120645\/revisions"}],"predecessor-version":[{"id":120647,"href":"https:\/\/rdnews.al\/index.php\/wp-json\/wp\/v2\/posts\/120645\/revisions\/120647"}],"wp:featuredmedia":[{"embeddable":true,"href":"https:\/\/rdnews.al\/index.php\/wp-json\/wp\/v2\/media\/120646"}],"wp:attachment":[{"href":"https:\/\/rdnews.al\/index.php\/wp-json\/wp\/v2\/media?parent=120645"}],"wp:term":[{"taxonomy":"category","embeddable":true,"href":"https:\/\/rdnews.al\/index.php\/wp-json\/wp\/v2\/categories?post=120645"},{"taxonomy":"post_tag","embeddable":true,"href":"https:\/\/rdnews.al\/index.php\/wp-json\/wp\/v2\/tags?post=120645"}],"curies":[{"name":"wp","href":"https:\/\/api.w.org\/{rel}","templated":true}]}}