{"id":120653,"date":"2025-08-11T16:42:16","date_gmt":"2025-08-11T16:42:16","guid":{"rendered":"https:\/\/rdnews.al\/?p=120653"},"modified":"2025-08-11T16:42:16","modified_gmt":"2025-08-11T16:42:16","slug":"ky-eshte-monstra-qe-vrau-kuajt","status":"publish","type":"post","link":"https:\/\/rdnews.al\/index.php\/2025\/08\/11\/ky-eshte-monstra-qe-vrau-kuajt\/","title":{"rendered":"Ky \u00ebsht\u00eb monstra q\u00eb vrau kuajt"},"content":{"rendered":"<p>Nj\u00eb ngjarje e r\u00ebnd\u00eb ka tronditur Llogaran\u00eb dhe opinionin publik. Prej disa dit\u00ebsh, n\u00eb Malin e Llogaras\u00eb, nj\u00eb tuf\u00eb prej rreth 22 kuajsh t\u00eb eg\u00ebr q\u00eb sh\u00ebtisnin t\u00eb lir\u00eb n\u00ebp\u00ebr pyje u q\u00eblluan me arm\u00eb gjahu nga nj\u00eb banor i zon\u00ebs. Pas sulmit, disa prej tyre u gjet\u00ebn t\u00eb plagosur me sa\u00e7me, nd\u00ebrsa kat\u00ebr kuaj ngordh\u00ebn. Pjesa tjet\u00ebr e tuf\u00ebs \u00ebsht\u00eb shp\u00ebrndar\u00eb dhe strehuar n\u00eb zonat e thella t\u00eb Karaburunit.<\/p>\n<p>Autori i dyshuar i k\u00ebsaj masakre \u00ebsht\u00eb identifikuar nga policia si Selfo Merkohitoj, banor i Dukatit, fshat n\u00eb rr\u00ebz\u00eb t\u00eb Llogaras\u00eb. Sipas burimeve lokale, Merkohitoj nuk \u00ebsht\u00eb i panjohur p\u00ebr autoritetet, pasi dyshohet p\u00ebr zjarrv\u00ebnie dhe prerje t\u00eb paligjshme t\u00eb pyjeve. N\u00eb momentin e ngjarjes, raportohet se ai ishte i shoq\u00ebruar edhe nga djali i tij, K. Merkohitoj.<\/p>\n<p>Banor\u00ebt e zon\u00ebs thon\u00eb se familja Merkohitoj \u00ebsht\u00eb e njohur p\u00ebr d\u00ebmtimin e pyjeve t\u00eb Llogaras\u00eb dhe bashk\u00ebpunimin me biznese t\u00eb ndryshme n\u00eb zon\u00eb. Aktualisht, prokuroria ka nisur hetimet p\u00ebr krimin ndaj kafsh\u00ebve dhe d\u00ebmtimin e ekosistemit, nd\u00ebrsa organizatat mjedisore k\u00ebrkojn\u00eb q\u00eb autor\u00ebt t\u00eb mbajn\u00eb p\u00ebrgjegj\u00ebsi maksimale ligjore.<\/p>\n<p>Masakra ndaj kuajve t\u00eb eg\u00ebr t\u00eb Llogaras\u00eb ka ndezur debat t\u00eb fort\u00eb publik, duke rikthyer v\u00ebmendjen te mbrojtja e natyr\u00ebs dhe nd\u00ebshkimi i ashp\u00ebr p\u00ebr ata q\u00eb shkat\u00ebrrojn\u00eb pasurit\u00eb e rralla t\u00eb vendit.<\/p>\n","protected":false},"excerpt":{"rendered":"<p>Nj\u00eb ngjarje e r\u00ebnd\u00eb ka tronditur Llogaran\u00eb dhe opinionin publik. Prej disa dit\u00ebsh, n\u00eb Malin e Llogaras\u00eb, nj\u00eb tuf\u00eb prej rreth 22 kuajsh t\u00eb eg\u00ebr q\u00eb sh\u00ebtisnin t\u00eb lir\u00eb n\u00ebp\u00ebr pyje u q\u00eblluan me arm\u00eb gjahu nga nj\u00eb banor i zon\u00ebs. Pas sulmit, disa prej tyre u gjet\u00ebn t\u00eb plagosur me sa\u00e7me, nd\u00ebrsa kat\u00ebr kuaj &hellip;<\/p>\n","protected":false},"author":3,"featured_media":120654,"comment_status":"closed","ping_status":"closed","sticky":false,"template":"","format":"standard","meta":{"footnotes":""},"categories":[37],"tags":[],"class_list":["post-120653","post","type-post","status-publish","format-standard","has-post-thumbnail","","category-politike"],"_links":{"self":[{"href":"https:\/\/rdnews.al\/index.php\/wp-json\/wp\/v2\/posts\/120653","targetHints":{"allow":["GET"]}}],"collection":[{"href":"https:\/\/rdnews.al\/index.php\/wp-json\/wp\/v2\/posts"}],"about":[{"href":"https:\/\/rdnews.al\/index.php\/wp-json\/wp\/v2\/types\/post"}],"author":[{"embeddable":true,"href":"https:\/\/rdnews.al\/index.php\/wp-json\/wp\/v2\/users\/3"}],"replies":[{"embeddable":true,"href":"https:\/\/rdnews.al\/index.php\/wp-json\/wp\/v2\/comments?post=120653"}],"version-history":[{"count":1,"href":"https:\/\/rdnews.al\/index.php\/wp-json\/wp\/v2\/posts\/120653\/revisions"}],"predecessor-version":[{"id":120655,"href":"https:\/\/rdnews.al\/index.php\/wp-json\/wp\/v2\/posts\/120653\/revisions\/120655"}],"wp:featuredmedia":[{"embeddable":true,"href":"https:\/\/rdnews.al\/index.php\/wp-json\/wp\/v2\/media\/120654"}],"wp:attachment":[{"href":"https:\/\/rdnews.al\/index.php\/wp-json\/wp\/v2\/media?parent=120653"}],"wp:term":[{"taxonomy":"category","embeddable":true,"href":"https:\/\/rdnews.al\/index.php\/wp-json\/wp\/v2\/categories?post=120653"},{"taxonomy":"post_tag","embeddable":true,"href":"https:\/\/rdnews.al\/index.php\/wp-json\/wp\/v2\/tags?post=120653"}],"curies":[{"name":"wp","href":"https:\/\/api.w.org\/{rel}","templated":true}]}}