{"id":120656,"date":"2025-08-11T16:46:58","date_gmt":"2025-08-11T16:46:58","guid":{"rendered":"https:\/\/rdnews.al\/?p=120656"},"modified":"2025-08-11T16:46:58","modified_gmt":"2025-08-11T16:46:58","slug":"zjarr-i-madh-ne-parkun-natyror-te-syrit-te-kalter-evakuohen-turistet-video","status":"publish","type":"post","link":"https:\/\/rdnews.al\/index.php\/2025\/08\/11\/zjarr-i-madh-ne-parkun-natyror-te-syrit-te-kalter-evakuohen-turistet-video\/","title":{"rendered":"Zjarr i madh n\u00eb Parkun Natyror t\u00eb Syrit t\u00eb Kalt\u00ebr, evakuohen turist\u00ebt (Video)"},"content":{"rendered":"<p data-start=\"322\" data-end=\"782\" data-is-last-node=\"\" data-is-only-node=\"\">Nj\u00eb zjarr i madh ka p\u00ebrfshir\u00eb zon\u00ebn pran\u00eb Parkut Natyror t\u00eb Syrit t\u00eb Kalt\u00ebr, ku flak\u00ebt kan\u00eb kaluar rrug\u00ebn Sarand\u00eb-Muzin\u00eb dhe po p\u00ebrparojn\u00eb drejt parkut, duke k\u00ebrc\u00ebnuar seriozisht k\u00ebt\u00eb atraksion natyror. Flak\u00ebt kan\u00eb arritur deri pran\u00eb parkingut t\u00eb Syrit t\u00eb Kalt\u00ebr dhe p\u00ebrmasat e tyre jan\u00eb alarmuese, raporton Sarandaweb.<\/p>\n<p>Si mas\u00eb sigurie, jan\u00eb evakuuar mbi 500 turist\u00eb nga zona, nd\u00ebrsa qarkullimi n\u00eb rrug\u00ebn Sarand\u00eb-Muzin\u00eb \u00ebsht\u00eb bllokuar.<\/p>\n<p>Shqip\u00ebria prej disa muajsh p\u00ebrballet me nj\u00eb val\u00eb zjarresh n\u00eb zona t\u00eb ndryshme t\u00eb vendit, t\u00eb nxitura nga temperaturat e larta dhe that\u00ebsira e zgjatur.<\/p>\n<p>Diten e djeshme n\u00eb Ku\u00e7ov\u00eb erdhi n\u00eb ndihm\u00eb nj\u00eb helikopter Black Hawk nga Republika \u00c7eke, i cili u angazhua n\u00eb p\u00ebrpjekjet p\u00ebr t\u00eb kontrolluar zjarret dhe p\u00ebr t\u00eb ndihmuar zjarrfik\u00ebsit n\u00eb terren.<\/p>\n<p>Shqet\u00ebsues mbetet fakti q\u00eb Shqip\u00ebria nuk ka ende avion\u00eb zjarrfik\u00ebs n\u00eb pron\u00ebsi t\u00eb saj. Kryeministri Edi Rama premtoi gjat\u00eb fushat\u00ebs zgjedhore n\u00eb mars 2025 se vendi do t\u00eb kishte dy avion\u00eb t\u00eb gatsh\u00ebm p\u00ebr sezonin veror, por ky premtim nuk \u00ebsht\u00eb p\u00ebrmbushur deri tani.<\/p>\n<p><iframe loading=\"lazy\" src=\"https:\/\/www.facebook.com\/plugins\/video.php?height=476&amp;href=https%3A%2F%2Fweb.facebook.com%2FSarandaWeb.net%2Fvideos%2F1273768100500918%2F&amp;show_text=false&amp;width=380&amp;t=0\" width=\"380\" height=\"476\" frameborder=\"0\" scrolling=\"no\" allowfullscreen=\"allowfullscreen\" data-mce-fragment=\"1\"><\/iframe><\/p>\n","protected":false},"excerpt":{"rendered":"<p>Nj\u00eb zjarr i madh ka p\u00ebrfshir\u00eb zon\u00ebn pran\u00eb Parkut Natyror t\u00eb Syrit t\u00eb Kalt\u00ebr, ku flak\u00ebt kan\u00eb kaluar rrug\u00ebn Sarand\u00eb-Muzin\u00eb dhe po p\u00ebrparojn\u00eb drejt parkut, duke k\u00ebrc\u00ebnuar seriozisht k\u00ebt\u00eb atraksion natyror. Flak\u00ebt kan\u00eb arritur deri pran\u00eb parkingut t\u00eb Syrit t\u00eb Kalt\u00ebr dhe p\u00ebrmasat e tyre jan\u00eb alarmuese, raporton Sarandaweb. Si mas\u00eb sigurie, jan\u00eb evakuuar mbi &hellip;<\/p>\n","protected":false},"author":4,"featured_media":120658,"comment_status":"closed","ping_status":"closed","sticky":false,"template":"","format":"standard","meta":{"footnotes":""},"categories":[37],"tags":[],"class_list":["post-120656","post","type-post","status-publish","format-standard","has-post-thumbnail","","category-politike"],"_links":{"self":[{"href":"https:\/\/rdnews.al\/index.php\/wp-json\/wp\/v2\/posts\/120656","targetHints":{"allow":["GET"]}}],"collection":[{"href":"https:\/\/rdnews.al\/index.php\/wp-json\/wp\/v2\/posts"}],"about":[{"href":"https:\/\/rdnews.al\/index.php\/wp-json\/wp\/v2\/types\/post"}],"author":[{"embeddable":true,"href":"https:\/\/rdnews.al\/index.php\/wp-json\/wp\/v2\/users\/4"}],"replies":[{"embeddable":true,"href":"https:\/\/rdnews.al\/index.php\/wp-json\/wp\/v2\/comments?post=120656"}],"version-history":[{"count":1,"href":"https:\/\/rdnews.al\/index.php\/wp-json\/wp\/v2\/posts\/120656\/revisions"}],"predecessor-version":[{"id":120660,"href":"https:\/\/rdnews.al\/index.php\/wp-json\/wp\/v2\/posts\/120656\/revisions\/120660"}],"wp:featuredmedia":[{"embeddable":true,"href":"https:\/\/rdnews.al\/index.php\/wp-json\/wp\/v2\/media\/120658"}],"wp:attachment":[{"href":"https:\/\/rdnews.al\/index.php\/wp-json\/wp\/v2\/media?parent=120656"}],"wp:term":[{"taxonomy":"category","embeddable":true,"href":"https:\/\/rdnews.al\/index.php\/wp-json\/wp\/v2\/categories?post=120656"},{"taxonomy":"post_tag","embeddable":true,"href":"https:\/\/rdnews.al\/index.php\/wp-json\/wp\/v2\/tags?post=120656"}],"curies":[{"name":"wp","href":"https:\/\/api.w.org\/{rel}","templated":true}]}}