{"id":120698,"date":"2025-08-12T09:16:32","date_gmt":"2025-08-12T09:16:32","guid":{"rendered":"https:\/\/rdnews.al\/?p=120698"},"modified":"2025-08-12T09:17:25","modified_gmt":"2025-08-12T09:17:25","slug":"sulmi-ndaj-news24-rrjeti-safejournalists-nevoje-urgjente-per-pergjigjet-ndaj-bllokades-policore","status":"publish","type":"post","link":"https:\/\/rdnews.al\/index.php\/2025\/08\/12\/sulmi-ndaj-news24-rrjeti-safejournalists-nevoje-urgjente-per-pergjigjet-ndaj-bllokades-policore\/","title":{"rendered":"Sulmi ndaj News24\/ Reagon Rrjeti SafeJournalists: Nevoj\u00eb urgjente p\u00ebr p\u00ebrgjigje ndaj bllokad\u00ebs policore!"},"content":{"rendered":"<p>Qendra p\u00ebr Shkenc\u00eb, zhvillim dhe inovacion, SCiDEV, i bashkohet thirrjes s\u00eb organizatave shqiptare dhe nd\u00ebrkomb\u00ebtare mediatike, sic jan\u00eb Rrjeti SafeJournalists, partner\u00eb t\u00eb Media Freedom Response Rapid (MFRR), Reporter\u00ebve pa Kufij (RSF) dhe organizatave shqiptare p\u00ebr lirin\u00eb e medias, duke shprehur shqet\u00ebsim t\u00eb p\u00ebrbashk\u00ebt p\u00ebr bllokad\u00ebn policore dhe ngjarjet pasuese q\u00eb prekin Focus Media Group, News24, BalkanWeb, Panorama, Gazeta Shqiptare dhe media t\u00eb tjera t\u00eb lidhura me t\u00eb.<\/p>\n<p><strong>Deklarata\u00a0<\/strong><\/p>\n<p><em>Ne, Rrjeti SafeJournalists, partner\u00eb t\u00eb Media Freedom Response Rapid (MFRR), Reporter\u00ebve pa Kufij (RSF) dhe organizatave shqiptare p\u00ebr lirin\u00eb e medias, shqet\u00ebsim t\u00eb p\u00ebrbashk\u00ebt p\u00ebr bllokad\u00ebn policore dhe ngjarjet pasuese q\u00eb prekin Focus Media Group, News24, BalkanWeb, Panorama, Gazeta Shqiptare dhe media t\u00eb tjera t\u00eb lidhura me t\u00eb.<\/em><\/p>\n<p><em>N\u00eb or\u00ebt e para t\u00eb m\u00ebngjesit t\u00eb 9 gushtit, Policia e Shtetit rrethoi nd\u00ebrtes\u00ebn n\u00eb Tiran\u00eb ku operojn\u00eb k\u00ebto media, nd\u00ebrpreu furnizimin me energji elektrike dhe bllokoi aksesin p\u00ebr gazetar\u00ebt dhe stafin. Kjo ndaloi transmetimin n\u00eb aj\u00ebr t\u00eb News24. Sipas Focus Media Group, nuk ishte dh\u00ebn\u00eb asnj\u00eb paralajm\u00ebrim paraprak p\u00ebr nd\u00ebrprerjen efektive t\u00eb sinjalit t\u00eb transmetimit.<\/em><\/p>\n<p><em>Aksioni policor rrjedh nga nj\u00eb mosmarr\u00ebveshje m\u00eb e gjer\u00eb pron\u00ebsore midis Ministris\u00eb s\u00eb Ekonomis\u00eb, Kultur\u00ebs dhe Inovacionit (MEKI) dhe Focus Media Group mbi kontratat e qiras\u00eb dhe procedurat. Megjithat\u00eb, aksioni i r\u00ebnd\u00eb policor deri m\u00eb tani \u00ebsht\u00eb kryer n\u00eb baz\u00eb ligjore t\u00eb paqarta dhe pa proces t\u00eb rregullt ligjor . N\u00eb munges\u00eb t\u00eb nj\u00eb baze ligjore t\u00eb publikuar, urdhrave gjyq\u00ebsor\u00eb dhe zbatues, ose nj\u00eb afati kohor t\u00eb qart\u00eb dhe hapave t\u00eb m\u00ebtejsh\u00ebm, ligjshm\u00ebria dhe proporcionaliteti i veprimit mbeten n\u00eb pik\u00ebpyetje serioze.<\/em><\/p>\n<p><em>Si rezultat, q\u00eb nga 9 gushti, nj\u00eb nga transmetuesit kryesor\u00eb komb\u00ebtar\u00eb t\u00eb lajmeve n\u00eb Shqip\u00ebri, News24, ka qen\u00eb jasht\u00eb transmetimit. Q\u00eb nga 12 gushti 2025, ende nuk ka qart\u00ebsi se kur do t\u00eb rifilloj\u00eb transmetimi, as p\u00ebr t\u00eb ardhmen e gazetar\u00ebve, punonj\u00ebsve t\u00eb medias dhe stafit mb\u00ebshtet\u00ebs t\u00eb Focus Media Group. Kjo pasiguri minon besimin e publikut, dob\u00ebson pluralizmin dhe rrezikon nj\u00eb efekt frenues mbi lirin\u00eb e medias.<\/em><\/p>\n<p><em>Ndikimi tek punonj\u00ebsit e medias \u00ebsht\u00eb i menj\u00ebhersh\u00ebm dhe serioz. P\u00ebraf\u00ebrsisht 230 punonj\u00ebs, gazetar\u00eb, punonj\u00ebs t\u00eb medias dhe staf mb\u00ebshtet\u00ebs, tani p\u00ebrballen me rrezikun e papun\u00ebsis\u00eb, shum\u00eb prej t\u00eb cil\u00ebve tashm\u00eb po p\u00ebrjetojn\u00eb vonesa n\u00eb paga dhe kontribute t\u00eb papaguara t\u00eb sigurimeve shoq\u00ebrore dhe kujdesit sh\u00ebndet\u00ebsor. Me bllokimin e nd\u00ebrtesave dhe nd\u00ebrprerjen e operacioneve, jetesa dhe e ardhmja e tyre profesionale jan\u00eb n\u00eb rrezik.<\/em><\/p>\n<p><em>Prandaj, ne u b\u00ebjm\u00eb thirrje s\u00eb bashku autoriteteve shqiptare q\u00eb t\u00eb garantojn\u00eb t\u00eb drejt\u00ebn e gazetar\u00ebve p\u00ebr pun\u00eb dhe siguri dhe:<\/em><\/p>\n<p><em>t\u00eb jap\u00eb nj\u00eb shpjegim t\u00eb plot\u00eb publik t\u00eb baz\u00ebs ligjore, domosdoshm\u00ebris\u00eb dhe urgjenc\u00ebs s\u00eb operacionit t\u00eb shtun\u00ebn n\u00eb m\u00ebngjes her\u00ebt, m\u00eb 9 gusht 2025, duke p\u00ebrfshir\u00eb koh\u00ebn e tij, metodat, proporcionalitetin dhe n\u00ebse u mor\u00ebn n\u00eb konsiderat\u00eb alternativa m\u00eb pak kufizuese;<\/em><\/p>\n<p><em>t\u00eb hiqet kordoni i policis\u00eb, t\u00eb rivendoset energjia elektrike dhe t\u00eb lejohet hyrja e lir\u00eb dhe e papenguar n\u00eb redaksit\u00eb dhe vendet e raportimit, pa k\u00ebrc\u00ebnime ose nd\u00ebrhyrje;<\/em><\/p>\n<p><em>t\u00eb mbroj\u00eb materialet dhe infrastruktur\u00ebn gazetareske, duke u p\u00ebrmbajtur nga \u00e7do sekuestrim ose d\u00ebmtim dhe duke siguruar akses t\u00eb sigurt n\u00eb pajisje, arkiva dhe lidhje transmetimi;<\/em><\/p>\n<p><em>p\u00ebr t\u00eb mbrojtur t\u00eb drejtat e pun\u00ebs gjat\u00eb nd\u00ebrprerjeve, duke u koordinuar me Inspektoratin e Pun\u00ebs n\u00eb m\u00ebnyr\u00eb q\u00eb t\u00eb paguhen pagat dhe kontributet shoq\u00ebrore dhe t\u00eb mund\u00ebsohen ambientet e p\u00ebrkohshme dhe marr\u00ebveshjet e vazhdim\u00ebsis\u00eb;<\/em><\/p>\n<p><em>t\u00eb ofroj\u00eb garanci ligjore efektive duke publikuar baz\u00ebn ligjore dhe urdhrat, duke p\u00ebrcaktuar afatin kohor dhe kushtet p\u00ebr heqjen e masave, duke siguruar nj\u00eb rrug\u00eb t\u00eb arritshme p\u00ebr t\u00eb kund\u00ebrshtuar me efekt pezullues aty ku \u00ebsht\u00eb e aplikueshme, dhe duke u koordinuar me AMA-n, duke p\u00ebrdorur mjetet m\u00eb pak kufizuese p\u00ebr t\u00eb ruajtur vazhdim\u00ebsin\u00eb e sh\u00ebrbimit t\u00eb lajmeve;<\/em><\/p>\n<p><em>t\u00eb hetoj\u00eb \u00e7do pengim t\u00eb gazetar\u00ebve dhe t\u00eb siguroj\u00eb llogaridh\u00ebnie; si dhe t\u00eb komunikoj\u00eb rregullisht me publikun.<\/em><\/p>\n<p><em>Nd\u00ebrkoh\u00eb, i b\u00ebjm\u00eb thirrje pron\u00ebsis\u00eb dhe menaxhimit t\u00eb Focus Media Group:<\/em><\/p>\n<p><em>t\u00eb veproj\u00eb me urgjenc\u00eb p\u00ebr t\u00eb mbrojtur jetes\u00ebn dhe t\u00eb drejtat e punonj\u00ebsve, t\u00eb respektoj\u00eb t\u00eb gjitha detyrimet ligjore dhe kontraktuale, si dhe t\u00eb siguroj\u00eb ambiente t\u00eb p\u00ebrkohshme dhe plane vazhdim\u00ebsie p\u00ebr t\u00eb mbrojtur stafin dhe p\u00ebr t\u00eb ruajtur aksesin n\u00eb informacion p\u00ebr publikun;<\/em><\/p>\n<p><em>t\u00eb angazhohet n\u00eb m\u00ebnyr\u00eb konstruktive me autoritetet p\u00ebr t\u00eb zgjidhur mosmarr\u00ebveshjen n\u00eb m\u00ebnyr\u00eb t\u00eb ligjshme dhe transparente me nd\u00ebrprerjen m\u00eb t\u00eb vog\u00ebl t\u00eb mundshme t\u00eb pun\u00ebs gazetareske dhe t\u00eb drejt\u00ebs s\u00eb publikut p\u00ebr t\u00eb ditur;<\/em><\/p>\n<p><em>p\u00ebr t\u00eb siguruar pages\u00ebn e pagave dhe kontributeve shoq\u00ebrore, aksesin e sigurt n\u00eb pajisje dhe t\u00eb dh\u00ebna, si dhe moshakmarrjen ndaj stafit gjat\u00eb k\u00ebsaj nd\u00ebrprerjeje;<\/em><\/p>\n<p><em>t\u00eb ofroj\u00eb transparenc\u00eb t\u00eb plot\u00eb mbi situat\u00ebn ligjore dhe kontraktuale n\u00eb m\u00ebnyr\u00eb q\u00eb punonj\u00ebsit dhe publiku t\u00eb kuptojn\u00eb baz\u00ebn e mosmarr\u00ebveshjes.<\/em><\/p>\n<p><em>Ky nuk \u00ebsht\u00eb thjesht nj\u00eb mosmarr\u00ebveshje kontraktuale. Ai ngre \u00e7\u00ebshtje themelore t\u00eb procesit t\u00eb rregullt ligjor, proporcionalitetit, liris\u00eb s\u00eb medias dhe mbrojtjes s\u00eb gazetar\u00ebve dhe punonj\u00ebsve t\u00eb medias. T\u00eb gjitha pal\u00ebt duhet t\u00eb veprojn\u00eb shpejt, n\u00eb m\u00ebnyr\u00eb transparente dhe n\u00eb interes t\u00eb publikut p\u00ebr t\u00eb siguruar q\u00eb k\u00ebto t\u00eb drejta t\u00eb respektohen dhe t\u00eb mb\u00ebshteten.<\/em><\/p>\n<p><em>N\u00ebnshkruar,<\/em><\/p>\n<p><em>Rrjeti i SafeJournalists:<\/em><\/p>\n<p><em>Shoqata e gazetar\u00ebve t\u00eb Bosnj\u00ebs dhe Hercegovin\u00ebs<\/em><\/p>\n<p><em>Shoqata e Gazetar\u00ebve t\u00eb Kosov\u00ebs<\/em><\/p>\n<p><em>Shoqata e Gazetar\u00ebve t\u00eb Maqedonis\u00eb<\/em><\/p>\n<p><em>Shoqata e Gazetar\u00ebve Kroat\u00eb<\/em><\/p>\n<p><em>Shoqata e Gazetar\u00ebve t\u00eb Pavarur t\u00eb Serbis\u00eb<\/em><\/p>\n<p><em>Sindikata e Medias s\u00eb Malit t\u00eb Zi<\/em><\/p>\n<p><em>Reporter\u00ebt pa Kufij (RSF)<\/em><\/p>\n<p><em>Partner\u00ebt e Reagimit t\u00eb Shpejt\u00eb p\u00ebr Lirin\u00eb e Medias (MFRR):<\/em><\/p>\n<p><em>Federata Evropiane e Gazetar\u00ebve (EFJ)<\/em><\/p>\n<p><em>Qendra Evropiane p\u00ebr Lirin\u00eb e Shtypit dhe Medias (ECPMF)<\/em><\/p>\n<p><em>NENI 19 Evropa<\/em><\/p>\n<p><em>Instituti Nd\u00ebrkomb\u00ebtar i Shtypit (IPI)<\/em><\/p>\n<p><em>Shtypi i Lir\u00eb i Pakufizuar (FPU)<\/em><\/p>\n<p><em>Organizatat e shoq\u00ebris\u00eb civile n\u00eb Shqip\u00ebri:<\/em><\/p>\n<p><em>Qendra e Shkenc\u00ebs dhe Inovacionit p\u00ebr Zhvillim (SCiDEV)<\/em><\/p>\n<p><em>K\u00ebshilli i Medias Shqiptare (KMSH)<\/em><\/p>\n<p><em>Shoqata e Gazetar\u00ebve t\u00eb Shqip\u00ebris\u00eb (AGSH)<\/em><\/p>\n<p><em>Gruaja Shqiptare n\u00eb Audiovizual (AWA)<\/em><\/p>\n<p><em>Amfora<\/em><\/p>\n<p><em>Shoqata e Gazetar\u00ebve Profesionist\u00eb t\u00eb Shqip\u00ebris\u00eb (APJA)<\/em><\/p>\n<p><em>Unioni i Gazetar\u00ebve dhe Punonj\u00ebsve t\u00eb Medias (SGPM)<\/em><\/p>\n<p><em>Komiteti Shqiptar i Helsinkit (KSHH)<\/em><\/p>\n<p><em>Qendra Shqiptare p\u00ebr Gazetari Cil\u00ebsore (ACQJ)<\/em><\/p>\n<p><em>Rrjeti Ballkanik i Gazetaris\u00eb Investigative n\u00eb Shqip\u00ebri (BIRN Albania)<\/em><\/p>\n<p><em>Faktoje<\/em><\/p>\n<p><em>Unioni i Gazetar\u00ebve t\u00eb Shqip\u00ebris\u00eb (UGSH)<\/em><\/p>\n<p><em>Shoqata e Gazetar\u00ebve Evropian\u00eb, Seksioni Shqip (AEJ)<\/em><\/p>\n<p><em>Kanali i Qytetar\u00ebve<\/em><\/p>\n","protected":false},"excerpt":{"rendered":"<p>Qendra p\u00ebr Shkenc\u00eb, zhvillim dhe inovacion, SCiDEV, i bashkohet thirrjes s\u00eb organizatave shqiptare dhe nd\u00ebrkomb\u00ebtare mediatike, sic jan\u00eb Rrjeti SafeJournalists, partner\u00eb t\u00eb Media Freedom Response Rapid (MFRR), Reporter\u00ebve pa Kufij (RSF) dhe organizatave shqiptare p\u00ebr lirin\u00eb e medias, duke shprehur shqet\u00ebsim t\u00eb p\u00ebrbashk\u00ebt p\u00ebr bllokad\u00ebn policore dhe ngjarjet pasuese q\u00eb prekin Focus Media Group, News24, &hellip;<\/p>\n","protected":false},"author":4,"featured_media":120699,"comment_status":"closed","ping_status":"closed","sticky":false,"template":"","format":"standard","meta":{"footnotes":""},"categories":[37],"tags":[],"class_list":["post-120698","post","type-post","status-publish","format-standard","has-post-thumbnail","","category-politike"],"_links":{"self":[{"href":"https:\/\/rdnews.al\/index.php\/wp-json\/wp\/v2\/posts\/120698","targetHints":{"allow":["GET"]}}],"collection":[{"href":"https:\/\/rdnews.al\/index.php\/wp-json\/wp\/v2\/posts"}],"about":[{"href":"https:\/\/rdnews.al\/index.php\/wp-json\/wp\/v2\/types\/post"}],"author":[{"embeddable":true,"href":"https:\/\/rdnews.al\/index.php\/wp-json\/wp\/v2\/users\/4"}],"replies":[{"embeddable":true,"href":"https:\/\/rdnews.al\/index.php\/wp-json\/wp\/v2\/comments?post=120698"}],"version-history":[{"count":2,"href":"https:\/\/rdnews.al\/index.php\/wp-json\/wp\/v2\/posts\/120698\/revisions"}],"predecessor-version":[{"id":120701,"href":"https:\/\/rdnews.al\/index.php\/wp-json\/wp\/v2\/posts\/120698\/revisions\/120701"}],"wp:featuredmedia":[{"embeddable":true,"href":"https:\/\/rdnews.al\/index.php\/wp-json\/wp\/v2\/media\/120699"}],"wp:attachment":[{"href":"https:\/\/rdnews.al\/index.php\/wp-json\/wp\/v2\/media?parent=120698"}],"wp:term":[{"taxonomy":"category","embeddable":true,"href":"https:\/\/rdnews.al\/index.php\/wp-json\/wp\/v2\/categories?post=120698"},{"taxonomy":"post_tag","embeddable":true,"href":"https:\/\/rdnews.al\/index.php\/wp-json\/wp\/v2\/tags?post=120698"}],"curies":[{"name":"wp","href":"https:\/\/api.w.org\/{rel}","templated":true}]}}