{"id":120702,"date":"2025-08-12T09:21:16","date_gmt":"2025-08-12T09:21:16","guid":{"rendered":"https:\/\/rdnews.al\/?p=120702"},"modified":"2025-08-12T09:21:34","modified_gmt":"2025-08-12T09:21:34","slug":"blendi-himci-agjencia-shteterore-e-kadastres-ne-vend-qe-te-permiresoje-sherbimet-ka-rritur-tarifat-ne-masen-70-80","status":"publish","type":"post","link":"https:\/\/rdnews.al\/index.php\/2025\/08\/12\/blendi-himci-agjencia-shteterore-e-kadastres-ne-vend-qe-te-permiresoje-sherbimet-ka-rritur-tarifat-ne-masen-70-80\/","title":{"rendered":"Him\u00e7i: Agjencia Shtet\u00ebrore e Kadastr\u00ebs, n\u00eb vend q\u00eb t\u00eb p\u00ebrmir\u00ebsoj\u00eb sh\u00ebrbimet, ka rritur tarifat n\u00eb mas\u00ebn 70-80%"},"content":{"rendered":"<p><strong>Deklarata e deputetit t\u00eb zgjedhur t\u00eb PD, Blendi Him\u00e7i:<\/strong><\/p>\n<p>T\u00eb nderuar p\u00ebrfaq\u00ebsues t\u00eb mediave,<\/p>\n<p>T\u00eb dashur qytetar\u00eb,<\/p>\n<p>Qeveria e Edi Ram\u00ebs ka vendosur nj\u00eb tjet\u00ebr goditje t\u00eb r\u00ebnd\u00eb p\u00ebr xhepat e shqiptar\u00ebve, duke rritur n\u00eb m\u00ebnyr\u00eb t\u00eb paprecedent\u00eb tarifat e sh\u00ebrbimeve t\u00eb Agjencis\u00eb Shtet\u00ebrore t\u00eb Kadastr\u00ebs.<\/p>\n<p>Nga nj\u00eb analiz\u00eb e detajuar e vendimit qeveritar, rezulton se tarifat jan\u00eb rritur n\u00eb mas\u00ebn 70\u201380%, p\u00ebr pothuajse \u00e7do sh\u00ebrbim q\u00eb ofron ASHK, duke prekur:<\/p>\n<p><em>\u2022 Certifikatat e pron\u00ebsis\u00eb;<\/em><\/p>\n<p><em>\u2022 Regjistrimet e kontratave t\u00eb shitjes, dhurimit apo shk\u00ebmbimit;<\/em><\/p>\n<p><em>\u2022 Regjistrimin e hipotekave;<\/em><\/p>\n<p><em>\u2022 Regjistrimin e lejeve t\u00eb legalizimit;<\/em><\/p>\n<p><em>\u2022 Kopjet e dokumentacionit.<\/em><\/p>\n<p>Kjo rritje nuk \u00ebsht\u00eb thjesht nj\u00eb shif\u00ebr mbi let\u00ebr. Ajo \u00ebsht\u00eb nj\u00eb barr\u00eb e pap\u00ebrballueshme p\u00ebr:<\/p>\n<p><em>\u2022 Bizneset q\u00eb k\u00ebrkojn\u00eb sh\u00ebrbime hipotekimi;<\/em><\/p>\n<p><em>\u2022 Individ\u00ebt q\u00eb blejn\u00eb apo shesin pasuri t\u00eb paluajtshme;<\/em><\/p>\n<p><em>\u2022 Avokat\u00ebt dhe noter\u00ebt q\u00eb pajisen me kopje dokumentacioni;<\/em><\/p>\n<p><em>\u2022 Mbi t\u00eb gjitha, banor\u00ebt e fshatit, t\u00eb cil\u00ebt detyrohen t\u00eb paguajn\u00eb tarifa t\u00eb fryra p\u00ebr \u00e7do parcel\u00eb ve\u00e7mas, duke shum\u00ebfishuar kostot p\u00ebr nj\u00eb familje bujq\u00ebsore.<\/em><\/p>\n<p>N\u00eb vend q\u00eb t\u00eb p\u00ebrmir\u00ebsoj\u00eb sh\u00ebrbimin, qeveria rrit \u00e7mimin. N\u00eb vend q\u00eb t\u00eb afroj\u00eb zyrat e kadastr\u00ebs n\u00eb zonat rurale, qeveria i detyron qytetar\u00ebt t\u00eb udh\u00ebtojn\u00eb, t\u00eb presin me muaj, e t\u00eb p\u00ebrballen me zvarritje e burokraci t\u00eb pafund. N\u00eb vend q\u00eb t\u00eb analizoj\u00eb performanc\u00ebn e specialist\u00ebve t\u00eb ASHK-s\u00eb dhe t\u00eb nd\u00ebshkoj\u00eb paaft\u00ebsin\u00eb e militantizmin, qeveria ka zgjedhur t\u00eb grabis\u00eb qytetar\u00ebt p\u00ebrmes tarifave t\u00eb rritura.<\/p>\n<p>E gjitha kjo b\u00ebhet pa asnj\u00eb transparenc\u00eb, pa studim ekonomik, pa nj\u00eb analiz\u00eb financiare t\u00eb kosto p\u00ebrfitimit, dhe n\u00eb kund\u00ebrshtim me parimet e shtetit ligjor.<\/p>\n<p>Partia Demokratike i b\u00ebn thirrje qeveris\u00eb t\u00eb t\u00ebrheq\u00eb menj\u00ebher\u00eb k\u00ebt\u00eb vendim arbitrar, t\u00eb anuloj\u00eb rritjen e tarifave dhe t\u00eb kthej\u00eb parat\u00eb e mbledhura padrejt\u00ebsisht.<\/p>\n<p>Ne jemi n\u00eb krah t\u00eb \u00e7do qytetari dhe ve\u00e7an\u00ebrisht t\u00eb banor\u00ebve t\u00eb fshatit, q\u00eb sot po p\u00ebrballen me nj\u00eb barr\u00eb t\u00eb re financiare vet\u00ebm sepse duan t\u00eb regjistrojn\u00eb pron\u00ebn e tyre.<\/p>\n<p>Qytetar\u00eb, kjo nuk \u00ebsht\u00eb thjesht \u00e7\u00ebshtje tarifash kjo \u00ebsht\u00eb nj\u00eb \u00e7\u00ebshtje dinjiteti, ligji dhe drejt\u00ebsie.<\/p>\n<p>Ne nuk do t\u00eb lejojm\u00eb q\u00eb prona e shqiptar\u00ebve t\u00eb kthehet n\u00eb burim fitimi p\u00ebr nj\u00eb administrat\u00eb t\u00eb paaft\u00eb e t\u00eb kapur nga klientelizmi.<\/p>\n<p>Faleminderit!<\/p>\n","protected":false},"excerpt":{"rendered":"<p>Deklarata e deputetit t\u00eb zgjedhur t\u00eb PD, Blendi Him\u00e7i: T\u00eb nderuar p\u00ebrfaq\u00ebsues t\u00eb mediave, T\u00eb dashur qytetar\u00eb, Qeveria e Edi Ram\u00ebs ka vendosur nj\u00eb tjet\u00ebr goditje t\u00eb r\u00ebnd\u00eb p\u00ebr xhepat e shqiptar\u00ebve, duke rritur n\u00eb m\u00ebnyr\u00eb t\u00eb paprecedent\u00eb tarifat e sh\u00ebrbimeve t\u00eb Agjencis\u00eb Shtet\u00ebrore t\u00eb Kadastr\u00ebs. Nga nj\u00eb analiz\u00eb e detajuar e vendimit qeveritar, rezulton &hellip;<\/p>\n","protected":false},"author":4,"featured_media":120703,"comment_status":"closed","ping_status":"closed","sticky":false,"template":"","format":"standard","meta":{"footnotes":""},"categories":[37],"tags":[],"class_list":["post-120702","post","type-post","status-publish","format-standard","has-post-thumbnail","","category-politike"],"_links":{"self":[{"href":"https:\/\/rdnews.al\/index.php\/wp-json\/wp\/v2\/posts\/120702","targetHints":{"allow":["GET"]}}],"collection":[{"href":"https:\/\/rdnews.al\/index.php\/wp-json\/wp\/v2\/posts"}],"about":[{"href":"https:\/\/rdnews.al\/index.php\/wp-json\/wp\/v2\/types\/post"}],"author":[{"embeddable":true,"href":"https:\/\/rdnews.al\/index.php\/wp-json\/wp\/v2\/users\/4"}],"replies":[{"embeddable":true,"href":"https:\/\/rdnews.al\/index.php\/wp-json\/wp\/v2\/comments?post=120702"}],"version-history":[{"count":2,"href":"https:\/\/rdnews.al\/index.php\/wp-json\/wp\/v2\/posts\/120702\/revisions"}],"predecessor-version":[{"id":120705,"href":"https:\/\/rdnews.al\/index.php\/wp-json\/wp\/v2\/posts\/120702\/revisions\/120705"}],"wp:featuredmedia":[{"embeddable":true,"href":"https:\/\/rdnews.al\/index.php\/wp-json\/wp\/v2\/media\/120703"}],"wp:attachment":[{"href":"https:\/\/rdnews.al\/index.php\/wp-json\/wp\/v2\/media?parent=120702"}],"wp:term":[{"taxonomy":"category","embeddable":true,"href":"https:\/\/rdnews.al\/index.php\/wp-json\/wp\/v2\/categories?post=120702"},{"taxonomy":"post_tag","embeddable":true,"href":"https:\/\/rdnews.al\/index.php\/wp-json\/wp\/v2\/tags?post=120702"}],"curies":[{"name":"wp","href":"https:\/\/api.w.org\/{rel}","templated":true}]}}