{"id":120728,"date":"2025-08-12T16:41:33","date_gmt":"2025-08-12T16:41:33","guid":{"rendered":"https:\/\/rdnews.al\/?p=120728"},"modified":"2025-08-12T16:41:33","modified_gmt":"2025-08-12T16:41:33","slug":"sulmi-ndaj-news24-lubonja-ardi-veliu-i-lidhur-me-krimin-e-organizuar-plackitja-akt-banditesk","status":"publish","type":"post","link":"https:\/\/rdnews.al\/index.php\/2025\/08\/12\/sulmi-ndaj-news24-lubonja-ardi-veliu-i-lidhur-me-krimin-e-organizuar-plackitja-akt-banditesk\/","title":{"rendered":"Sulmi ndaj News24\/ Lubonja: Ardi Veliu i lidhur me krimin e organizuar! Pla\u00e7kitja, akt banditesk!"},"content":{"rendered":"<p>Analisti Fatos Lubonja ka komentuar sulmin e Qeveris\u00eb ndaj News 24, s\u00eb cil\u00ebs i fiku sinjalin, si dhe vendimin e sot\u00ebm t\u00eb Gjykat\u00ebs s\u00eb Tiran\u00ebs, e cila e konsideroi si t\u00eb paligjshme marrjen e sendeve personale t\u00eb gazetar\u00ebve dhe q\u00eb godina e dyt\u00eb e \u201cPanorama Group\u201d t\u2019i rikthehet grupit mediatik \u201cFocus Media Group\u201d, pasi ka kontrat\u00eb afatgjate.<\/p>\n<p>Lubonja e konsideroi aktin p\u00ebr marrjen e sendeve personale si banditesk, q\u00eb sipas tij, nuk duhet t\u00eb kalohet pa nd\u00ebshkim nga drejt\u00ebsia. Ai tha se Ardi Veliu rezulton i lidhur me krimin e organizuar nga dosjet e SPAK.<\/p>\n<p>Fatos Lubonja:\u00a0Vendimi i gjykat\u00ebs tregon banditizmin e atyre q\u00eb kan\u00eb kryer aktin. \u00cbsht\u00eb akt banditesk q\u00eb nuk mund t\u00eb kaloj\u00eb pa nd\u00ebshkim. K\u00ebtu ka ardhur nj\u00eb Ardi Veliu, i cili rezulton i lidhur me krimin e organizuar n\u00eb dosjet e SPAK. Ai ka prapa krimin; imagjino se n\u00eb dor\u00eb t\u00eb kujt \u00ebsht\u00eb shteti. E para kjo. E dyta, ka nj\u00eb lajm t\u00eb mir\u00eb dhe nj\u00eb lajm t\u00eb keq. Lajmi i mir\u00eb \u00ebsht\u00eb se rezistenca e atyre q\u00eb ngrit\u00ebn z\u00ebrin vlen, sepse mund t\u00eb mos kishte pasur asnj\u00eb rezistenc\u00eb. Edhe pse, p\u00ebr mendimin tim, rezistenca \u00ebsht\u00eb tkurrur shum\u00eb dhe goditjen m\u00eb t\u00eb madhe e ka marr\u00eb kur u shemb Teatri.<\/p>\n<p>E dyta, mendoj q\u00eb ata desh\u00ebn ta tregonin k\u00ebt\u00eb pun\u00eb, e b\u00ebn\u00eb. Nuk i heq merit\u00ebn gjyqtarit q\u00eb ka marr\u00eb vendimin; mbetet nj\u00eb lloj k\u00ebshill\u00eb. E keqja \u00ebsht\u00eb se mund t\u00eb shitet sikur drejt\u00ebsia n\u00eb Shqip\u00ebri funksionon. U mor vendimi, por ky d\u00ebm moral, kjo traum\u00eb, k\u00ebta bandit\u00eb q\u00eb veprojn\u00eb k\u00ebtu, a do t\u00eb marrin ndonj\u00eb vendim nga drejt\u00ebsia?<\/p>\n","protected":false},"excerpt":{"rendered":"<p>Analisti Fatos Lubonja ka komentuar sulmin e Qeveris\u00eb ndaj News 24, s\u00eb cil\u00ebs i fiku sinjalin, si dhe vendimin e sot\u00ebm t\u00eb Gjykat\u00ebs s\u00eb Tiran\u00ebs, e cila e konsideroi si t\u00eb paligjshme marrjen e sendeve personale t\u00eb gazetar\u00ebve dhe q\u00eb godina e dyt\u00eb e \u201cPanorama Group\u201d t\u2019i rikthehet grupit mediatik \u201cFocus Media Group\u201d, pasi ka &hellip;<\/p>\n","protected":false},"author":4,"featured_media":120729,"comment_status":"closed","ping_status":"closed","sticky":false,"template":"","format":"standard","meta":{"footnotes":""},"categories":[37],"tags":[],"class_list":["post-120728","post","type-post","status-publish","format-standard","has-post-thumbnail","","category-politike"],"_links":{"self":[{"href":"https:\/\/rdnews.al\/index.php\/wp-json\/wp\/v2\/posts\/120728","targetHints":{"allow":["GET"]}}],"collection":[{"href":"https:\/\/rdnews.al\/index.php\/wp-json\/wp\/v2\/posts"}],"about":[{"href":"https:\/\/rdnews.al\/index.php\/wp-json\/wp\/v2\/types\/post"}],"author":[{"embeddable":true,"href":"https:\/\/rdnews.al\/index.php\/wp-json\/wp\/v2\/users\/4"}],"replies":[{"embeddable":true,"href":"https:\/\/rdnews.al\/index.php\/wp-json\/wp\/v2\/comments?post=120728"}],"version-history":[{"count":1,"href":"https:\/\/rdnews.al\/index.php\/wp-json\/wp\/v2\/posts\/120728\/revisions"}],"predecessor-version":[{"id":120730,"href":"https:\/\/rdnews.al\/index.php\/wp-json\/wp\/v2\/posts\/120728\/revisions\/120730"}],"wp:featuredmedia":[{"embeddable":true,"href":"https:\/\/rdnews.al\/index.php\/wp-json\/wp\/v2\/media\/120729"}],"wp:attachment":[{"href":"https:\/\/rdnews.al\/index.php\/wp-json\/wp\/v2\/media?parent=120728"}],"wp:term":[{"taxonomy":"category","embeddable":true,"href":"https:\/\/rdnews.al\/index.php\/wp-json\/wp\/v2\/categories?post=120728"},{"taxonomy":"post_tag","embeddable":true,"href":"https:\/\/rdnews.al\/index.php\/wp-json\/wp\/v2\/tags?post=120728"}],"curies":[{"name":"wp","href":"https:\/\/api.w.org\/{rel}","templated":true}]}}