{"id":120731,"date":"2025-08-12T16:46:33","date_gmt":"2025-08-12T16:46:33","guid":{"rendered":"https:\/\/rdnews.al\/?p=120731"},"modified":"2025-08-12T16:47:20","modified_gmt":"2025-08-12T16:47:20","slug":"120731","status":"publish","type":"post","link":"https:\/\/rdnews.al\/index.php\/2025\/08\/12\/120731\/","title":{"rendered":"Fondet e IPARD t\u00eb bllokuara prej 2 vitesh p\u00ebr shkak t\u00eb korrupsionit, ngecin hetimet\u2026"},"content":{"rendered":"<p><strong><em>Prej dy vitesh, fondet IPARD p\u00ebr bujq\u00ebsin\u00eb shqiptare jan\u00eb t\u00eb bllokuara p\u00ebr shkak t\u00eb dyshimeve p\u00ebr korrupsion, por hetimet e SPAK-ut nuk kan\u00eb sjell\u00eb ende rezultate konkrete. Brukseli k\u00ebmb\u00ebngul q\u00eb autoritetet shqiptare ta trajtojn\u00eb k\u00ebt\u00eb \u00e7\u00ebshtje me seriozitet, duke theksuar se parat\u00eb europiane duhet t\u00eb mbrohen si\u00e7 duhet. Ministria e Bujq\u00ebsis\u00eb deklaron se po punon p\u00ebr auditimin e jasht\u00ebm dhe t\u00eb tjera masa p\u00ebrmir\u00ebsuese, por ende nuk ka nj\u00eb dat\u00eb t\u00eb qart\u00eb p\u00ebr rifillimin e financimeve IPARD.<\/em><\/strong><\/p>\n<p>Prej dy vitesh, bujq\u00ebsia shqiptare \u00ebsht\u00eb pa miliona euro nga programi\u00a0<a href=\"https:\/\/agriculture.ec.europa.eu\/international\/international-cooperation\/enlargement\/pre-accession-assistance\/overview_en\" target=\"_blank\" rel=\"noopener\">IPARD III<\/a>, pasi fondet e Bashkimit Europian p\u00ebr zhvillimin rural jan\u00eb\u00a0bllokuar\u00a0p\u00ebr shkak t\u00eb dyshimeve p\u00ebr korrupsion. Brukseli ka dy vite q\u00eb u k\u00ebrkon autoriteteve shqiptare ta trajtojn\u00eb me seriozitet k\u00ebt\u00eb \u00e7\u00ebshtje, por deri m\u00eb tani reagimi i tyre i ngjan ritmit t\u00eb breshk\u00ebs.<\/p>\n<p>Q\u00eb prej vitit 2020, dosja p\u00ebr hetimin e abuzimeve me fondet e\u00a0IPARD\u00a0ka kaluar n\u00ebp\u00ebr tryezat e institucioneve t\u00eb drejt\u00ebsis\u00eb shqiptare, pa asnj\u00eb rezultat konkret. Fillimisht, \u00e7\u00ebshtja u regjistrua n\u00eb Prokurorin\u00eb e Posa\u00e7me kund\u00ebr Korrupsionit dhe Krimit t\u00eb Organizuar (SPAK). Pas dy vitesh, SPAK shpalli moskompetenc\u00ebn dhe ia kaloi dosjen Prokuroris\u00eb s\u00eb Tiran\u00ebs. N\u00eb shtator 2023, dosja u rikthye s\u00ebrish n\u00eb SPAK.<\/p>\n<p>Asokohe, SPAK i\u00a0tha\u00a0Faktoje.al se hetimi penal mbi shp\u00ebrndarjen e fondeve ishte ende n\u00eb faz\u00eb paraprake dhe, p\u00ebr shkak t\u00eb sekretit hetimor, nuk mund t\u00eb jepte m\u00eb shum\u00eb informacion.<\/p>\n<p>T\u00eb nj\u00ebjt\u00ebn p\u00ebrgjigje e dha edhe k\u00ebt\u00eb fillim gushti.<\/p>\n<p>\u201c\u00c7\u00ebshtja \u00ebsht\u00eb n\u00eb faz\u00ebn e hetimeve paraprake. P\u00ebr shkak t\u00eb ruajtjes s\u00eb sekretit hetimor, nuk mund t\u00eb b\u00ebjm\u00eb publike informacione t\u00eb m\u00ebtejshme\u201d, SPAK.<\/p>\n<p><img loading=\"lazy\" decoding=\"async\" class=\"alignnone size-medium wp-image-1588316\" src=\"https:\/\/boldnews.al\/wp-content\/uploads\/2025\/08\/spak-2025-640x213.webp\" sizes=\"auto, (max-width: 640px) 100vw, 640px\" srcset=\"https:\/\/boldnews.al\/wp-content\/uploads\/2025\/08\/spak-2025-640x213.webp 640w, https:\/\/boldnews.al\/wp-content\/uploads\/2025\/08\/spak-2025-1280x426.webp 1280w, https:\/\/boldnews.al\/wp-content\/uploads\/2025\/08\/spak-2025-1024x341.webp 1024w, https:\/\/boldnews.al\/wp-content\/uploads\/2025\/08\/spak-2025-1536x511.webp 1536w, https:\/\/boldnews.al\/wp-content\/uploads\/2025\/08\/spak-2025-750x250.webp 750w, https:\/\/boldnews.al\/wp-content\/uploads\/2025\/08\/spak-2025-1140x380.webp 1140w, https:\/\/boldnews.al\/wp-content\/uploads\/2025\/08\/spak-2025.webp 1553w\" alt=\"\" width=\"640\" height=\"213\" data-pin-no-hover=\"true\" \/><\/p>\n<p>Pra, edhe pas dy vitesh, hetimi p\u00ebr dosjen IPARD vijon t\u00eb endet n\u00eb faz\u00eb paraprake. Asnj\u00eb em\u00ebr. Asnj\u00eb arrestim. Asnj\u00eb akt akuze.<\/p>\n<p>\u201cT\u00eb detyrojn\u00eb t\u00eb besosh se nuk ka drejt\u00ebsi!\u201d \u2013 thot\u00eb Romeo Nazarko, nj\u00eb nga denoncuesit e par\u00eb t\u00eb skem\u00ebs s\u00eb abuzimeve me fondet IPARD n\u00eb Shqip\u00ebri. \u201cKam b\u00ebr\u00eb tre kall\u00ebzime n\u00eb SPAK, p\u00ebrfshi edhe IPARD-in, t\u00eb treja n\u00eb gjum\u00eb,\u201d shton ai.<\/p>\n<p>N\u00eb vitin 2023, Zyra Evropiane Kund\u00ebr Mashtrimit (OLAF) p\u00ebrfundoi hetimin administrativ mbi abuzimet me fondet e IPARD II dhe ia p\u00ebrcolli raportin p\u00ebrfundimtar, s\u00eb bashku me rekomandimet, autoriteteve shqiptare dhe Komisionit Evropian. N\u00eb nj\u00eb\u00a0<a href=\"https:\/\/faktoje.al\/wp-content\/uploads\/2025\/08\/OLAF.png\" target=\"_blank\" rel=\"noopener\">reagim<\/a>\u00a0p\u00ebr Faktoje.al zyra e shtypit pran\u00eb OLAF n\u00ebnvizon se tanim\u00eb vendimmarrja p\u00ebr \u00e7do hap t\u00eb m\u00ebtejsh\u00ebm u takon autoriteteve kompetente vendase, sipas vler\u00ebsimit t\u00eb tyre. Me fjal\u00eb t\u00eb tjera, OLAF e kalon topin n\u00eb fush\u00ebn ton\u00eb.<\/p>\n<p>\u201cOLAF zhvillon hetime administrative. M\u00eb pas, u takon autoriteteve kompetente t\u00eb vendosin mbi \u00e7do veprim t\u00eb m\u00ebtejsh\u00ebm lidhur me rekomandimet e OLAF, sipas vler\u00ebsimit t\u00eb tyre. P\u00ebr k\u00ebt\u00eb arsye, ne nuk jemi n\u00eb gjendje t\u00eb komentojm\u00eb m\u00eb tej, p\u00ebrfshir\u00eb detajet e hetimit dhe provat e mbledhura nga OLAF\u201d,\u00a0<a href=\"https:\/\/faktoje.al\/wp-content\/uploads\/2025\/08\/OLAF.png\" target=\"_blank\" rel=\"noopener\">n\u00ebnvizon<\/a>\u00a0zyra e shtypit t\u00eb OLAF p\u00ebr Faktoje.al.<\/p>\n<p class=\"wp-block-heading\"><strong>Parat\u00eb europiane t\u00eb mbrohen si\u00e7 duhet<\/strong><\/p>\n<p>Q\u00eb kur u\u00a0pezulluan\u00a0fondet IPARD, Komisioni Evropian ka p\u00ebrs\u00ebritur vazhdimisht k\u00ebrkes\u00ebn q\u00eb \u00e7\u00ebshtja t\u00eb trajtohet me seriozitet nga autoritetet shqiptare.<\/p>\n<p>P\u00ebr dy vite me radh\u00eb, kan\u00eb theksuar nevoj\u00ebn p\u00ebr masa korrigjuese dhe p\u00ebr transparenc\u00eb t\u00eb plot\u00eb n\u00eb hetimin e abuzimeve, duke e b\u00ebr\u00eb k\u00ebt\u00eb kusht t\u00eb domosdosh\u00ebm p\u00ebr rifillimin e financimeve.<\/p>\n<p>Komisioni \u00ebsht\u00eb n\u00eb dijeni t\u00eb nj\u00eb auditimi t\u00eb jasht\u00ebm q\u00eb qeveria shqiptare ka kontraktuar p\u00ebr t\u00eb verifikuar grantet dhe pagesat e IPARD II, si dhe sistemin e ri t\u00eb menaxhimit dhe kontrollit t\u00eb brendsh\u00ebm. Por nd\u00ebrkoh\u00eb q\u00eb procedurat bilaterale vazhdojn\u00eb, nuk jepen detaje t\u00eb tjera, nd\u00ebrsa pritshm\u00ebria \u00ebsht\u00eb q\u00eb \u00e7\u00ebshtja t\u00eb zgjidhet shpejt e me p\u00ebrgjegj\u00ebsi.<\/p>\n<p><em>\u201cBashkimi Evropian \u00ebsht\u00eb i gatsh\u00ebm t\u00eb vazhdoj\u00eb t\u00eb mb\u00ebshtes\u00eb fermer\u00ebt shqiptar\u00eb, sektorin agroushqimor dhe zonat rurale n\u00eb t\u00eb ardhmen, me kusht q\u00eb interesat financiare t\u00eb Bashkimit Evropian t\u00eb mbrohen si\u00e7 duhet.\u201d-<\/em>\u00a0b\u00ebn t\u00eb qart\u00eb nj\u00eb\u00a0z\u00ebdh\u00ebn\u00ebs\u00a0i Komisionit Evropian p\u00ebr Faktoje.al.<\/p>\n<p><img loading=\"lazy\" decoding=\"async\" class=\"alignnone size-medium wp-image-1588315\" src=\"https:\/\/boldnews.al\/wp-content\/uploads\/2025\/08\/Komisioni-Europian-640x224.webp\" sizes=\"auto, (max-width: 640px) 100vw, 640px\" srcset=\"https:\/\/boldnews.al\/wp-content\/uploads\/2025\/08\/Komisioni-Europian-640x224.webp 640w, https:\/\/boldnews.al\/wp-content\/uploads\/2025\/08\/Komisioni-Europian-1280x448.webp 1280w, https:\/\/boldnews.al\/wp-content\/uploads\/2025\/08\/Komisioni-Europian-1024x358.webp 1024w, https:\/\/boldnews.al\/wp-content\/uploads\/2025\/08\/Komisioni-Europian-1536x538.webp 1536w, https:\/\/boldnews.al\/wp-content\/uploads\/2025\/08\/Komisioni-Europian-750x263.webp 750w, https:\/\/boldnews.al\/wp-content\/uploads\/2025\/08\/Komisioni-Europian-1140x399.webp 1140w, https:\/\/boldnews.al\/wp-content\/uploads\/2025\/08\/Komisioni-Europian.webp 1560w\" alt=\"\" width=\"640\" height=\"224\" data-pin-no-hover=\"true\" \/><\/p>\n<p class=\"wp-block-heading\"><strong>Nuk ka dat\u00eb p\u00ebr rikthimin e IPARD<\/strong><\/p>\n<p>Ministria e Bujq\u00ebsis\u00eb dhe Zhvillimit Rural<a href=\"https:\/\/faktoje.al\/wp-content\/uploads\/2025\/08\/Kerkese-per-informacion-IPARD_21.07.2025.docx\" target=\"_blank\" rel=\"noopener\">\u00a0deklaron<\/a>\u00a0p\u00ebr Faktoje.al se \u201c\u00ebsht\u00eb e angazhuar maksimalisht dhe po zbaton nj\u00eb plan veprimi me masa konkrete, dakord\u00ebsuar me strukturat e Komisionit Evropian.\u201d<\/p>\n<p>Auditimi i jasht\u00ebm, q\u00eb sipas\u00a0<a href=\"https:\/\/faktoje.al\/wp-content\/uploads\/2025\/08\/Kerkese-per-informacion-IPARD_21.07.2025.docx\" target=\"_blank\" rel=\"noopener\">ministris\u00eb<\/a> \u201c\u00ebsht\u00eb n\u00eb faz\u00eb zbatim dhe rezultatet e tij priten brenda k\u00ebtij viti\u201d, \u00ebsht\u00eb nj\u00eb nga hapat kryesor\u00eb p\u00ebr rifillimin e fondeve.<img loading=\"lazy\" decoding=\"async\" src=\"https:\/\/ads.adsense.al\/www\/delivery\/lg.php?bannerid=0&amp;campaignid=0&amp;zoneid=138&amp;loc=https%3A%2F%2Fboldnews.al%2F2025%2F08%2F12%2Fprej-2-vitesh-te-bllokuara-per-shkak-te-korrupsionit-ngecin-hetimet-per-fondet-ipard%2F&amp;referer=https%3A%2F%2Fboldnews.al%2Fcategory%2Faktualitet%2F&amp;cb=6b08c05579\" alt=\"\" width=\"0\" height=\"0\" \/><\/p>\n<p>Pas p\u00ebrfundimit t\u00eb tij, ministria thekson se do t\u00eb kryhen \u201cprocedurat n\u00eb zbatim t\u00eb Marr\u00ebveshjes Financiare Kuad\u00ebr t\u00eb Partneritetit dhe Marr\u00ebveshjes Sektoriale\u201d, t\u00eb cilat jan\u00eb vendimtare p\u00ebr finalizimin e Marr\u00ebveshjes s\u00eb Financimit p\u00ebr Programin IPARD III dhe hapjen e thirrjeve p\u00ebr aplikime.<\/p>\n<p>Por pavar\u00ebsisht p\u00ebrpjekjeve, ende nuk ekziston nj\u00eb\u00a0dat\u00eb\u00a0konkrete p\u00ebr rikthimin e fondeve\u00a0IPARD. Ministria shton se \u201cn\u00eb p\u00ebrfundim t\u00eb auditimit dhe p\u00ebrmbushjes s\u00eb rekomandimeve t\u00eb dh\u00ebna, do t\u00eb finalizohet Marr\u00ebveshja e Financimit dhe m\u00eb pas do t\u00eb hapen thirrjet p\u00ebr aplikime.\u201d<\/p>\n<p>Megjithat\u00eb, p\u00ebr fermer\u00ebt dhe gjith\u00eb sektorin e bujq\u00ebsis\u00eb, k\u00ebto jan\u00eb vet\u00ebm hapa n\u00eb nj\u00eb proces q\u00eb po zvarritet prej koh\u00ebsh. Ata k\u00ebrkojn\u00eb nj\u00eb dat\u00eb t\u00eb sakt\u00eb p\u00ebr rifillimin e financimeve q\u00eb do t\u2019i japin frym\u00ebmarrje bujq\u00ebsis\u00eb shqiptare.<\/p>\n<p>Programi i mb\u00ebshtetjes n\u00eb bujq\u00ebsi\u00a0<a href=\"https:\/\/agriculture.ec.europa.eu\/international\/international-cooperation\/enlargement\/pre-accession-assistance\/overview_en\" target=\"_blank\" rel=\"noopener\">IPARD<\/a>\u00a0ofron grante n\u00eb ndihm\u00eb t\u00eb sektorit bujq\u00ebsor p\u00ebr t\u00eb gjitha vendet q\u00eb jan\u00eb n\u00eb proces an\u00ebtar\u00ebsimi me Bashkimin Evropian. Shqip\u00ebria \u00ebsht\u00eb nj\u00eb prej pes\u00eb vendeve p\u00ebrfituese t\u00eb mb\u00ebshtetjes me grante. P\u00ebrmes programit IPARD II, i cili u zbatua gjat\u00eb viteve 2014 dhe 2020, Shqip\u00ebria p\u00ebrfitoi mbi 71 milion\u00eb euro fonde. Dhe teksa vendi priste t\u00eb niste mb\u00ebshtetjen n\u00eb bujq\u00ebsi p\u00ebrmes IPARD III me 146 milion\u00eb euro grante, Komisioni Evropian vendosi pezullimin bazuar n\u00eb dyshimet p\u00ebr korrupsion.<\/p>\n<p><strong>\/ Esmeralda Topi \/\u00a0<a href=\"https:\/\/faktoje.al\/ngecin-hetimet-per-fondet-ipard\/\" target=\"_blank\" rel=\"noopener\">Faktoje.al<\/a><\/strong><\/p>\n","protected":false},"excerpt":{"rendered":"<p>Prej dy vitesh, fondet IPARD p\u00ebr bujq\u00ebsin\u00eb shqiptare jan\u00eb t\u00eb bllokuara p\u00ebr shkak t\u00eb dyshimeve p\u00ebr korrupsion, por hetimet e SPAK-ut nuk kan\u00eb sjell\u00eb ende rezultate konkrete. Brukseli k\u00ebmb\u00ebngul q\u00eb autoritetet shqiptare ta trajtojn\u00eb k\u00ebt\u00eb \u00e7\u00ebshtje me seriozitet, duke theksuar se parat\u00eb europiane duhet t\u00eb mbrohen si\u00e7 duhet. Ministria e Bujq\u00ebsis\u00eb deklaron se po punon &hellip;<\/p>\n","protected":false},"author":4,"featured_media":92646,"comment_status":"closed","ping_status":"closed","sticky":false,"template":"","format":"standard","meta":{"footnotes":""},"categories":[37],"tags":[],"class_list":["post-120731","post","type-post","status-publish","format-standard","has-post-thumbnail","","category-politike"],"_links":{"self":[{"href":"https:\/\/rdnews.al\/index.php\/wp-json\/wp\/v2\/posts\/120731","targetHints":{"allow":["GET"]}}],"collection":[{"href":"https:\/\/rdnews.al\/index.php\/wp-json\/wp\/v2\/posts"}],"about":[{"href":"https:\/\/rdnews.al\/index.php\/wp-json\/wp\/v2\/types\/post"}],"author":[{"embeddable":true,"href":"https:\/\/rdnews.al\/index.php\/wp-json\/wp\/v2\/users\/4"}],"replies":[{"embeddable":true,"href":"https:\/\/rdnews.al\/index.php\/wp-json\/wp\/v2\/comments?post=120731"}],"version-history":[{"count":3,"href":"https:\/\/rdnews.al\/index.php\/wp-json\/wp\/v2\/posts\/120731\/revisions"}],"predecessor-version":[{"id":120734,"href":"https:\/\/rdnews.al\/index.php\/wp-json\/wp\/v2\/posts\/120731\/revisions\/120734"}],"wp:featuredmedia":[{"embeddable":true,"href":"https:\/\/rdnews.al\/index.php\/wp-json\/wp\/v2\/media\/92646"}],"wp:attachment":[{"href":"https:\/\/rdnews.al\/index.php\/wp-json\/wp\/v2\/media?parent=120731"}],"wp:term":[{"taxonomy":"category","embeddable":true,"href":"https:\/\/rdnews.al\/index.php\/wp-json\/wp\/v2\/categories?post=120731"},{"taxonomy":"post_tag","embeddable":true,"href":"https:\/\/rdnews.al\/index.php\/wp-json\/wp\/v2\/tags?post=120731"}],"curies":[{"name":"wp","href":"https:\/\/api.w.org\/{rel}","templated":true}]}}