{"id":120737,"date":"2025-08-12T17:52:30","date_gmt":"2025-08-12T17:52:30","guid":{"rendered":"https:\/\/rdnews.al\/?p=120737"},"modified":"2025-08-12T17:53:06","modified_gmt":"2025-08-12T17:53:06","slug":"berisha-shqiperia-ne-zjarre-ne-te-kater-anet-e-saj-fatkeqesisht-ka-edhe-humbje-jete","status":"publish","type":"post","link":"https:\/\/rdnews.al\/index.php\/2025\/08\/12\/berisha-shqiperia-ne-zjarre-ne-te-kater-anet-e-saj-fatkeqesisht-ka-edhe-humbje-jete\/","title":{"rendered":"Berisha: Shqip\u00ebria n\u00eb zjarr n\u00eb t\u00eb kat\u00ebr an\u00ebt, fatkeq\u00ebsisht ka edhe humbje jete!"},"content":{"rendered":"<p>Kryetari i PD, Sali Berisha ka reaguar n\u00eb lidhje me situat\u00ebn e r\u00ebnd\u00eb t\u00eb zjarreve q\u00eb kan\u00eb p\u00ebrfshir\u00eb vendin.<\/p>\n<p>N\u00eb nj\u00eb sh\u00ebnim n\u00eb faqen e tij n\u00eb Facebook, Berisha shkruan se, Shqip\u00ebria \u00ebsht\u00eb n\u00eb flak\u00eb n\u00eb t\u00eb kat\u00ebr an\u00ebt e saj, ku fatkeq\u00ebsisht ka pasur dhe humbje jete.<\/p>\n<p><strong>Postimi<\/strong><\/p>\n<p>Shqip\u00ebria n\u00eb zjarre n\u00eb t\u00eb kat\u00ebrta an\u00ebt e saj!<\/p>\n<p>Miq nga Saranda n\u00eb Tropoj\u00eb mbi 60 vatra zjarresh dhe flak\u00ebsh t\u00eb fuqishme q\u00eb po djegin qindra e mij\u00ebra hektar kullota, pyje, ullishte, pem\u00ebtore, por dhe kan\u00eb rrethuar fshatra dhe lagje t\u00eb banuara, kan\u00eb marr\u00eb jet\u00eb dhe kan\u00eb plagosur me djegie t\u00eb shkall\u00ebve t\u00eb ndryshme dhjet\u00ebra qytetar\u00eb.<\/p>\n","protected":false},"excerpt":{"rendered":"<p>Kryetari i PD, Sali Berisha ka reaguar n\u00eb lidhje me situat\u00ebn e r\u00ebnd\u00eb t\u00eb zjarreve q\u00eb kan\u00eb p\u00ebrfshir\u00eb vendin. N\u00eb nj\u00eb sh\u00ebnim n\u00eb faqen e tij n\u00eb Facebook, Berisha shkruan se, Shqip\u00ebria \u00ebsht\u00eb n\u00eb flak\u00eb n\u00eb t\u00eb kat\u00ebr an\u00ebt e saj, ku fatkeq\u00ebsisht ka pasur dhe humbje jete. Postimi Shqip\u00ebria n\u00eb zjarre n\u00eb t\u00eb kat\u00ebrta &hellip;<\/p>\n","protected":false},"author":4,"featured_media":119786,"comment_status":"closed","ping_status":"closed","sticky":false,"template":"","format":"standard","meta":{"footnotes":""},"categories":[37],"tags":[],"class_list":["post-120737","post","type-post","status-publish","format-standard","has-post-thumbnail","","category-politike"],"_links":{"self":[{"href":"https:\/\/rdnews.al\/index.php\/wp-json\/wp\/v2\/posts\/120737","targetHints":{"allow":["GET"]}}],"collection":[{"href":"https:\/\/rdnews.al\/index.php\/wp-json\/wp\/v2\/posts"}],"about":[{"href":"https:\/\/rdnews.al\/index.php\/wp-json\/wp\/v2\/types\/post"}],"author":[{"embeddable":true,"href":"https:\/\/rdnews.al\/index.php\/wp-json\/wp\/v2\/users\/4"}],"replies":[{"embeddable":true,"href":"https:\/\/rdnews.al\/index.php\/wp-json\/wp\/v2\/comments?post=120737"}],"version-history":[{"count":3,"href":"https:\/\/rdnews.al\/index.php\/wp-json\/wp\/v2\/posts\/120737\/revisions"}],"predecessor-version":[{"id":120740,"href":"https:\/\/rdnews.al\/index.php\/wp-json\/wp\/v2\/posts\/120737\/revisions\/120740"}],"wp:featuredmedia":[{"embeddable":true,"href":"https:\/\/rdnews.al\/index.php\/wp-json\/wp\/v2\/media\/119786"}],"wp:attachment":[{"href":"https:\/\/rdnews.al\/index.php\/wp-json\/wp\/v2\/media?parent=120737"}],"wp:term":[{"taxonomy":"category","embeddable":true,"href":"https:\/\/rdnews.al\/index.php\/wp-json\/wp\/v2\/categories?post=120737"},{"taxonomy":"post_tag","embeddable":true,"href":"https:\/\/rdnews.al\/index.php\/wp-json\/wp\/v2\/tags?post=120737"}],"curies":[{"name":"wp","href":"https:\/\/api.w.org\/{rel}","templated":true}]}}