{"id":120755,"date":"2025-08-13T08:10:36","date_gmt":"2025-08-13T08:10:36","guid":{"rendered":"https:\/\/rdnews.al\/?p=120755"},"modified":"2025-08-13T08:10:36","modified_gmt":"2025-08-13T08:10:36","slug":"zjarri-armiku-i-te-gjitheve","status":"publish","type":"post","link":"https:\/\/rdnews.al\/index.php\/2025\/08\/13\/zjarri-armiku-i-te-gjitheve\/","title":{"rendered":"Zjarri, armiku i t\u00eb gjith\u00ebve!"},"content":{"rendered":"<p><strong>Nga Bujar LESKAJ<\/strong><\/p>\n<div class=\"xdj266r x14z9mp xat24cr x1lziwak x1vvkbs x126k92a\">\n<div dir=\"auto\">Shqip\u00ebria po p\u00ebrjeton nj\u00eb nga verat m\u00eb t\u00eb r\u00ebnda t\u00eb viteve t\u00eb fundit, p\u00ebr shkak t\u00eb shp\u00ebrthimit t\u00eb paprecedent\u00eb t\u00eb vatrave t\u00eb zjarrit n\u00eb t\u00eb gjith\u00eb territorin e saj. Aktualisht jan\u00eb regjistruar mbi 60 vatra zjarri aktive, t\u00eb shp\u00ebrndara nga jugu n\u00eb veri, t\u00eb cilat po shkaktojn\u00eb d\u00ebme t\u00eb pallogaritshme n\u00eb mjedis, ekonomi dhe mbi t\u00eb gjitha, n\u00eb jet\u00ebn e qytetar\u00ebve.<\/div>\n<div dir=\"auto\">Situata \u00ebsht\u00eb tejet e r\u00ebnd\u00eb n\u00eb jug t\u00eb vendit, ku disa prej vatrave m\u00eb agresive kan\u00eb p\u00ebrfshir\u00eb zona t\u00eb banuara dhe kan\u00eb shkat\u00ebrruar qindra hektar\u00eb pyje, kullota, ullishte, pem\u00ebtore e pasuri t\u00eb tjera natyrore. Nga Delvina n\u00eb Tropoj\u00eb, zjarret kan\u00eb shp\u00ebrthyer me intensitet t\u00eb lart\u00eb, duke e b\u00ebr\u00eb t\u00eb v\u00ebshtir\u00eb kontrollin e tyre nga toka. Nd\u00ebrkoh\u00eb, mungesa e nd\u00ebrhyrjes ajrore n\u00eb disa prej zonave m\u00eb t\u00eb prekura, si Delvina, ka r\u00ebnduar ndjesh\u00ebm gjendjen e emergjenc\u00ebs.<\/div>\n<div dir=\"auto\">Qarku Vlor\u00ebs n\u00ebn Alert:<\/div>\n<div dir=\"auto\">Flak\u00ebt n\u00eb Delvin\u00eb po p\u00ebrhapen me shpejt\u00ebsi dhe kan\u00eb rrethuar disa lagje, p\u00ebrfshir\u00eb Llaken dhe Xhemerhalles, ku banor\u00ebt po p\u00ebrballen me frik\u00ebn p\u00ebr jet\u00ebn e tyre dhe humbjen e banesave. Pavar\u00ebsisht p\u00ebrmasave dramatike t\u00eb zjarrit, asnj\u00eb nd\u00ebrhyrje ajrore nuk \u00ebsht\u00eb b\u00ebr\u00eb gjat\u00eb dit\u00ebs, duke e l\u00ebn\u00eb komunitetin t\u00eb ndjehet i braktisur n\u00eb nj\u00eb situat\u00eb kaotike dhe k\u00ebrc\u00ebnuese.<\/div>\n<div dir=\"auto\">N\u00eb k\u00ebto kushte, nuk mund t\u00eb q\u00ebndrojm\u00eb indiferent\u00eb. Ky \u00ebsht\u00eb nj\u00eb moment ku solidariteti nuk \u00ebsht\u00eb thjesht nj\u00eb akt humanitar \u00ebsht\u00eb nj\u00eb detyr\u00eb qytetare dhe morale.<\/div>\n<div dir=\"auto\">\u00cbsht\u00eb koha p\u00ebr veprim t\u00eb p\u00ebrbashk\u00ebt, p\u00ebr bashk\u00ebpunim institucional dhe p\u00ebr mobilizimin e \u00e7do force t\u00eb mundshme \u2013 civile, ushtarake, shtet\u00ebrore dhe vullnetare. Qytetar\u00ebt n\u00eb zonat e prekura kan\u00eb nevoj\u00eb p\u00ebr ndihm\u00eb t\u00eb menj\u00ebhershme: p\u00ebr evakuim t\u00eb sigurt, strehim t\u00eb p\u00ebrkohsh\u00ebm, ndihm\u00eb mjek\u00ebsore dhe ushqimore, por mbi t\u00eb gjitha p\u00ebr sigurin\u00eb e jet\u00ebs s\u00eb tyre.<\/div>\n<div dir=\"auto\">Apelojm\u00eb p\u00ebr:<\/div>\n<div dir=\"auto\">* Nd\u00ebrhyrje ajrore urgjente, n\u00eb bashk\u00ebpunim me vendet fqinje dhe organizatat nd\u00ebrkomb\u00ebtare.<\/div>\n<div dir=\"auto\">* P\u00ebrforcimin e strukturave t\u00eb mbrojtjes civile, n\u00eb m\u00ebnyr\u00eb q\u00eb nd\u00ebrhyrjet nga toka t\u00eb jen\u00eb m\u00eb t\u00eb efektshme.<\/div>\n<div dir=\"auto\">* Intensifikimin e mobilizimit te ushtris\u00eb dhe t\u00eb forcave zjarrfik\u00ebse n\u00eb shkall\u00eb komb\u00ebtare, p\u00ebr t\u00eb ndihmuar n\u00eb menaxhimin e zjarreve n\u00eb terren.<\/div>\n<div dir=\"auto\">* Mb\u00ebshtetje p\u00ebr banor\u00ebt e evakuuar, p\u00ebrmes strehimit t\u00eb p\u00ebrkohsh\u00ebm dhe ndihm\u00ebs s\u00eb koordinuar me organizatat humanitare.<\/div>\n<div dir=\"auto\">* Informim transparent dhe t\u00eb p\u00ebrdit\u00ebsuar nga autoritetet, p\u00ebr t\u00eb shmangur panikun dhe p\u00ebr t\u00eb udh\u00ebzuar qytetar\u00ebt mbi masat q\u00eb duhet t\u00eb nd\u00ebrmarrin.<\/div>\n<div dir=\"auto\">N\u00eb nj\u00eb situat\u00eb ku rrezikohen jet\u00eb njer\u00ebzish, sht\u00ebpi, pasuri dhe natyra e vendit ton\u00eb, solidariteti nuk duhet t\u00eb mbetet vet\u00ebm n\u00eb deklarata. Duhet t\u00eb jet\u00eb i duksh\u00ebm n\u00eb veprime konkrete, n\u00eb ndihm\u00ebn q\u00eb i jepet nj\u00ebri-tjetrit, n\u00eb mb\u00ebshtetjen q\u00eb ofrojn\u00eb strukturat shtet\u00ebrore dhe n\u00eb p\u00ebrgjegj\u00ebsin\u00eb q\u00eb duhet t\u00eb tregoj\u00eb secili institucion.<\/div>\n<div dir=\"auto\">Banor\u00ebt e Delvin\u00ebs, Gramshit, Poli\u00e7anit dhe zonave t\u00eb tjera t\u00eb prekura nuk jan\u00eb vet\u00ebm. Ata kan\u00eb nevoj\u00eb p\u00ebr ndihm\u00ebn ton\u00eb, p\u00ebr z\u00ebrin ton\u00eb, p\u00ebr presionin ton\u00eb ndaj autoriteteve q\u00eb t\u00eb veprojn\u00eb me urgjenc\u00eb. \u00c7do vones\u00eb mund t\u00eb kushtoj\u00eb jet\u00eb.<\/div>\n<div dir=\"auto\">Kjo nuk \u00ebsht\u00eb nj\u00eb kriz\u00eb lokale. \u00cbsht\u00eb nj\u00eb emergjenc\u00eb komb\u00ebtare q\u00eb k\u00ebrkon reagim komb\u00ebtar. T\u00eb gjith\u00eb, pa dallim, kemi nj\u00eb rol p\u00ebr t\u00eb luajtur \u2013 nga qytetar\u00ebt e thjesht\u00eb deri te nivelet m\u00eb t\u00eb larta t\u00eb qeverisjes. Bashk\u00ebpunimi nd\u00ebrinstitucional, koordinimi mes bashkive, p\u00ebrfshirja e shoq\u00ebris\u00eb civile dhe ndihma nga partner\u00ebt nd\u00ebrkomb\u00ebtar\u00eb duhet t\u00eb b\u00ebhen menj\u00ebher\u00eb funksionale.<\/div>\n<div dir=\"auto\">Nuk ka koh\u00eb p\u00ebr pritje. Shqip\u00ebria \u00ebsht\u00eb n\u00eb flak\u00eb. T\u00eb mos lejojm\u00eb q\u00eb k\u00ebto flak\u00eb t\u00eb shkat\u00ebrrojn\u00eb jo vet\u00ebm natyr\u00ebn dhe ekonomin\u00eb, por edhe shpres\u00ebn e njer\u00ebzve q\u00eb presin ndihm\u00eb.<\/div>\n<div dir=\"auto\">Le t\u00eb jemi nj\u00eb z\u00eb, nj\u00eb forc\u00eb, nj\u00eb popull, n\u00eb mbrojtje t\u00eb jet\u00ebs dhe atdheut ton\u00eb.<\/div>\n<div dir=\"auto\">Mir\u00ebnjohje p\u00ebr t\u00eb gjitha forcat q\u00eb jan\u00eb n\u00eb p\u00ebrballje me zjarrin, forcat e rendit, forcat zjarr\u00ebfik\u00ebse, emergjencat civile, forcat e ushtris\u00eb dhe banor\u00ebt e k\u00ebtyre zonave, t\u00eb cil\u00ebt po sakrifikojn\u00eb gjithcka.<\/div>\n<\/div>\n<div class=\"x14z9mp xat24cr x1lziwak x1vvkbs xtlvy1s x126k92a\">\n<div dir=\"auto\"><strong>*Qarku Vlor\u00eb*<\/strong><\/div>\n<\/div>\n<div class=\"x14z9mp xat24cr x1lziwak x1vvkbs xtlvy1s x126k92a\">\n<div dir=\"auto\">Bashkia Delvin\u00eb \u2013 Zjarri i nisur n\u00eb Finiq ka kaluar n\u00eb territorin e Delvin\u00ebs, duke rrezikuar edhe qytetin, pas fshatrave Pec\u00eb, Kran\u00eb, Krongj, Kardhikaq dhe Sirakat. Po vijon evakuimi i banor\u00ebve n\u00eb zonat e rrezikuara. N\u00eb terren kan\u00eb operuar helikopteri i FA-s\u00eb, 2 avion\u00eb grek\u00eb PZL, 1 helikopter \u00e7ek dhe 1 sllovak. Bashkia Delvin\u00eb po hap breza mbrojt\u00ebs me skrepa, nd\u00ebrsa k\u00ebrkohet mb\u00ebshtetje shtes\u00eb nga ajri p\u00ebr shkak t\u00eb riskut t\u00eb lart\u00eb.<\/div>\n<\/div>\n<div class=\"x14z9mp xat24cr x1lziwak x1vvkbs xtlvy1s x126k92a\">\n<div dir=\"auto\">Fshati Sevaster, Nj. A. Sevaster \u2013 N\u00eb terren ndodhet mjeti zjarrfik\u00ebs i Selenic\u00ebs me efektiv\u00ebt e tij. Flak\u00ebt, t\u00eb favorizuara nga era dhe terreni, po rrezikojn\u00eb disa banesa. Ka nisur evakuimi i banor\u00ebve.<\/div>\n<\/div>\n<div class=\"x14z9mp xat24cr x1lziwak x1vvkbs xtlvy1s x126k92a\">\n<div dir=\"auto\">Fshati Mesaplik, Nj. A. Brataj \u2013 Zjarri ka marr\u00eb p\u00ebrmasa t\u00eb m\u00ebdha, duke rrezikuar banesa. Forcat zjarrfik\u00ebse t\u00eb Vlor\u00ebs po nd\u00ebrhyjn\u00eb me mjete dhe efektiv\u00eb, nd\u00ebrkoh\u00eb q\u00eb po vijon evakuimi i banor\u00ebve.<\/div>\n<div dir=\"auto\">Bashkia Dropull \u2013 Zjarri i ardhur nga Finiqi \u00ebsht\u00eb shtrir\u00eb nga lart\u00ebsit\u00eb mbi fshatin Goric deri n\u00eb fshatin Dhuvjan (ish-reparti ushtarak i Leftokares\u00eb). 20 forca t\u00eb bashkis\u00eb Dropull po e mbajn\u00eb n\u00ebn monitorim. Nuk ka rrezik p\u00ebr banesat.<\/div>\n<\/div>\n<div class=\"x14z9mp xat24cr x1lziwak x1vvkbs xtlvy1s x126k92a\">\n<div dir=\"auto\">Parku i \u201cR\u00ebzom\u201d \u2013 Maja e \u201cLuc\u00ebs\u201d \u2013 Vatra n\u00eb sip\u00ebrfaqe me shkurre e pyll vazhdon aktive. Terreni i thyer nuk lejon nd\u00ebrhyrje me mjete, por AdZM do t\u00eb kryej\u00eb nd\u00ebrhyrje n\u00eb or\u00ebt e para t\u00eb m\u00ebngjesit.<\/div>\n<div dir=\"auto\">Lagjja \u201c15 Tetori\u201d, Vlora \u2013 Vat\u00ebr aktive n\u00eb kodr\u00ebn pas bashkis\u00eb. N\u00eb terren ndodhet 1 mjet zjarrfik\u00ebs me 3 efektiv\u00eb.<\/div>\n<\/div>\n<div class=\"x14z9mp xat24cr x1lziwak x1vvkbs xtlvy1s x126k92a\">\n<div dir=\"auto\">Rrethrrotullimi i Orikumit \u2013 Vat\u00ebr aktive, ku po nd\u00ebrhyhet me 1 mjet zjarrfik\u00ebs dhe 3 efektiv\u00eb.<\/div>\n<\/div>\n","protected":false},"excerpt":{"rendered":"<p>Nga Bujar LESKAJ Shqip\u00ebria po p\u00ebrjeton nj\u00eb nga verat m\u00eb t\u00eb r\u00ebnda t\u00eb viteve t\u00eb fundit, p\u00ebr shkak t\u00eb shp\u00ebrthimit t\u00eb paprecedent\u00eb t\u00eb vatrave t\u00eb zjarrit n\u00eb t\u00eb gjith\u00eb territorin e saj. Aktualisht jan\u00eb regjistruar mbi 60 vatra zjarri aktive, t\u00eb shp\u00ebrndara nga jugu n\u00eb veri, t\u00eb cilat po shkaktojn\u00eb d\u00ebme t\u00eb pallogaritshme n\u00eb mjedis, &hellip;<\/p>\n","protected":false},"author":4,"featured_media":120023,"comment_status":"closed","ping_status":"closed","sticky":false,"template":"","format":"standard","meta":{"footnotes":""},"categories":[37],"tags":[],"class_list":["post-120755","post","type-post","status-publish","format-standard","has-post-thumbnail","","category-politike"],"_links":{"self":[{"href":"https:\/\/rdnews.al\/index.php\/wp-json\/wp\/v2\/posts\/120755","targetHints":{"allow":["GET"]}}],"collection":[{"href":"https:\/\/rdnews.al\/index.php\/wp-json\/wp\/v2\/posts"}],"about":[{"href":"https:\/\/rdnews.al\/index.php\/wp-json\/wp\/v2\/types\/post"}],"author":[{"embeddable":true,"href":"https:\/\/rdnews.al\/index.php\/wp-json\/wp\/v2\/users\/4"}],"replies":[{"embeddable":true,"href":"https:\/\/rdnews.al\/index.php\/wp-json\/wp\/v2\/comments?post=120755"}],"version-history":[{"count":1,"href":"https:\/\/rdnews.al\/index.php\/wp-json\/wp\/v2\/posts\/120755\/revisions"}],"predecessor-version":[{"id":120756,"href":"https:\/\/rdnews.al\/index.php\/wp-json\/wp\/v2\/posts\/120755\/revisions\/120756"}],"wp:featuredmedia":[{"embeddable":true,"href":"https:\/\/rdnews.al\/index.php\/wp-json\/wp\/v2\/media\/120023"}],"wp:attachment":[{"href":"https:\/\/rdnews.al\/index.php\/wp-json\/wp\/v2\/media?parent=120755"}],"wp:term":[{"taxonomy":"category","embeddable":true,"href":"https:\/\/rdnews.al\/index.php\/wp-json\/wp\/v2\/categories?post=120755"},{"taxonomy":"post_tag","embeddable":true,"href":"https:\/\/rdnews.al\/index.php\/wp-json\/wp\/v2\/tags?post=120755"}],"curies":[{"name":"wp","href":"https:\/\/api.w.org\/{rel}","templated":true}]}}