{"id":120777,"date":"2025-08-13T09:30:53","date_gmt":"2025-08-13T09:30:53","guid":{"rendered":"https:\/\/rdnews.al\/?p=120777"},"modified":"2025-08-13T10:32:45","modified_gmt":"2025-08-13T10:32:45","slug":"pamje-dramatike-vater-e-re-zjarri-ne-delvine-flaket-perhapen-me-shpejtesi-per-shkak-te-eres","status":"publish","type":"post","link":"https:\/\/rdnews.al\/index.php\/2025\/08\/13\/pamje-dramatike-vater-e-re-zjarri-ne-delvine-flaket-perhapen-me-shpejtesi-per-shkak-te-eres\/","title":{"rendered":"Situat\u00eb dramatike n\u00eb Delvin\u00eb! Vat\u00ebr e re zjarri, flak\u00ebt p\u00ebrhapen me shpejt\u00ebsi&#8230;"},"content":{"rendered":"<p>Pas zjarrit t\u00eb madh q\u00eb p\u00ebrfshiu Delvin\u00ebn gjat\u00eb nat\u00ebs, nj\u00eb vat\u00ebr e re zjarri \u00ebsht\u00eb ndezur paraditen e k\u00ebsaj t\u00eb m\u00ebrkure.<\/p>\n<p>Flak\u00ebt po djegin bim\u00ebsi n\u00eb nj\u00eb kod\u00ebr shum\u00eb pran\u00eb zonave t\u00eb banuara dhe po p\u00ebrhapen me shpejt\u00ebsi p\u00ebr shkak t\u00eb er\u00ebs s\u00eb fort\u00eb q\u00eb po fryn n\u00eb k\u00ebt\u00eb momente.<\/p>\n<p>Sh\u00ebrbimet zjarrfik\u00ebse po p\u00ebrballen me pajisje dhe nj\u00eb flot\u00eb automjetesh tejet t\u00eb vjetruara, duke nxjerr\u00eb n\u00eb pah nj\u00eb problem t\u00eb gjer\u00eb t\u00eb munges\u00ebs s\u00eb investimeve n\u00eb infrastruktur\u00ebn e emergjencave civile.<\/p>\n<div class=\"jeg_ad jeg_ad_article jnews_content_inline_2_ads \">\n<div class=\"ads-wrapper align-center \">\n<div class=\"ads_code\">\n<div class=\"wp-video\">\n<div id=\"mep_0\" class=\"mejs-container mejs-container-keyboard-inactive wp-video-shortcode mejs-video\" tabindex=\"0\" role=\"application\" aria-label=\"Video Player\">\n<div class=\"mejs-inner\">\n<div class=\"mejs-controls\"><\/div>\n<\/div>\n<\/div>\n<\/div>\n<div class=\"wp-video\">\n<div id=\"mep_1\" class=\"mejs-container mejs-container-keyboard-inactive wp-video-shortcode mejs-video\" tabindex=\"0\" role=\"application\" aria-label=\"Video Player\">\n<div class=\"mejs-inner\">\n<div class=\"mejs-layers\">\n<div class=\"mejs-overlay mejs-layer mejs-overlay-play\"><\/div>\n<\/div>\n<\/div>\n<\/div>\n<\/div>\n<\/div>\n<\/div>\n<\/div>\n","protected":false},"excerpt":{"rendered":"<p>Pas zjarrit t\u00eb madh q\u00eb p\u00ebrfshiu Delvin\u00ebn gjat\u00eb nat\u00ebs, nj\u00eb vat\u00ebr e re zjarri \u00ebsht\u00eb ndezur paraditen e k\u00ebsaj t\u00eb m\u00ebrkure. Flak\u00ebt po djegin bim\u00ebsi n\u00eb nj\u00eb kod\u00ebr shum\u00eb pran\u00eb zonave t\u00eb banuara dhe po p\u00ebrhapen me shpejt\u00ebsi p\u00ebr shkak t\u00eb er\u00ebs s\u00eb fort\u00eb q\u00eb po fryn n\u00eb k\u00ebt\u00eb momente. Sh\u00ebrbimet zjarrfik\u00ebse po p\u00ebrballen me &hellip;<\/p>\n","protected":false},"author":4,"featured_media":120778,"comment_status":"closed","ping_status":"closed","sticky":false,"template":"","format":"standard","meta":{"footnotes":""},"categories":[37],"tags":[],"class_list":["post-120777","post","type-post","status-publish","format-standard","has-post-thumbnail","","category-politike"],"_links":{"self":[{"href":"https:\/\/rdnews.al\/index.php\/wp-json\/wp\/v2\/posts\/120777","targetHints":{"allow":["GET"]}}],"collection":[{"href":"https:\/\/rdnews.al\/index.php\/wp-json\/wp\/v2\/posts"}],"about":[{"href":"https:\/\/rdnews.al\/index.php\/wp-json\/wp\/v2\/types\/post"}],"author":[{"embeddable":true,"href":"https:\/\/rdnews.al\/index.php\/wp-json\/wp\/v2\/users\/4"}],"replies":[{"embeddable":true,"href":"https:\/\/rdnews.al\/index.php\/wp-json\/wp\/v2\/comments?post=120777"}],"version-history":[{"count":7,"href":"https:\/\/rdnews.al\/index.php\/wp-json\/wp\/v2\/posts\/120777\/revisions"}],"predecessor-version":[{"id":120802,"href":"https:\/\/rdnews.al\/index.php\/wp-json\/wp\/v2\/posts\/120777\/revisions\/120802"}],"wp:featuredmedia":[{"embeddable":true,"href":"https:\/\/rdnews.al\/index.php\/wp-json\/wp\/v2\/media\/120778"}],"wp:attachment":[{"href":"https:\/\/rdnews.al\/index.php\/wp-json\/wp\/v2\/media?parent=120777"}],"wp:term":[{"taxonomy":"category","embeddable":true,"href":"https:\/\/rdnews.al\/index.php\/wp-json\/wp\/v2\/categories?post=120777"},{"taxonomy":"post_tag","embeddable":true,"href":"https:\/\/rdnews.al\/index.php\/wp-json\/wp\/v2\/tags?post=120777"}],"curies":[{"name":"wp","href":"https:\/\/api.w.org\/{rel}","templated":true}]}}