{"id":120835,"date":"2025-08-13T12:12:23","date_gmt":"2025-08-13T12:12:23","guid":{"rendered":"https:\/\/rdnews.al\/?p=120835"},"modified":"2025-08-13T12:22:07","modified_gmt":"2025-08-13T12:22:07","slug":"situata-e-rende-e-zjarreve-berisha-pergjegjes-kryesor-i-kesaj-katastrofe-eshte-edi-rama-dhe-vjedhjet-e-tij","status":"publish","type":"post","link":"https:\/\/rdnews.al\/index.php\/2025\/08\/13\/situata-e-rende-e-zjarreve-berisha-pergjegjes-kryesor-i-kesaj-katastrofe-eshte-edi-rama-dhe-vjedhjet-e-tij\/","title":{"rendered":"Berisha: P\u00ebrgjegj\u00ebsi kryesor i k\u00ebsaj katastrofe \u00ebsht\u00eb Rama dhe vjedhjet e tij!"},"content":{"rendered":"<p>Kryetari i PD, Sali Berisha, komentoi situat\u00ebn e r\u00ebnd\u00eb t\u00eb zjarreve q\u00eb ka p\u00ebrfshir\u00eb Shqip\u00ebrin\u00eb, duke e quajtur p\u00ebrgjegj\u00ebs kryesor p\u00ebr k\u00ebt\u00eb katastrof\u00eb natyrore Kryeministrin Edi Rama dhe vjedhjet e tij.<\/p>\n<p>N\u00eb nj\u00eb deklarat\u00eb p\u00ebr mediat, Berisha theksoi se qeveria aktuale \u00ebsht\u00eb nj\u00eb &#8220;narkoqeveri&#8221;, duke e akuzuar se nuk ka treguar asnj\u00eb preokupim p\u00ebr situat\u00ebn emergjente t\u00eb zjarreve q\u00eb jan\u00eb p\u00ebrhapur n\u00eb t\u00eb gjith\u00eb vendin.<\/p>\n<p>\u201cQeveria \u00ebsht\u00eb narkoqeveri. K\u00ebshilli i Siguris\u00eb Komb\u00ebtare \u00ebsht\u00eb narko, nuk ka preokupim qeveria p\u00ebr k\u00ebto q\u00eb ndodhi.<\/p>\n<p>Edi Rama kalon nga k\u00ebrc\u00ebnim n\u00eb nj\u00eb tjet\u00ebr dhe un\u00eb absolutisht d\u00ebnoj me forc\u00ebn m\u00eb t\u00eb madhe, si nj\u00eb kriminel t\u00eb sh\u00ebmtuar at\u00eb q\u00eb v\u00eb me q\u00ebllim zjarrin.<\/p>\n<p>Por edhe zjarrv\u00ebnia pa q\u00ebllim, k\u00ebrkon q\u00eb \u00e7do qytetar, n\u00eb \u00e7do akt dhe n\u00eb \u00e7do hap t\u00eb ket\u00eb parasysh q\u00eb t\u00eb mos krijoj\u00eb, sepse \u00ebsht\u00eb nj\u00eb natyr\u00eb e ndezur.<\/p>\n<p>K\u00ebshtu q\u00eb n\u00eb k\u00ebt\u00eb kontekst, mbaj si p\u00ebrgjegj\u00ebs kryesor t\u00eb k\u00ebsaj katastrofe, Edi Ram\u00ebn, vjedhjet e tij.<\/p>\n<p>Natyrisht temperaturat e larta jan\u00eb terreni i k\u00ebsaj q\u00eb po ndodh dhe shpirti kriminal i individ\u00ebve t\u00eb caktuar q\u00eb luajn\u00eb me zjarrin \u00ebsht\u00eb ai q\u00eb inicion, ndez zjarrin dhe ata meritojn\u00eb d\u00ebnimin m\u00eb t\u00eb madh\u201d, tha Berisha.<\/p>\n","protected":false},"excerpt":{"rendered":"<p>Kryetari i PD, Sali Berisha, komentoi situat\u00ebn e r\u00ebnd\u00eb t\u00eb zjarreve q\u00eb ka p\u00ebrfshir\u00eb Shqip\u00ebrin\u00eb, duke e quajtur p\u00ebrgjegj\u00ebs kryesor p\u00ebr k\u00ebt\u00eb katastrof\u00eb natyrore Kryeministrin Edi Rama dhe vjedhjet e tij. N\u00eb nj\u00eb deklarat\u00eb p\u00ebr mediat, Berisha theksoi se qeveria aktuale \u00ebsht\u00eb nj\u00eb &#8220;narkoqeveri&#8221;, duke e akuzuar se nuk ka treguar asnj\u00eb preokupim p\u00ebr situat\u00ebn &hellip;<\/p>\n","protected":false},"author":4,"featured_media":120842,"comment_status":"closed","ping_status":"closed","sticky":false,"template":"","format":"standard","meta":{"footnotes":""},"categories":[37],"tags":[],"class_list":["post-120835","post","type-post","status-publish","format-standard","has-post-thumbnail","","category-politike"],"_links":{"self":[{"href":"https:\/\/rdnews.al\/index.php\/wp-json\/wp\/v2\/posts\/120835","targetHints":{"allow":["GET"]}}],"collection":[{"href":"https:\/\/rdnews.al\/index.php\/wp-json\/wp\/v2\/posts"}],"about":[{"href":"https:\/\/rdnews.al\/index.php\/wp-json\/wp\/v2\/types\/post"}],"author":[{"embeddable":true,"href":"https:\/\/rdnews.al\/index.php\/wp-json\/wp\/v2\/users\/4"}],"replies":[{"embeddable":true,"href":"https:\/\/rdnews.al\/index.php\/wp-json\/wp\/v2\/comments?post=120835"}],"version-history":[{"count":4,"href":"https:\/\/rdnews.al\/index.php\/wp-json\/wp\/v2\/posts\/120835\/revisions"}],"predecessor-version":[{"id":120844,"href":"https:\/\/rdnews.al\/index.php\/wp-json\/wp\/v2\/posts\/120835\/revisions\/120844"}],"wp:featuredmedia":[{"embeddable":true,"href":"https:\/\/rdnews.al\/index.php\/wp-json\/wp\/v2\/media\/120842"}],"wp:attachment":[{"href":"https:\/\/rdnews.al\/index.php\/wp-json\/wp\/v2\/media?parent=120835"}],"wp:term":[{"taxonomy":"category","embeddable":true,"href":"https:\/\/rdnews.al\/index.php\/wp-json\/wp\/v2\/categories?post=120835"},{"taxonomy":"post_tag","embeddable":true,"href":"https:\/\/rdnews.al\/index.php\/wp-json\/wp\/v2\/tags?post=120835"}],"curies":[{"name":"wp","href":"https:\/\/api.w.org\/{rel}","templated":true}]}}