{"id":120881,"date":"2025-08-13T18:22:09","date_gmt":"2025-08-13T18:22:09","guid":{"rendered":"https:\/\/rdnews.al\/?p=120881"},"modified":"2025-08-13T18:22:09","modified_gmt":"2025-08-13T18:22:09","slug":"urdheri-i-ramaduros-per-mos-zbatimin-e-vendimit-te-gjykates-nje-akt-i-rende-antikushtetues","status":"publish","type":"post","link":"https:\/\/rdnews.al\/index.php\/2025\/08\/13\/urdheri-i-ramaduros-per-mos-zbatimin-e-vendimit-te-gjykates-nje-akt-i-rende-antikushtetues\/","title":{"rendered":"Urdh\u00ebri i Ramaduros p\u00ebr mos zbatimin e vendimit t\u00eb Gjykat\u00ebs, nj\u00eb akt i r\u00ebnd\u00eb antikushtetues!"},"content":{"rendered":"<div id=\"rekl-49\">Kryetari i Partis\u00eb Demokratike, Sali Berisha ka reaguar n\u00eb lidhje me moszbatimin e urdhrit t\u00eb gjykat\u00ebs p\u00ebr mos lirimin e ambienteve t\u00eb News24.<\/div>\n<div class=\"readmore-text-here\">\n<p>Sipas kryedemokratit Berisha, ky urdh\u00ebr i \u2018d\u00ebshmon tmerrin e Ramaduros, v\u00eblla Olsit dhe Lubi Ballukut nga dosjet e tyre kriminale n\u00eb laptop-et e gazetar\u00ebve t\u00eb News24!\u2019.<\/p>\n<p><strong>Reagimi i kreut t\u00eb PD, Berisha<\/strong><\/p>\n<p>Urdh\u00ebri i Ramaduros p\u00ebr mos zbatimin e vendimit t\u00eb Gjykat\u00ebs, nj\u00eb akt i r\u00ebnd\u00eb antikushtetues!<\/p>\n<p>Ky urdh\u00ebr d\u00ebshmon tmerrin e tij, v\u00eblla Olsit dhe Lubi Ballukut nga dosjet e tyre kriminale n\u00eb laptop-et e gazetar\u00ebve t\u00eb News24!<\/p>\n<p>D\u00ebnoj me forc\u00ebn m\u00eb t\u00eb madhe urdh\u00ebrin antikushtetues t\u00eb Ramaduros dhe k\u00ebrkoj zbatimin e menj\u00ebhersh\u00ebm t\u00eb urdh\u00ebrit t\u00eb gjykat\u00ebs!<\/p>\n<p><iframe loading=\"lazy\" src=\"https:\/\/www.facebook.com\/plugins\/post.php?href=https%3A%2F%2Fwww.facebook.com%2FSaliBerisha%2Fposts%2Fpfbid02ErdkfWXoWJE2e9qaQYLBQS25gREFbVZk3cV63GirQKrRUqRw5EvZD7SudD6G7fhcl&amp;show_text=true&amp;width=500\" width=\"500\" height=\"533\" frameborder=\"0\" scrolling=\"no\" allowfullscreen=\"allowfullscreen\" data-mce-fragment=\"1\"><\/iframe><\/p>\n<\/div>\n<div id=\"rekl-33\"><\/div>\n","protected":false},"excerpt":{"rendered":"<p>Kryetari i Partis\u00eb Demokratike, Sali Berisha ka reaguar n\u00eb lidhje me moszbatimin e urdhrit t\u00eb gjykat\u00ebs p\u00ebr mos lirimin e ambienteve t\u00eb News24. Sipas kryedemokratit Berisha, ky urdh\u00ebr i \u2018d\u00ebshmon tmerrin e Ramaduros, v\u00eblla Olsit dhe Lubi Ballukut nga dosjet e tyre kriminale n\u00eb laptop-et e gazetar\u00ebve t\u00eb News24!\u2019. Reagimi i kreut t\u00eb PD, Berisha &hellip;<\/p>\n","protected":false},"author":4,"featured_media":120882,"comment_status":"closed","ping_status":"closed","sticky":false,"template":"","format":"standard","meta":{"footnotes":""},"categories":[37],"tags":[],"class_list":["post-120881","post","type-post","status-publish","format-standard","has-post-thumbnail","","category-politike"],"_links":{"self":[{"href":"https:\/\/rdnews.al\/index.php\/wp-json\/wp\/v2\/posts\/120881","targetHints":{"allow":["GET"]}}],"collection":[{"href":"https:\/\/rdnews.al\/index.php\/wp-json\/wp\/v2\/posts"}],"about":[{"href":"https:\/\/rdnews.al\/index.php\/wp-json\/wp\/v2\/types\/post"}],"author":[{"embeddable":true,"href":"https:\/\/rdnews.al\/index.php\/wp-json\/wp\/v2\/users\/4"}],"replies":[{"embeddable":true,"href":"https:\/\/rdnews.al\/index.php\/wp-json\/wp\/v2\/comments?post=120881"}],"version-history":[{"count":1,"href":"https:\/\/rdnews.al\/index.php\/wp-json\/wp\/v2\/posts\/120881\/revisions"}],"predecessor-version":[{"id":120883,"href":"https:\/\/rdnews.al\/index.php\/wp-json\/wp\/v2\/posts\/120881\/revisions\/120883"}],"wp:featuredmedia":[{"embeddable":true,"href":"https:\/\/rdnews.al\/index.php\/wp-json\/wp\/v2\/media\/120882"}],"wp:attachment":[{"href":"https:\/\/rdnews.al\/index.php\/wp-json\/wp\/v2\/media?parent=120881"}],"wp:term":[{"taxonomy":"category","embeddable":true,"href":"https:\/\/rdnews.al\/index.php\/wp-json\/wp\/v2\/categories?post=120881"},{"taxonomy":"post_tag","embeddable":true,"href":"https:\/\/rdnews.al\/index.php\/wp-json\/wp\/v2\/tags?post=120881"}],"curies":[{"name":"wp","href":"https:\/\/api.w.org\/{rel}","templated":true}]}}