{"id":120958,"date":"2025-08-14T13:22:53","date_gmt":"2025-08-14T13:22:53","guid":{"rendered":"https:\/\/rdnews.al\/?p=120958"},"modified":"2025-08-14T13:48:12","modified_gmt":"2025-08-14T13:48:12","slug":"rama-thote-se-situata-me-zjarret-eshte-e-mire-dhe-se-me-keq-eshte-spanja","status":"publish","type":"post","link":"https:\/\/rdnews.al\/index.php\/2025\/08\/14\/rama-thote-se-situata-me-zjarret-eshte-e-mire-dhe-se-me-keq-eshte-spanja\/","title":{"rendered":"Rama thote se situata me zjarret \u00ebsht\u00eb e mir\u00eb dhe se keq \u00ebsht\u00eb Spanja"},"content":{"rendered":"<p>Rama ka reaguar m\u00ebngjesin e sot\u00ebm p\u00ebrmes nj\u00eb postimi n\u00eb rrjete sociale lidhur me situat\u00ebn e v\u00ebshtir\u00eb t\u00eb zjarreve q\u00eb kan\u00eb p\u00ebrfshir\u00eb vendin gjat\u00eb dit\u00ebve t\u00eb fundit. Ai thot\u00eb se situata \u00ebsht\u00eb e mir\u00eb dhe se keq \u00ebsht\u00eb Spanja.<\/p>\n<p>Ai theksoi angazhimin e strukturave shtet\u00ebrore n\u00eb p\u00ebrballimin e situat\u00ebs, duke fal\u00ebnderuar forcat n\u00eb terren p\u00ebr p\u00ebrpjekjet dhe sakrificat e b\u00ebra. Sipas tij fal\u00eb k\u00ebtyre sakrificave situata \u00ebsht\u00eb p\u00ebrmir\u00ebsuar. Nd\u00ebrkoh\u00eb q\u00eb nuk kurseu t\u00eb b\u00ebnte dhe nj\u00eb kritik\u00eb p\u00ebr reagimet mediatike.<\/p>\n<p>\u201cMIR\u00cbM\u00cbNGJES dhe me nj\u00eb tjet\u00ebr dit\u00eb gatishm\u00ebrie t\u00eb lart\u00eb e p\u00ebrpjekjesh t\u00eb p\u00ebrbashk\u00ebta, p\u00ebrball\u00eb nj\u00eb situate t\u00eb p\u00ebrmir\u00ebsuar fal\u00eb mundimesh e sakrificash t\u00eb admirueshme por me rreziqe e t\u00eb papritura n\u00eb \u00e7do \u00e7ast; me neveri p\u00ebr lehaqeniet q\u00eb vazhdojn\u00eb avazin e tyre t\u00eb krehjes para pasqyrave mediatike, teksa n\u00eb t\u00ebr\u00eb Europ\u00ebn Jugore digjen n\u00eb flak\u00eb mij\u00ebra vatra zjarri nga Spanja e deri n\u00eb Turqi, ju uroj nj\u00eb dit\u00eb sa m\u00eb t\u00eb qet\u00eb t\u00eb gjith\u00ebve.\u201d, shkroi Rama.<\/p>\n<p>Kujtojm\u00eb se dit\u00ebn e djeshme, n\u00eb t\u00eb gjith\u00eb territorin e Shqip\u00ebris\u00eb jan\u00eb regjistruar 37 vatra aktive zjarri n\u00eb disa qarqe, p\u00ebrfshir\u00eb: Vlor\u00eb, Dib\u00ebr, Berat, Tiran\u00eb, Gjirokast\u00ebr, Elbasan, Shkod\u00ebr, Kuk\u00ebs, Kor\u00e7\u00eb dhe Lezh\u00eb.<\/p>\n","protected":false},"excerpt":{"rendered":"<p>Rama ka reaguar m\u00ebngjesin e sot\u00ebm p\u00ebrmes nj\u00eb postimi n\u00eb rrjete sociale lidhur me situat\u00ebn e v\u00ebshtir\u00eb t\u00eb zjarreve q\u00eb kan\u00eb p\u00ebrfshir\u00eb vendin gjat\u00eb dit\u00ebve t\u00eb fundit. Ai thot\u00eb se situata \u00ebsht\u00eb e mir\u00eb dhe se keq \u00ebsht\u00eb Spanja. Ai theksoi angazhimin e strukturave shtet\u00ebrore n\u00eb p\u00ebrballimin e situat\u00ebs, duke fal\u00ebnderuar forcat n\u00eb terren p\u00ebr &hellip;<\/p>\n","protected":false},"author":3,"featured_media":120959,"comment_status":"closed","ping_status":"closed","sticky":false,"template":"","format":"standard","meta":{"footnotes":""},"categories":[40],"tags":[],"class_list":["post-120958","post","type-post","status-publish","format-standard","has-post-thumbnail","","category-aktualitet"],"_links":{"self":[{"href":"https:\/\/rdnews.al\/index.php\/wp-json\/wp\/v2\/posts\/120958","targetHints":{"allow":["GET"]}}],"collection":[{"href":"https:\/\/rdnews.al\/index.php\/wp-json\/wp\/v2\/posts"}],"about":[{"href":"https:\/\/rdnews.al\/index.php\/wp-json\/wp\/v2\/types\/post"}],"author":[{"embeddable":true,"href":"https:\/\/rdnews.al\/index.php\/wp-json\/wp\/v2\/users\/3"}],"replies":[{"embeddable":true,"href":"https:\/\/rdnews.al\/index.php\/wp-json\/wp\/v2\/comments?post=120958"}],"version-history":[{"count":3,"href":"https:\/\/rdnews.al\/index.php\/wp-json\/wp\/v2\/posts\/120958\/revisions"}],"predecessor-version":[{"id":120967,"href":"https:\/\/rdnews.al\/index.php\/wp-json\/wp\/v2\/posts\/120958\/revisions\/120967"}],"wp:featuredmedia":[{"embeddable":true,"href":"https:\/\/rdnews.al\/index.php\/wp-json\/wp\/v2\/media\/120959"}],"wp:attachment":[{"href":"https:\/\/rdnews.al\/index.php\/wp-json\/wp\/v2\/media?parent=120958"}],"wp:term":[{"taxonomy":"category","embeddable":true,"href":"https:\/\/rdnews.al\/index.php\/wp-json\/wp\/v2\/categories?post=120958"},{"taxonomy":"post_tag","embeddable":true,"href":"https:\/\/rdnews.al\/index.php\/wp-json\/wp\/v2\/tags?post=120958"}],"curies":[{"name":"wp","href":"https:\/\/api.w.org\/{rel}","templated":true}]}}