{"id":120977,"date":"2025-08-14T16:39:21","date_gmt":"2025-08-14T16:39:21","guid":{"rendered":"https:\/\/rdnews.al\/?p=120977"},"modified":"2025-08-14T16:53:01","modified_gmt":"2025-08-14T16:53:01","slug":"noka-nuk-integrohesh-kurre-ne-be-nese-liria-e-shtypit-nuk-eshte-e-garantuar","status":"publish","type":"post","link":"https:\/\/rdnews.al\/index.php\/2025\/08\/14\/noka-nuk-integrohesh-kurre-ne-be-nese-liria-e-shtypit-nuk-eshte-e-garantuar\/","title":{"rendered":"Noka: Shqip\u00ebria digjet, Rama nd\u00ebrton kop\u00ebsht tek Kryeministria me milionat e zjarrfikseve&#8230;"},"content":{"rendered":"<div id=\"rekl-49\">Sekretari i P\u00ebrgjithsh\u00ebm i PD, Flamur Noka, akuzon kryeministrin Edi Rama p\u00ebr neglizhenc\u00eb t\u00eb q\u00ebllimshme ndaj emergjencave mjedisore, nd\u00ebrsa vendi p\u00ebrballet me zjarre masive.<\/div>\n<div class=\"readmore-text-here\">\n<p>N\u00ebp\u00ebrmjet nj\u00eb statusi n\u00eb FB, Noka thekson se Shqip\u00ebria rrezikon p\u00ebr her\u00eb t\u00eb par\u00eb n\u00eb historin\u00eb e saj bashk\u00ebkohore t\u00eb shoh\u00eb nj\u00eb qytet t\u00eb t\u00ebr\u00eb t\u00eb p\u00ebrpir\u00eb nga flak\u00ebt, p\u00ebr shkak t\u00eb munges\u00ebs s\u00eb investimeve n\u00eb sh\u00ebrbimin zjarrfik\u00ebs. Ai e akuzon Ram\u00ebn p\u00ebr shp\u00ebrdorim t\u00eb miliona eurove n\u00eb projekte luksoze dhe t\u00eb panevojshme, nd\u00ebrkoh\u00eb q\u00eb banor\u00ebt largohen nga sht\u00ebpit\u00eb me rrobat e trupit dhe zjarrfik\u00ebsit luftojn\u00eb flak\u00ebt me duar bosh.<\/p>\n<div id=\"rekl-56\"><strong>Reagimi<\/strong><\/div>\n<p>N\u00ebse kryeministrit t\u00eb vendit do i dhimbsej natyra, jeta e banor\u00ebve, malli e gj\u00ebja e k\u00ebtij populli, do t\u00eb kishte punuar k\u00ebto 12 vjet p\u00ebr nj\u00eb strategji parandaluese kund\u00ebr zjarreve. Nuk do t\u00eb shp\u00ebrdoronte miliona euro p\u00ebr kot\u00ebsira si kopshti brenda kryeministris\u00eb, apo si furrat te Piramida q\u00eb u b\u00ebn\u00eb kafene, a thua se nuk i mjaftonin Tiran\u00ebs ato q\u00eb kishte.<\/p>\n<p>P\u00ebr her\u00eb t\u00eb par\u00eb n\u00eb historin\u00eb bashk\u00ebkohore t\u00eb Shqip\u00ebris\u00eb rrezikohet djegia e nj\u00eb qyteti, e gjitha nga mungesa e investimeve n\u00eb sh\u00ebrbimin yn\u00eb t\u00eb at\u00eb zjarrfik\u00ebs. N\u00eb vitin 2025, ushtar\u00ebt e zjarrfik\u00ebsit tan\u00eb rrezikojn\u00eb kok\u00ebn e tyre p\u00ebr t\u00eb luftuar zjarrin n\u00eb deg\u00ebza pem\u00ebsh, sepse #Rama \u00ebsht\u00eb aq hajdut saq\u00eb gjuan projekte si Formula 1. Nd\u00ebrkoh\u00eb sht\u00ebpit\u00eb digjen, bag\u00ebtit\u00eb po ashtu dhe banor\u00ebt shp\u00ebrngulen vet\u00ebm me rrobat e trupit.<\/p>\n<p>Ja pra q\u00eb korrupsioni i qeveris\u00eb q\u00eb ti voton t\u00eb vret, t\u00eb merr shpirtin, aq pasuri sa ke, t\u00eb vret t\u00eb ardhmen e f\u00ebmij\u00ebve dhe t\u00eb detyron t\u00eb largohesh nga toka jote pasi ta ka l\u00ebn\u00eb djerr\u00eb nga sehirii dhe bab\u00ebzia p\u00ebr t\u00eb vjedhur gjith\u00e7ka. Me fat q\u00eb kemi ende ca miq nga jasht\u00eb q\u00eb d\u00ebrgojn\u00eb ndihm\u00eb nga ajri, se t\u00eb ishte p\u00ebr Edi Ram\u00ebn ishte shuar ky vend. #Greqia blen avion\u00eb zjarrfik\u00ebs, Rama blen heshtjen e mediave.<\/p>\n<p><iframe loading=\"lazy\" src=\"https:\/\/www.facebook.com\/plugins\/post.php?href=https%3A%2F%2Fwww.facebook.com%2Fpermalink.php%3Fstory_fbid%3Dpfbid02T5ByjetgcCSTbSXD8ZQVNqCydCmpvUGUofnLgWUn6cKdiBCxYXLj2fsLPoyAooRyl%26id%3D100063549317919&amp;show_text=true&amp;width=500\" width=\"500\" height=\"676\" frameborder=\"0\" scrolling=\"no\" allowfullscreen=\"allowfullscreen\" data-mce-fragment=\"1\"><\/iframe><\/p>\n<\/div>\n<div id=\"rekl-33\"><\/div>\n","protected":false},"excerpt":{"rendered":"<p>Sekretari i P\u00ebrgjithsh\u00ebm i PD, Flamur Noka, akuzon kryeministrin Edi Rama p\u00ebr neglizhenc\u00eb t\u00eb q\u00ebllimshme ndaj emergjencave mjedisore, nd\u00ebrsa vendi p\u00ebrballet me zjarre masive. N\u00ebp\u00ebrmjet nj\u00eb statusi n\u00eb FB, Noka thekson se Shqip\u00ebria rrezikon p\u00ebr her\u00eb t\u00eb par\u00eb n\u00eb historin\u00eb e saj bashk\u00ebkohore t\u00eb shoh\u00eb nj\u00eb qytet t\u00eb t\u00ebr\u00eb t\u00eb p\u00ebrpir\u00eb nga flak\u00ebt, p\u00ebr shkak &hellip;<\/p>\n","protected":false},"author":4,"featured_media":51252,"comment_status":"closed","ping_status":"closed","sticky":false,"template":"","format":"standard","meta":{"footnotes":""},"categories":[37],"tags":[],"class_list":["post-120977","post","type-post","status-publish","format-standard","has-post-thumbnail","","category-politike"],"_links":{"self":[{"href":"https:\/\/rdnews.al\/index.php\/wp-json\/wp\/v2\/posts\/120977","targetHints":{"allow":["GET"]}}],"collection":[{"href":"https:\/\/rdnews.al\/index.php\/wp-json\/wp\/v2\/posts"}],"about":[{"href":"https:\/\/rdnews.al\/index.php\/wp-json\/wp\/v2\/types\/post"}],"author":[{"embeddable":true,"href":"https:\/\/rdnews.al\/index.php\/wp-json\/wp\/v2\/users\/4"}],"replies":[{"embeddable":true,"href":"https:\/\/rdnews.al\/index.php\/wp-json\/wp\/v2\/comments?post=120977"}],"version-history":[{"count":4,"href":"https:\/\/rdnews.al\/index.php\/wp-json\/wp\/v2\/posts\/120977\/revisions"}],"predecessor-version":[{"id":120984,"href":"https:\/\/rdnews.al\/index.php\/wp-json\/wp\/v2\/posts\/120977\/revisions\/120984"}],"wp:featuredmedia":[{"embeddable":true,"href":"https:\/\/rdnews.al\/index.php\/wp-json\/wp\/v2\/media\/51252"}],"wp:attachment":[{"href":"https:\/\/rdnews.al\/index.php\/wp-json\/wp\/v2\/media?parent=120977"}],"wp:term":[{"taxonomy":"category","embeddable":true,"href":"https:\/\/rdnews.al\/index.php\/wp-json\/wp\/v2\/categories?post=120977"},{"taxonomy":"post_tag","embeddable":true,"href":"https:\/\/rdnews.al\/index.php\/wp-json\/wp\/v2\/tags?post=120977"}],"curies":[{"name":"wp","href":"https:\/\/api.w.org\/{rel}","templated":true}]}}