{"id":121015,"date":"2025-08-15T09:24:26","date_gmt":"2025-08-15T09:24:26","guid":{"rendered":"https:\/\/rdnews.al\/?p=121015"},"modified":"2025-08-15T09:24:26","modified_gmt":"2025-08-15T09:24:26","slug":"reporteret-pa-kufij-ne-shqiperi-eshte-shkelur-edhe-pluralizmi-i-informimit","status":"publish","type":"post","link":"https:\/\/rdnews.al\/index.php\/2025\/08\/15\/reporteret-pa-kufij-ne-shqiperi-eshte-shkelur-edhe-pluralizmi-i-informimit\/","title":{"rendered":"\u201cReporter\u00ebt pa Kufij\u201d: N\u00eb Shqip\u00ebri \u00ebsht\u00eb shkelur edhe pluralizmi i informimit!"},"content":{"rendered":"<p>Pavol Szalai, drejtues i redaksis\u00eb s\u00eb BE-Ballkan tek \u201cReporter\u00ebt pa Kufij\u201d duke folur p\u00ebr DW p\u00ebr sa ka ndodhur n\u00eb Shqip\u00ebri n\u00eb mjediset e News24 ngre shqet\u00ebsim p\u00ebr t\u00eb drejtat e gazetar\u00ebve dhe t\u00eb publikut p\u00ebr informim.<\/p>\n<p><strong>DW: T\u00eb diel\u00ebn e kaluar, televizionit privat \u201cNews24&#8243; iu pre sinjali i transmetimit gjat\u00eb nj\u00eb aksioni shtet\u00ebror. Gazetar\u00ebt e konsiderojn\u00eb k\u00ebt\u00eb sulm ndaj liris\u00eb s\u00eb medias. Cili \u00ebsht\u00eb q\u00ebndrimi juaj rreth \u00e7\u00ebshtjes?<\/strong><\/p>\n<p><strong>Pavol Szalai:\u00a0<\/strong>Pamund\u00ebsin\u00eb e gazetar\u00ebve p\u00ebr t\u00eb ushtruar detyr\u00ebn e tyre dhe t\u00eb drejt\u00ebn p\u00ebr informim ne e konsiderojm\u00eb problem p\u00ebr lirin\u00eb e shtypit. \u00cbsht\u00eb gjithashtu problem p\u00ebr t\u00eb drejt\u00ebn e qytetar\u00ebve p\u00ebr informim, sepse &#8220;News24&#8221; \u00ebsht\u00eb nj\u00eb nd\u00ebr kanalet m\u00eb t\u00eb m\u00ebdha. E kuptoj q\u00eb ka nj\u00eb proces gjyq\u00ebsor p\u00ebr pron\u00ebn dhe sipas informacioneve publike, pronari i k\u00ebtij grupimi mediatik e ka humbur n\u00eb gjykat\u00eb t\u00eb drejt\u00ebn p\u00ebr k\u00ebt\u00eb pron\u00eb. Gjithsesi, ne duhet t\u00eb ndajm\u00eb qartazi interesat apo shqet\u00ebsimet e pronarit t\u00eb medias dhe t\u00eb drejtave t\u00eb gazetar\u00ebve. Dhe ne jemi t\u00eb g\u00ebzuar q\u00eb Gjykata e Tiran\u00ebs arriti gjithashtu n\u00eb t\u00eb nj\u00ebjtin p\u00ebrfundim kur dha mas\u00ebn e p\u00ebrkohshme. Por, problem \u00ebsht\u00eb fakti q\u00eb ky vendim nuk po zbatohet.<\/p>\n<p><strong>DW: A keni marr\u00eb ankesa nga ky television apo gazetar\u00eb q\u00eb punojn\u00eb pran\u00eb &#8220;Focus Group&#8221;?<\/strong><\/p>\n<p><strong>Pavol Szalai, RSF<\/strong>: Po, ne jemi n\u00eb kontakt me gazetar\u00eb dhe burime tonat n\u00eb Shqip\u00ebri t\u00eb cil\u00ebt ndjekin nga af\u00ebr situat\u00ebn. Dhe ne shqet\u00ebsohemi p\u00ebr gazetar\u00ebt dhe t\u00eb drejt\u00ebn e tyre p\u00ebr t\u00eb infomuar. Dhe situata q\u00eb ndodhi t\u00eb shtun\u00ebn e kaluar, m\u00eb konkretisht nd\u00ebrprerja e energjis\u00eb elektrike nga policia dhe ndalimi i gazetar\u00ebve p\u00ebr t\u00eb hyr\u00eb n\u00eb mjediset e &#8220;News24&#8221; dhe p\u00ebr t\u00eb dal\u00eb n\u00eb transmetim, ishte p\u00ebrpjekje p\u00ebr t\u00eb penguar t\u00eb drejt\u00ebn p\u00ebr informim dhe ne e denoncuam k\u00ebt\u00eb p\u00ebrpjekje gjat\u00eb fundjav\u00ebs.<\/p>\n<p><strong>DW: Nj\u00eb nga shqet\u00ebsimet kryesore t\u00eb gazetar\u00ebve ka qen\u00eb se gjat\u00eb operacionit policor dhe boshatisjes s\u00eb zyrave t\u00eb tyre, jan\u00eb marr\u00eb edhe laptop\u00eb apo kompjuter\u00eb q\u00eb p\u00ebrmbajn\u00eb informacion delikat, p\u00ebr t\u00eb cilat gazetar\u00ebt nuk jan\u00eb njoftuar paraprakisht. A keni ndonj\u00eb koment p\u00ebr k\u00ebt\u00eb?<\/strong><\/p>\n<p><strong>Pavol Szalai, RSF:\u00a0<\/strong>Po, ky \u00ebsht\u00eb k\u00ebrc\u00ebnim ndaj burimeve t\u00eb gazetar\u00ebve. Konfidencialiteti i burimeve gazetareske \u00ebsht\u00eb gur themeli n\u00eb lirin\u00eb e shtypit dhe shqet\u00ebsim mbetet fakti se kur gazetar\u00ebt u rifut\u00ebn n\u00eb godin\u00eb p\u00ebr t\u00eb marr\u00eb sendet e tyre, ata duhet t\u00eb dor\u00ebzonin telefonat e tyre tek agjent\u00ebt ligjzbatues q\u00eb ishin aty. Pra, ky \u00ebsht\u00eb problem p\u00ebr t\u00eb cilin gykata vendosi dy dit\u00eb m\u00eb par\u00eb dhe qart\u00ebsisht shprehu nevoj\u00ebn p\u00ebr mbrojtjen e konfidencialitetit t\u00eb burimit. Ky konfidencialitet \u00ebsht\u00eb n\u00eb p\u00ebrgjith\u00ebsi \u00e7\u00ebshtje madhore n\u00eb Shqip\u00ebri. Kjo nuk \u00ebsht\u00eb hera e par\u00eb q\u00eb rrezikohet dhe ne jemi t\u00eb g\u00ebzuar q\u00eb gjykata p\u00ebrpiqet ta mbroj\u00eb, por nevojitet q\u00eb autoritetet shtet\u00ebrore t&#8217;i respektojn\u00eb vendimet e gjykatave.<\/p>\n<p><strong>DW: A do t\u00eb ndikoj\u00eb kjo ngjarje lidhur me lirin\u00eb e shtypit n\u00eb Shqip\u00ebri?<\/strong><\/p>\n<p><strong>Pavol Szalai, RSF:<\/strong>\u00a0K\u00ebt\u00eb do ta shohim kur t\u00eb publikohet indeksi i ardhsh\u00ebm, t\u00eb cilin zakonisht ne e publikojm\u00eb n\u00eb muajin maj t\u00eb \u00e7do viti. N\u00eb indeksin e kaluar, Shqip\u00ebria u rendit e 80-ta nga 180 vende. Renditet nd\u00ebr vendet me performanc\u00ebn m\u00eb t\u00eb keqe n\u00eb Europ\u00eb dhe n\u00eb Ballkan \u00ebsht\u00eb e kat\u00ebrta, nga gjasht\u00eb shtete, duke u ndjekur nga Serbia dhe Kosova. I gjith\u00eb ky l\u00ebmsh, sepse e till\u00eb ishte ajo \u00e7far\u00eb ndodhi t\u00eb shtun\u00ebn e kaluar, pasqyron mjedisin problematik dhe kushtet shum\u00eb, shum\u00eb t\u00eb v\u00ebshtira, p\u00ebrfshir\u00eb dhe ato financiare, n\u00eb t\u00eb cil\u00ebn gazetar\u00ebt n\u00eb Shqip\u00ebri ushtrojn\u00eb detyr\u00ebn e tyre. Mendoj se \u00ebsht\u00eb p\u00ebrgjegj\u00ebsi e pronarit t\u00eb medias t\u00eb krijoj\u00eb kushte t\u00eb p\u00ebrshtatshme p\u00ebr gazetar\u00ebt dhe kompanin\u00eb. Dhe n\u00ebse media ndodhet n\u00eb mjedise t\u00eb cilat duhet t\u00eb lirohen sipas gjykat\u00ebs, por n\u00ebse pronari nuk merr t\u00eb gjitha masat e nevojshme p\u00ebr ta b\u00ebr\u00eb k\u00ebt\u00eb, at\u00ebher\u00eb \u00ebsht\u00eb problem. Pa dyshim q\u00eb policia nuk respektoi nj\u00eb proces t\u00eb rregullt dhe proporcional. Ne e kemi kritikuar k\u00ebt\u00eb dhe t\u00eb nj\u00ebjtin vendim dha edhe gjykata dy dit\u00eb m\u00eb par\u00eb. Por duhet n\u00ebnvizuar edhe fakti se pse nuk u mor\u00ebn masat p\u00ebr gjetjen e mjediseve t\u00eb reja p\u00ebr televizionin. Nuk duhet t\u00eb fshihemi pas k\u00ebtyre problemeve.<\/p>\n<p>N\u00eb fund t\u00eb fundit, pasojat i vuan qytetari i cili s&#8217;ka qasje n\u00eb median q\u00eb ai ndjek ose sheh. Interesi i qytetarit p\u00ebr informim \u00ebsht\u00eb par\u00ebsor, por gjithashtu par\u00ebsore jan\u00eb edhe interest e gazetar\u00ebve. Dua t\u00eb shpreh solidaritet me gazetar\u00ebt e &#8220;Focus Media Group&#8221;, sepse t\u00eb drejtat e tyre jan\u00eb shkelur, p\u00ebrve\u00e7 s\u00eb drejt\u00ebs p\u00ebr informim. Dhe po, mendoj q\u00eb \u00ebsht\u00eb shkelur dhe pluralizmi i informimit n\u00eb Shqip\u00ebri.<\/p>\n<p><strong>DW: Qeveria shqiptare planifikon t\u00eb v\u00ebr\u00eb n\u00eb zbatim nj\u00eb projekt t\u00eb industris\u00eb s\u00eb mbrojtjes n\u00eb k\u00ebt\u00eb truall. N\u00eb dijenin\u00eb tuaj, a ka raste t\u00eb ngjashme n\u00eb Ballkan dhe Europ\u00eb, dhe n\u00ebse po, si \u00ebsht\u00eb vepruar?<\/strong><\/p>\n<p><strong>Pavol Szalai, RSF: S<\/strong>hqip\u00ebria \u00ebsht\u00eb nj\u00eb vend q\u00eb krahasohet me shtetet e tjera europiane, sidomos me shtetet an\u00ebtare t\u00eb Unionit Europian ku d\u00ebshiron t\u00eb hyj\u00eb. Gjat\u00eb pes\u00eb viteve q\u00eb ushtroj k\u00ebt\u00eb detyr\u00eb dhe mbaj k\u00ebt\u00eb pozicion pran\u00eb &#8220;Reporter\u00eb pa Kufij&#8221;, un\u00eb nuk di as edhe nj\u00eb rast tjet\u00ebr t\u00eb ngjash\u00ebm me k\u00ebt\u00eb. Situata n\u00eb Shqip\u00ebri, kur vjen puna tek marr\u00ebdh\u00ebniet mes pronar\u00ebve t\u00eb medias dhe qeveris\u00eb \u00ebsht\u00eb shum\u00eb e ve\u00e7ant\u00eb. Kjo marr\u00ebdh\u00ebnie ose \u00ebsht\u00eb shum\u00eb e keqe, ose krejt e kund\u00ebrta: pronar\u00ebt mediatik\u00eb dhe politikan\u00ebt kan\u00eb lidhje shum\u00eb t\u00eb ngushta, \u00e7ka \u00ebsht\u00eb di\u00e7ka jo e mir\u00eb gjithashtu. Dhe kjo situat\u00eb kaq e ve\u00e7ant\u00eb, d\u00ebmton. Do t\u00eb thoja q\u00eb d\u00ebmton gazetar\u00ebt dhe t\u00eb drejtat e qytetar\u00ebve. Dhe kjo \u00ebsht\u00eb nj\u00eb nd\u00ebr arsyet se pse Shqip\u00ebria renditet aq ul\u00ebt n\u00eb indeksin ton\u00eb.<\/p>\n","protected":false},"excerpt":{"rendered":"<p>Pavol Szalai, drejtues i redaksis\u00eb s\u00eb BE-Ballkan tek \u201cReporter\u00ebt pa Kufij\u201d duke folur p\u00ebr DW p\u00ebr sa ka ndodhur n\u00eb Shqip\u00ebri n\u00eb mjediset e News24 ngre shqet\u00ebsim p\u00ebr t\u00eb drejtat e gazetar\u00ebve dhe t\u00eb publikut p\u00ebr informim. DW: T\u00eb diel\u00ebn e kaluar, televizionit privat \u201cNews24&#8243; iu pre sinjali i transmetimit gjat\u00eb nj\u00eb aksioni shtet\u00ebror. Gazetar\u00ebt &hellip;<\/p>\n","protected":false},"author":4,"featured_media":121016,"comment_status":"closed","ping_status":"closed","sticky":false,"template":"","format":"standard","meta":{"footnotes":""},"categories":[37],"tags":[],"class_list":["post-121015","post","type-post","status-publish","format-standard","has-post-thumbnail","","category-politike"],"_links":{"self":[{"href":"https:\/\/rdnews.al\/index.php\/wp-json\/wp\/v2\/posts\/121015","targetHints":{"allow":["GET"]}}],"collection":[{"href":"https:\/\/rdnews.al\/index.php\/wp-json\/wp\/v2\/posts"}],"about":[{"href":"https:\/\/rdnews.al\/index.php\/wp-json\/wp\/v2\/types\/post"}],"author":[{"embeddable":true,"href":"https:\/\/rdnews.al\/index.php\/wp-json\/wp\/v2\/users\/4"}],"replies":[{"embeddable":true,"href":"https:\/\/rdnews.al\/index.php\/wp-json\/wp\/v2\/comments?post=121015"}],"version-history":[{"count":1,"href":"https:\/\/rdnews.al\/index.php\/wp-json\/wp\/v2\/posts\/121015\/revisions"}],"predecessor-version":[{"id":121017,"href":"https:\/\/rdnews.al\/index.php\/wp-json\/wp\/v2\/posts\/121015\/revisions\/121017"}],"wp:featuredmedia":[{"embeddable":true,"href":"https:\/\/rdnews.al\/index.php\/wp-json\/wp\/v2\/media\/121016"}],"wp:attachment":[{"href":"https:\/\/rdnews.al\/index.php\/wp-json\/wp\/v2\/media?parent=121015"}],"wp:term":[{"taxonomy":"category","embeddable":true,"href":"https:\/\/rdnews.al\/index.php\/wp-json\/wp\/v2\/categories?post=121015"},{"taxonomy":"post_tag","embeddable":true,"href":"https:\/\/rdnews.al\/index.php\/wp-json\/wp\/v2\/tags?post=121015"}],"curies":[{"name":"wp","href":"https:\/\/api.w.org\/{rel}","templated":true}]}}