{"id":121021,"date":"2025-08-15T10:12:50","date_gmt":"2025-08-15T10:12:50","guid":{"rendered":"https:\/\/rdnews.al\/?p=121021"},"modified":"2025-08-15T14:52:11","modified_gmt":"2025-08-15T14:52:11","slug":"berisha-24-ore-ne-magjine-e-bjeshkeve-te-istogut","status":"publish","type":"post","link":"https:\/\/rdnews.al\/index.php\/2025\/08\/15\/berisha-24-ore-ne-magjine-e-bjeshkeve-te-istogut\/","title":{"rendered":"Berisha n\u00eb bjeshk\u00ebt e Istogut me grupin e politikan\u00ebve gjerman\u00eb"},"content":{"rendered":"<p><strong>Sali BERISHA<\/strong><\/p>\n<p>Miq, 24 or\u00ebt q\u00eb kaluan ishin nj\u00eb udh\u00ebtim n\u00eb rinin\u00eb time.<\/p>\n<p>N\u00eb Istog shkova i ftuar nga nj\u00eb mik i imi, Gani Dreshaj, politikan dhe biznesmen i Kosov\u00ebs, ish-luft\u00ebtar i liris\u00eb, p\u00ebr t\u00eb marr\u00eb pjes\u00eb n\u00eb fest\u00ebn e 60-vjetorit t\u00eb lindjes s\u00eb tij.<\/p>\n<p>Pas nj\u00eb ndalese t\u00eb shkurt\u00ebr dhe takimit me miqt\u00eb e p\u00ebrbashk\u00ebt gjerman\u00eb, deputetin e Bundestagut, Peter Beyer, politikanin e shquar, Elmar Brock, ish-komandantin e KFOR-it n\u00eb Kosov\u00eb gjeneralin B\u00fchler, si dhe gazetar\u00eb e biznesmen\u00eb gjerman\u00eb, u nis\u00ebm p\u00ebr n\u00eb zem\u00ebr t\u00eb bjeshk\u00ebve t\u00eb Junikut, n\u00eb Lugun e But\u00eb.<\/p>\n<p>N\u00eb mesin e nj\u00eb bredhisht\u00eb madh\u00ebshtore ndodhej sht\u00ebpia e Ganiut, n\u00eb oborrin e s\u00eb cil\u00ebs u organizua festa. N\u00eb rrethimin e sht\u00ebpis\u00eb ngrihej nj\u00eb muran\u00eb n\u00eb kujtim t\u00eb gjyshit t\u00eb tij, mjekut Syl Dreshaj, gjyshes dhe xhaxhait t\u00eb ekzekutuar nga ushtria serbe gjat\u00eb bombardimeve t\u00eb NATO-s.<\/p>\n<p>N\u00eb Lugun e But\u00eb na prit\u00ebn me shum\u00eb p\u00ebrzem\u00ebrsi i ati i Ganiut, bashk\u00ebshortja, v\u00ebllez\u00ebrit, motrat, f\u00ebmij\u00ebt dhe rrethi i tyre familjar. Familja Dreshaj \u00ebsht\u00eb nj\u00eb familje e madhe atdhetare me kontribute t\u00eb ve\u00e7anta n\u00eb t\u00eb gjitha koh\u00ebrat e luft\u00ebrave p\u00ebr liri. N\u00eb k\u00ebt\u00eb tradit\u00eb, t\u00eb gjith\u00eb, t\u00eb m\u00ebdhenj e t\u00eb vegj\u00ebl, edhe n\u00eb luft\u00ebn e fundit, n\u00eb radh\u00ebt e U\u00c7K-s\u00eb, firmos\u00ebn me trim\u00ebrin\u00eb dhe gjakun e tyre lirin\u00eb q\u00eb g\u00ebzojm\u00eb sot n\u00eb Kosov\u00ebn e pavarur.<\/p>\n<p>Darka ishte v\u00ebrtet magjeps\u00ebse, jo vet\u00ebm p\u00ebr vendin, logun e zanave ku shtrohej, por edhe p\u00ebr atmosfer\u00ebn festive t\u00eb miqve e t\u00eb ftuarve, k\u00ebng\u00ebt e artist\u00ebve dhe sh\u00ebrbimin e p\u00ebrkryer. Ishte nj\u00eb mbr\u00ebmje frym\u00ebzuese dhe mund t\u00eb shkruaja gjat\u00eb p\u00ebr t\u00eb, por po e mbyll duke i uruar edhe nj\u00eb her\u00eb Ganiut edhe 120 vite t\u00eb tjera plot sh\u00ebndet, g\u00ebzim dhe suksese me m\u00eb t\u00eb dashurit e tij.<\/p>\n<p><img loading=\"lazy\" decoding=\"async\" class=\"alignnone size-medium wp-image-121023\" src=\"https:\/\/rdnews.al\/wp-content\/uploads\/2025\/08\/b2-1-300x225.jpg\" alt=\"\" width=\"300\" height=\"225\" srcset=\"https:\/\/rdnews.al\/wp-content\/uploads\/2025\/08\/b2-1-300x225.jpg 300w, https:\/\/rdnews.al\/wp-content\/uploads\/2025\/08\/b2-1.jpg 640w\" sizes=\"auto, (max-width: 300px) 100vw, 300px\" \/><\/p>\n<p><img loading=\"lazy\" decoding=\"async\" class=\"alignnone size-medium wp-image-120995\" src=\"https:\/\/rdnews.al\/wp-content\/uploads\/2025\/08\/IMG_6434-300x244.jpeg\" alt=\"\" width=\"300\" height=\"244\" srcset=\"https:\/\/rdnews.al\/wp-content\/uploads\/2025\/08\/IMG_6434-300x244.jpeg 300w, https:\/\/rdnews.al\/wp-content\/uploads\/2025\/08\/IMG_6434.jpeg 720w\" sizes=\"auto, (max-width: 300px) 100vw, 300px\" \/><\/p>\n","protected":false},"excerpt":{"rendered":"<p>Sali BERISHA Miq, 24 or\u00ebt q\u00eb kaluan ishin nj\u00eb udh\u00ebtim n\u00eb rinin\u00eb time. N\u00eb Istog shkova i ftuar nga nj\u00eb mik i imi, Gani Dreshaj, politikan dhe biznesmen i Kosov\u00ebs, ish-luft\u00ebtar i liris\u00eb, p\u00ebr t\u00eb marr\u00eb pjes\u00eb n\u00eb fest\u00ebn e 60-vjetorit t\u00eb lindjes s\u00eb tij. Pas nj\u00eb ndalese t\u00eb shkurt\u00ebr dhe takimit me miqt\u00eb e &hellip;<\/p>\n","protected":false},"author":4,"featured_media":121022,"comment_status":"closed","ping_status":"closed","sticky":false,"template":"","format":"standard","meta":{"footnotes":""},"categories":[37],"tags":[],"class_list":["post-121021","post","type-post","status-publish","format-standard","has-post-thumbnail","","category-politike"],"_links":{"self":[{"href":"https:\/\/rdnews.al\/index.php\/wp-json\/wp\/v2\/posts\/121021","targetHints":{"allow":["GET"]}}],"collection":[{"href":"https:\/\/rdnews.al\/index.php\/wp-json\/wp\/v2\/posts"}],"about":[{"href":"https:\/\/rdnews.al\/index.php\/wp-json\/wp\/v2\/types\/post"}],"author":[{"embeddable":true,"href":"https:\/\/rdnews.al\/index.php\/wp-json\/wp\/v2\/users\/4"}],"replies":[{"embeddable":true,"href":"https:\/\/rdnews.al\/index.php\/wp-json\/wp\/v2\/comments?post=121021"}],"version-history":[{"count":4,"href":"https:\/\/rdnews.al\/index.php\/wp-json\/wp\/v2\/posts\/121021\/revisions"}],"predecessor-version":[{"id":121038,"href":"https:\/\/rdnews.al\/index.php\/wp-json\/wp\/v2\/posts\/121021\/revisions\/121038"}],"wp:featuredmedia":[{"embeddable":true,"href":"https:\/\/rdnews.al\/index.php\/wp-json\/wp\/v2\/media\/121022"}],"wp:attachment":[{"href":"https:\/\/rdnews.al\/index.php\/wp-json\/wp\/v2\/media?parent=121021"}],"wp:term":[{"taxonomy":"category","embeddable":true,"href":"https:\/\/rdnews.al\/index.php\/wp-json\/wp\/v2\/categories?post=121021"},{"taxonomy":"post_tag","embeddable":true,"href":"https:\/\/rdnews.al\/index.php\/wp-json\/wp\/v2\/tags?post=121021"}],"curies":[{"name":"wp","href":"https:\/\/api.w.org\/{rel}","templated":true}]}}