{"id":121045,"date":"2025-08-15T16:22:04","date_gmt":"2025-08-15T16:22:04","guid":{"rendered":"https:\/\/rdnews.al\/?p=121045"},"modified":"2025-08-15T16:26:23","modified_gmt":"2025-08-15T16:26:23","slug":"bardhi-osbe-ngriti-kembanen-e-alarmit-per-lirine-e-medias-ne-shqiperi","status":"publish","type":"post","link":"https:\/\/rdnews.al\/index.php\/2025\/08\/15\/bardhi-osbe-ngriti-kembanen-e-alarmit-per-lirine-e-medias-ne-shqiperi\/","title":{"rendered":"Edi Rama ka varrosur demokracin\u00eb!\/ Bardhi: OSBE ngriti \u201ck\u00ebmban\u00ebn e alarmit\u201d p\u00ebr lirin\u00eb e medias n\u00eb Shqip\u00ebri!"},"content":{"rendered":"<div class=\"readmore-text-here\">\n<p>Deputeti i PD, Gazment Bardhi, reagoi p\u00ebrmes nj\u00eb statusi n\u00eb Facebook, duke e cil\u00ebsuar shqet\u00ebsimin e P\u00ebrfaq\u00ebsuesit t\u00eb Lart\u00eb p\u00ebr Lirin\u00eb e Medias n\u00eb OSBE si nj\u00eb \u201ck\u00ebmban\u00eb alarmi\u201d p\u00ebr autoritetet shqiptare.<\/p>\n<p>Ai e quajti nd\u00ebrprerjen e transmetimit t\u00eb News24 dhe bllokimin e gazetar\u00ebve p\u00ebr t\u00eb hyr\u00eb n\u00eb ambientet e tyre t\u00eb pun\u00ebs, edhe pas nj\u00eb vendimi gjyq\u00ebsor, \u201cshp\u00ebrdorim t\u00eb past\u00ebr t\u00eb detyr\u00ebs\u201d dhe \u201cshkelje flagrante t\u00eb Kushtetut\u00ebs\u201d.<\/p>\n<p>Bardhi k\u00ebrkoi q\u00eb drejt\u00ebsia t\u00eb vendos\u00eb p\u00ebrpara p\u00ebrgjegj\u00ebsis\u00eb ligjore urdh\u00ebruesit dhe ekzekutor\u00ebt e k\u00ebtij q\u00eb ai e quajti \u201ckrim t\u00eb shum\u00ebfisht\u00eb shtet\u00ebror, t\u00eb denj\u00eb p\u00ebr regjime autoritare\u201d.<\/p>\n<p><strong>Reagimi\u00a0<\/strong><\/p>\n<p>Shqet\u00ebsimi i P\u00ebrfaq\u00ebsuesit t\u00eb Lart\u00eb p\u00ebr Lirin\u00eb e Medias n\u00eb OSBE, institucioni me reputacionin m\u00eb t\u00eb lart\u00eb n\u00eb mbrojtjen e liris\u00eb s\u00eb medias n\u00eb bot\u00eb, \u00ebsht\u00eb nj\u00eb k\u00ebmban\u00eb alarmi p\u00ebr autoritetet shqiptare.<\/p>\n<p>Veprimet arbitrare t\u00eb nd\u00ebrprerjes s\u00eb transmetimit t\u00eb News24 apo bllokimi i gazetar\u00ebve p\u00ebr t\u00eb hyr\u00eb n\u00eb ambientet e tyre t\u00eb pun\u00ebs, edhe pas nj\u00eb vendimi gjyq\u00ebsor, \u00ebsht\u00eb shp\u00ebrdorim i past\u00ebr i detyr\u00ebs dhe nj\u00eb shkelje flagrante e Kushtetut\u00ebs s\u00eb Shqip\u00ebris\u00eb.<\/p>\n<p>Apeloj edhe nj\u00ebher\u00eb institucionet p\u00ebrgjegj\u00ebse t\u00eb drejt\u00ebsis\u00eb t\u00eb vendosin p\u00ebrpara p\u00ebrgjegj\u00ebsis\u00eb ligjore urdh\u00ebruesit dhe ekzekutor\u00ebt e k\u00ebtij krimi t\u00eb shum\u00ebfisht\u00eb shtet\u00ebror, t\u00eb denj\u00eb vet\u00ebm p\u00ebr regjimet autoritare.<\/p>\n<p>Liria e medias \u00ebsht\u00eb jetike p\u00ebr t\u00eb ardhmen europiane t\u00eb Shqip\u00ebris\u00eb. P\u00ebrmes asgjesimit t\u00eb saj dhe liris\u00eb s\u00eb qytetar\u00ebve p\u00ebr t\u00eb zgjedhur, Edi Rama praktikisht ka varrosur demokracin\u00eb n\u00eb vend.<\/p>\n<p><img decoding=\"async\" src=\"https:\/\/www.syri.net\/uploads\/syri.net\/images\/2025\/August\/15\/auto_Screenshot_31755268449.jpg\" alt=\"Image\" \/><\/p>\n<\/div>\n<div id=\"rekl-45\"><\/div>\n<div id=\"rekl-16\"><\/div>\n<div id=\"rekl-33\"><\/div>\n","protected":false},"excerpt":{"rendered":"<p>Deputeti i PD, Gazment Bardhi, reagoi p\u00ebrmes nj\u00eb statusi n\u00eb Facebook, duke e cil\u00ebsuar shqet\u00ebsimin e P\u00ebrfaq\u00ebsuesit t\u00eb Lart\u00eb p\u00ebr Lirin\u00eb e Medias n\u00eb OSBE si nj\u00eb \u201ck\u00ebmban\u00eb alarmi\u201d p\u00ebr autoritetet shqiptare. Ai e quajti nd\u00ebrprerjen e transmetimit t\u00eb News24 dhe bllokimin e gazetar\u00ebve p\u00ebr t\u00eb hyr\u00eb n\u00eb ambientet e tyre t\u00eb pun\u00ebs, edhe pas &hellip;<\/p>\n","protected":false},"author":4,"featured_media":120988,"comment_status":"closed","ping_status":"closed","sticky":false,"template":"","format":"standard","meta":{"footnotes":""},"categories":[37],"tags":[],"class_list":["post-121045","post","type-post","status-publish","format-standard","has-post-thumbnail","","category-politike"],"_links":{"self":[{"href":"https:\/\/rdnews.al\/index.php\/wp-json\/wp\/v2\/posts\/121045","targetHints":{"allow":["GET"]}}],"collection":[{"href":"https:\/\/rdnews.al\/index.php\/wp-json\/wp\/v2\/posts"}],"about":[{"href":"https:\/\/rdnews.al\/index.php\/wp-json\/wp\/v2\/types\/post"}],"author":[{"embeddable":true,"href":"https:\/\/rdnews.al\/index.php\/wp-json\/wp\/v2\/users\/4"}],"replies":[{"embeddable":true,"href":"https:\/\/rdnews.al\/index.php\/wp-json\/wp\/v2\/comments?post=121045"}],"version-history":[{"count":2,"href":"https:\/\/rdnews.al\/index.php\/wp-json\/wp\/v2\/posts\/121045\/revisions"}],"predecessor-version":[{"id":121047,"href":"https:\/\/rdnews.al\/index.php\/wp-json\/wp\/v2\/posts\/121045\/revisions\/121047"}],"wp:featuredmedia":[{"embeddable":true,"href":"https:\/\/rdnews.al\/index.php\/wp-json\/wp\/v2\/media\/120988"}],"wp:attachment":[{"href":"https:\/\/rdnews.al\/index.php\/wp-json\/wp\/v2\/media?parent=121045"}],"wp:term":[{"taxonomy":"category","embeddable":true,"href":"https:\/\/rdnews.al\/index.php\/wp-json\/wp\/v2\/categories?post=121045"},{"taxonomy":"post_tag","embeddable":true,"href":"https:\/\/rdnews.al\/index.php\/wp-json\/wp\/v2\/tags?post=121045"}],"curies":[{"name":"wp","href":"https:\/\/api.w.org\/{rel}","templated":true}]}}