{"id":121156,"date":"2025-08-18T11:26:24","date_gmt":"2025-08-18T11:26:24","guid":{"rendered":"https:\/\/rdnews.al\/?p=121156"},"modified":"2025-08-18T11:26:24","modified_gmt":"2025-08-18T11:26:24","slug":"berisha-kjo-qeveri-vetem-vjedh-dhe-nuk-zhdemton-thethi-nje-krim-shteteror-ne-do-bejme-gjithcka-qe-te-ndeshkohen-autoret","status":"publish","type":"post","link":"https:\/\/rdnews.al\/index.php\/2025\/08\/18\/berisha-kjo-qeveri-vetem-vjedh-dhe-nuk-zhdemton-thethi-nje-krim-shteteror-ne-do-bejme-gjithcka-qe-te-ndeshkohen-autoret\/","title":{"rendered":"Berisha: Kjo qeveri vet\u00ebm vjedh dhe nuk zhd\u00ebmton! Thethi nj\u00eb krim shtet\u00ebror, ne do b\u00ebjm\u00eb gjith\u00e7ka q\u00eb t\u00eb nd\u00ebshkohen autor\u00ebt"},"content":{"rendered":"<p>Lideri i opozit\u00ebs, Sali Berisha, gjat\u00eb nj\u00eb konference p\u00ebr gazetar\u00ebt deklaroi se qeveria aktuale \u201cvet\u00ebm vjedh dhe nuk zhd\u00ebmton\u201d. Ai theksoi se do t\u00eb hetohet \u00e7do krim shtet\u00ebror dhe se autor\u00ebt do t\u00eb nd\u00ebshkohen.<\/p>\n<p>Berisha akuzoi qeverin\u00eb se pasurohet mbi fatkeq\u00ebsit\u00eb, duke p\u00ebrmendur t\u00eb d\u00ebmtuarit nga t\u00ebrmeti n\u00eb Durr\u00ebs, La\u00e7, Kurbin, Lezh\u00eb, Tiran\u00eb dhe zonat e tjera.<\/p>\n<p>\u201cQ\u00eb kjo qeveri vjedh dhe nuk zhd\u00ebmton, shko e pyet t\u00eb d\u00ebmtuarit nga t\u00ebrmeti n\u00eb Durr\u00ebs, n\u00eb La\u00e7, n\u00eb Kurbin, Lezh\u00eb, Tiran\u00eb dhe kudo. K\u00ebta jan\u00eb t\u00eb pam\u00ebshir\u00eb. Pasurohen dhe mbi fatkeq\u00ebsin\u00eb.<\/p>\n<p>Por, un\u00eb i garantoj t\u00eb gjith\u00eb banor\u00ebt e zonave t\u00eb djegura, garantoj gjithashtu banor\u00ebt e Thethit t\u00eb cil\u00ebt u p\u00ebrball\u00ebn dhe ata me nj\u00eb krim shtet\u00ebror.<\/p>\n<p>Edhe ajo q\u00eb ndodhi n\u00eb Theth \u00ebsht\u00eb nj\u00eb krim i mir\u00ebfillt\u00eb shtet\u00ebror. Nd\u00ebrtimet kan\u00eb qen\u00eb n\u00eb zon\u00ebn e lejuar p\u00ebr nd\u00ebrtime. Nd\u00ebrtimet kan\u00eb qen\u00eb n\u00eb tokat e tyre.<\/p>\n<p>Edhe ai \u00ebsht\u00eb nj\u00eb krim shtet\u00ebror dhe do t\u00eb b\u00ebjm\u00eb gjith\u00e7ka q\u00eb ndaj krimit shtet\u00ebror, t\u00eb nd\u00ebshkohen autor\u00ebt dhe t\u00eb d\u00ebmshp\u00ebrblehen viktimat e krimit shtet\u00ebror\u201d, tha Berisha.<\/p>\n","protected":false},"excerpt":{"rendered":"<p>Lideri i opozit\u00ebs, Sali Berisha, gjat\u00eb nj\u00eb konference p\u00ebr gazetar\u00ebt deklaroi se qeveria aktuale \u201cvet\u00ebm vjedh dhe nuk zhd\u00ebmton\u201d. Ai theksoi se do t\u00eb hetohet \u00e7do krim shtet\u00ebror dhe se autor\u00ebt do t\u00eb nd\u00ebshkohen. Berisha akuzoi qeverin\u00eb se pasurohet mbi fatkeq\u00ebsit\u00eb, duke p\u00ebrmendur t\u00eb d\u00ebmtuarit nga t\u00ebrmeti n\u00eb Durr\u00ebs, La\u00e7, Kurbin, Lezh\u00eb, Tiran\u00eb dhe zonat &hellip;<\/p>\n","protected":false},"author":4,"featured_media":121157,"comment_status":"closed","ping_status":"closed","sticky":false,"template":"","format":"standard","meta":{"footnotes":""},"categories":[37],"tags":[],"class_list":["post-121156","post","type-post","status-publish","format-standard","has-post-thumbnail","","category-politike"],"_links":{"self":[{"href":"https:\/\/rdnews.al\/index.php\/wp-json\/wp\/v2\/posts\/121156","targetHints":{"allow":["GET"]}}],"collection":[{"href":"https:\/\/rdnews.al\/index.php\/wp-json\/wp\/v2\/posts"}],"about":[{"href":"https:\/\/rdnews.al\/index.php\/wp-json\/wp\/v2\/types\/post"}],"author":[{"embeddable":true,"href":"https:\/\/rdnews.al\/index.php\/wp-json\/wp\/v2\/users\/4"}],"replies":[{"embeddable":true,"href":"https:\/\/rdnews.al\/index.php\/wp-json\/wp\/v2\/comments?post=121156"}],"version-history":[{"count":1,"href":"https:\/\/rdnews.al\/index.php\/wp-json\/wp\/v2\/posts\/121156\/revisions"}],"predecessor-version":[{"id":121158,"href":"https:\/\/rdnews.al\/index.php\/wp-json\/wp\/v2\/posts\/121156\/revisions\/121158"}],"wp:featuredmedia":[{"embeddable":true,"href":"https:\/\/rdnews.al\/index.php\/wp-json\/wp\/v2\/media\/121157"}],"wp:attachment":[{"href":"https:\/\/rdnews.al\/index.php\/wp-json\/wp\/v2\/media?parent=121156"}],"wp:term":[{"taxonomy":"category","embeddable":true,"href":"https:\/\/rdnews.al\/index.php\/wp-json\/wp\/v2\/categories?post=121156"},{"taxonomy":"post_tag","embeddable":true,"href":"https:\/\/rdnews.al\/index.php\/wp-json\/wp\/v2\/tags?post=121156"}],"curies":[{"name":"wp","href":"https:\/\/api.w.org\/{rel}","templated":true}]}}